{"id":127252,"date":"2025-01-30T10:24:30","date_gmt":"2025-01-30T07:24:30","guid":{"rendered":"https:\/\/www.tgrthaber.com\/mavikadin\/?p=127252"},"modified":"2025-01-30T10:25:03","modified_gmt":"2025-01-30T07:25:03","slug":"saadet-isil-aksoy-amerika-aciklamasiyla-gundem-oldu-donup-dolasacagimiz-yer-burasi","status":"publish","type":"post","link":"https:\/\/www.tgrthaber.com\/mavikadin\/saadet-isil-aksoy-amerika-aciklamasiyla-gundem-oldu-donup-dolasacagimiz-yer-burasi\/","title":{"rendered":"Saadet I\u015f\u0131l Aksoy Amerika a\u00e7\u0131klamas\u0131yla g\u00fcndem oldu! \u2018D\u00f6n\u00fcp dola\u015faca\u011f\u0131m\u0131z yer buras\u0131\u2019"},"content":{"rendered":"<p>Bir s\u00fcre Amerika\u2019da ya\u015fayan Saadet I\u015f\u0131l Aksoy a\u00e7\u0131klamalar\u0131yla g\u00fcndem oldu. Parkta gazetecilerle kar\u015f\u0131la\u015fan \u00fcnl\u00fc oyuncu samimi a\u00e7\u0131klamalarda bulundu.<\/p>\n<h3>SAADET I\u015eIL AKSOY AMER\u0130KA A\u00c7IKLAMASIYLA G\u00dcNDEM OLDU!<\/h3>\n<p>Oyuncu Saadet I\u015f\u0131l Aksoy bir s\u00fcre Amerika\u2019da ya\u015fad\u0131 ancak T\u00fcrkiye\u2019ye geri d\u00f6nd\u00fc. Gazetecilerle bir araya gelen Aksoy, &#8220;\u00c7ocu\u011fum T\u00fcrkiye&#8217;de b\u00fcy\u00fcs\u00fcn istiyorum&#8221; \u015feklinde konu\u015ftu.<\/p>\n<p><img loading=\"lazy\" decoding=\"async\" class=\"alignnone wp-image-127257\" src=\"https:\/\/www.tgrthaber.com\/mavikadin\/wp-content\/uploads\/Saadet-Isil-Aksoy_restored.jpeg\" alt=\"\" width=\"1208\" height=\"680\" title=\"\" srcset=\"https:\/\/www.tgrthaber.com\/mavikadin\/wp-content\/uploads\/Saadet-Isil-Aksoy_restored.jpeg 1280w, https:\/\/www.tgrthaber.com\/mavikadin\/wp-content\/uploads\/Saadet-Isil-Aksoy_restored-300x169.jpeg 300w, https:\/\/www.tgrthaber.com\/mavikadin\/wp-content\/uploads\/Saadet-Isil-Aksoy_restored-1024x576.jpeg 1024w, https:\/\/www.tgrthaber.com\/mavikadin\/wp-content\/uploads\/Saadet-Isil-Aksoy_restored-768x432.jpeg 768w\" sizes=\"(max-width: 1208px) 100vw, 1208px\" \/><\/p>\n<hr \/>\n<h3>\u201cKEND\u0130 \u00dcLKEM OLDU\u011eU GER\u00c7E\u011e\u0130\u201d<\/h3>\n<p>Amerika\u2019da bir s\u00fcre vakit ge\u00e7iren Aksoy, T\u00fcrkiye\u2019ye d\u00f6n\u00fc\u015f nedenini \u015fu \u015fekilde a\u00e7\u0131klad\u0131:<\/p>\n<p>&#8220;\u0130\u015fimle ilgili biraz Amerika&#8217;da vakit ge\u00e7irdim ama \u015fu an d\u00f6nmeyi d\u00fc\u015f\u00fcnm\u00fcyorum. Buraya gelmemin nedeni zaten kendi \u00fclkem oldu\u011fu ger\u00e7e\u011fi ve buradan kopamad\u0131\u011f\u0131m i\u00e7in. \u00c7ocu\u011fum var ve burada b\u00fcy\u00fcmesini istiyorum. Hayat\u0131m\u0131n geri kalan\u0131n\u0131 tabii ki, k\u00fclt\u00fcr\u00fcn\u00fc sevdi\u011fim, ailemin yan\u0131nda, vatan\u0131mda ge\u00e7irmek istiyorum.\u201d<\/p>\n<p><img loading=\"lazy\" decoding=\"async\" class=\"alignnone wp-image-127258\" src=\"https:\/\/www.tgrthaber.com\/mavikadin\/wp-content\/uploads\/Saadet-Isil-Aksoy-3_restored.jpeg\" alt=\"\" width=\"1208\" height=\"680\" title=\"\" srcset=\"https:\/\/www.tgrthaber.com\/mavikadin\/wp-content\/uploads\/Saadet-Isil-Aksoy-3_restored.jpeg 1280w, https:\/\/www.tgrthaber.com\/mavikadin\/wp-content\/uploads\/Saadet-Isil-Aksoy-3_restored-300x169.jpeg 300w, https:\/\/www.tgrthaber.com\/mavikadin\/wp-content\/uploads\/Saadet-Isil-Aksoy-3_restored-1024x576.jpeg 1024w, https:\/\/www.tgrthaber.com\/mavikadin\/wp-content\/uploads\/Saadet-Isil-Aksoy-3_restored-768x432.jpeg 768w\" sizes=\"(max-width: 1208px) 100vw, 1208px\" \/><\/p>\n<hr \/>\n<h3>\u201c\u0130\u015eLERLE \u0130LG\u0130L\u0130 G\u0130R\u0130\u015e\u0130MLER\u0130M OLMU\u015eTU\u201d<\/h3>\n<p>\u00dcnl\u00fc oyuncu Amerika\u2019da i\u015f giri\u015fimleri oldu\u011funu ifade ederek; \u201cBiraz yurtd\u0131\u015f\u0131nda i\u015f yapan oyuncu oldu\u011fum i\u00e7in ba\u011flant\u0131m devam ediyor. \u0130\u015fin ger\u00e7e\u011fi orada i\u015f yapsam da, buras\u0131 bizim evimiz, d\u00f6n\u00fcp dola\u015faca\u011f\u0131m\u0131z yer buras\u0131&#8221; \u015feklinde konu\u015ftu.<\/p>\n<p><img loading=\"lazy\" decoding=\"async\" class=\"alignnone wp-image-127263\" src=\"https:\/\/www.tgrthaber.com\/mavikadin\/wp-content\/uploads\/Saadet-Isil-Aksoy-7.jpg\" alt=\"\" width=\"1208\" height=\"680\" title=\"\" srcset=\"https:\/\/www.tgrthaber.com\/mavikadin\/wp-content\/uploads\/Saadet-Isil-Aksoy-7.jpg 1600w, https:\/\/www.tgrthaber.com\/mavikadin\/wp-content\/uploads\/Saadet-Isil-Aksoy-7-300x169.jpg 300w, https:\/\/www.tgrthaber.com\/mavikadin\/wp-content\/uploads\/Saadet-Isil-Aksoy-7-1024x576.jpg 1024w, https:\/\/www.tgrthaber.com\/mavikadin\/wp-content\/uploads\/Saadet-Isil-Aksoy-7-768x432.jpg 768w, https:\/\/www.tgrthaber.com\/mavikadin\/wp-content\/uploads\/Saadet-Isil-Aksoy-7-1536x864.jpg 1536w\" sizes=\"(max-width: 1208px) 100vw, 1208px\" \/><\/p>\n<hr \/>\n<p>Anneli\u011fiyle ilgili de konu\u015fan Aksoy, ya\u015fad\u0131\u011f\u0131 s\u00fcre\u00e7ten keyif ald\u0131\u011f\u0131n\u0131 s\u00f6yleyerek, &#8220;\u00c7ocu\u011fumla vakit ge\u00e7irmeyi seviyorum, yorucu gibi hissetmiyorum. G\u00fcn\u00fcm\u00fczde anneler her \u015feyi tek ba\u015f\u0131na yapmaya \u00e7al\u0131\u015f\u0131yor ama biz b\u00fcy\u00fck ailelerin i\u00e7inde b\u00fcy\u00fcd\u00fck. Ben de \u00e7ocu\u011fuma bunu sa\u011flamaya \u00e7al\u0131\u015f\u0131yorum; anneanne, teyze, day\u0131 derken b\u00fcy\u00fck bir ailede g\u00fcven i\u00e7inde b\u00fcy\u00fcs\u00fcn istiyorum.\u201d dedi.<\/p>\n<p>Aksoy ayr\u0131ca \u015fuanda ba\u015fka \u00e7ocuk d\u00fc\u015f\u00fcnmedi\u011fini, \u00e7ocu\u011funa en iyi \u015fekilde odaklanmay\u0131 tercih etti\u011fini ifade etti.<\/p>\n","protected":false},"excerpt":{"rendered":"<p>Oyuncu Saadet I\u015f\u0131l Aksoy Amerika g\u00fcndem oldu. Parkta gazetecilerin sorular\u0131n\u0131 cevaplayan \u00fcnl\u00fc isim \u201c\u00c7ocu\u011fum T\u00fcrkiye&#8217;de b\u00fcy\u00fcs\u00fcn istiyorum&#8221; dedi.<\/p>\n","protected":false},"author":5,"featured_media":127256,"comment_status":"closed","ping_status":"closed","sticky":false,"template":"","format":"standard","meta":{"rank_math_lock_modified_date":false,"footnotes":""},"categories":[76],"tags":[9396],"class_list":["post-127252","post","type-post","status-publish","format-standard","has-post-thumbnail","hentry","category-magazin","tag-saadet-isil-aksoy"],"_links":{"self":[{"href":"https:\/\/www.tgrthaber.com\/mavikadin\/wp-json\/wp\/v2\/posts\/127252"}],"collection":[{"href":"https:\/\/www.tgrthaber.com\/mavikadin\/wp-json\/wp\/v2\/posts"}],"about":[{"href":"https:\/\/www.tgrthaber.com\/mavikadin\/wp-json\/wp\/v2\/types\/post"}],"author":[{"embeddable":true,"href":"https:\/\/www.tgrthaber.com\/mavikadin\/wp-json\/wp\/v2\/users\/5"}],"replies":[{"embeddable":true,"href":"https:\/\/www.tgrthaber.com\/mavikadin\/wp-json\/wp\/v2\/comments?post=127252"}],"version-history":[{"count":2,"href":"https:\/\/www.tgrthaber.com\/mavikadin\/wp-json\/wp\/v2\/posts\/127252\/revisions"}],"predecessor-version":[{"id":127267,"href":"https:\/\/www.tgrthaber.com\/mavikadin\/wp-json\/wp\/v2\/posts\/127252\/revisions\/127267"}],"wp:featuredmedia":[{"embeddable":true,"href":"https:\/\/www.tgrthaber.com\/mavikadin\/wp-json\/wp\/v2\/media\/127256"}],"wp:attachment":[{"href":"https:\/\/www.tgrthaber.com\/mavikadin\/wp-json\/wp\/v2\/media?parent=127252"}],"wp:term":[{"taxonomy":"category","embeddable":true,"href":"https:\/\/www.tgrthaber.com\/mavikadin\/wp-json\/wp\/v2\/categories?post=127252"},{"taxonomy":"post_tag","embeddable":true,"href":"https:\/\/www.tgrthaber.com\/mavikadin\/wp-json\/wp\/v2\/tags?post=127252"}],"curies":[{"name":"wp","href":"https:\/\/api.w.org\/{rel}","templated":true}]}}