{"id":127305,"date":"2025-01-30T12:18:16","date_gmt":"2025-01-30T09:18:16","guid":{"rendered":"https:\/\/www.tgrthaber.com\/mavikadin\/?p=127305"},"modified":"2025-01-30T12:19:23","modified_gmt":"2025-01-30T09:19:23","slug":"unlu-futbolcu-yusuf-yazici-kimdir-yusuf-yazici-kac-yasinda-kiminle-evli-kac-cocugu-var","status":"publish","type":"post","link":"https:\/\/www.tgrthaber.com\/mavikadin\/unlu-futbolcu-yusuf-yazici-kimdir-yusuf-yazici-kac-yasinda-kiminle-evli-kac-cocugu-var\/","title":{"rendered":"\u00dcnl\u00fc futbolcu Yusuf Yaz\u0131c\u0131 kimdir? Yusuf Yaz\u0131c\u0131 ka\u00e7 ya\u015f\u0131nda, kiminle evli, ka\u00e7 \u00e7ocu\u011fu var?"},"content":{"rendered":"<p>\u015eimdilerde Olympiacos\u2019ta top ko\u015fturan ba\u015far\u0131l\u0131 futbolcu Yusuf Yaz\u0131c\u0131\u2019n\u0131n kim oldu\u011fu merak ediliyor. Peki, Yusuf Yaz\u0131c\u0131 kimdir? Yusuf Yaz\u0131c\u0131 ka\u00e7 ya\u015f\u0131nda, kiminle evli? Yusuf Yaz\u0131c\u0131 hakk\u0131nda merak edilenleri sizin i\u00e7in ara\u015ft\u0131rd\u0131k. \u0130\u015fte Yusuf Yaz\u0131c\u0131 hakk\u0131nda bilinmeyenler\u2026<\/p>\n<h3>YUSUF YAZICI K\u0130MD\u0130R?<\/h3>\n<p>Yusuf Yaz\u0131c\u0131, 29 Ocak 1997 tarihinde Trabzon\u2019da d\u00fcnyaya geldi. \u0130lkokul ve ortaokul e\u011fitimini ba\u015far\u0131yla tamamlayan Yaz\u0131c\u0131, lise e\u011fitimini Trabzon Erdo\u011fdu Anadolu Lisesi&#8217;nde tamamlayarak mezun oldu. K\u00fc\u00e7\u00fck ya\u015flardan itibaren futbola merakl\u0131 olan Yaz\u0131c\u0131, D\u00fcnya Liseleraras\u0131 Futbol \u015eampiyonu olan futbol tak\u0131m\u0131nda yer ald\u0131. Trabzonspor akademisinden mezun olan Yaz\u0131c\u0131, akademide kendini geli\u015ftirdi ve 2015 y\u0131l\u0131nda kul\u00fcple ilk profesyonel s\u00f6zle\u015fmesini imzalad\u0131.<\/p>\n<p><img loading=\"lazy\" decoding=\"async\" class=\"alignnone wp-image-127315\" src=\"https:\/\/www.tgrthaber.com\/mavikadin\/wp-content\/uploads\/Yusuf-Yazici-2-1024x576.jpg\" alt=\"\u00dcnl\u00fc futbolcu Yusuf Yaz\u0131c\u0131 kimdir? \" width=\"1208\" height=\"680\" title=\"\" srcset=\"https:\/\/www.tgrthaber.com\/mavikadin\/wp-content\/uploads\/Yusuf-Yazici-2-1024x576.jpg 1024w, https:\/\/www.tgrthaber.com\/mavikadin\/wp-content\/uploads\/Yusuf-Yazici-2-300x169.jpg 300w, https:\/\/www.tgrthaber.com\/mavikadin\/wp-content\/uploads\/Yusuf-Yazici-2-768x432.jpg 768w, https:\/\/www.tgrthaber.com\/mavikadin\/wp-content\/uploads\/Yusuf-Yazici-2-1536x864.jpg 1536w, https:\/\/www.tgrthaber.com\/mavikadin\/wp-content\/uploads\/Yusuf-Yazici-2.jpg 1600w\" sizes=\"(max-width: 1208px) 100vw, 1208px\" \/><\/p>\n<hr \/>\n<p>Yusuf Yaz\u0131c\u0131, 2015 y\u0131l\u0131nda 18 ya\u015f\u0131ndayken ilk kez A tak\u0131mda forma giydi ve kul\u00fcpte 80\u2019in \u00fczerinde lig ma\u00e7\u0131na \u00e7\u0131kt\u0131. Kariyerindeki ilk \u00f6nemli performans\u0131 T\u00fcrkiye Kupas\u0131 ma\u00e7\u0131nda ilk 11\u2019e girerek ger\u00e7ekle\u015ftirdi. Yaz\u0131c\u0131, S\u00fcper Lig\u2019deki ilk ma\u00e7\u0131n\u0131 ise 2016 y\u0131l\u0131n\u0131n \u015fubat ay\u0131nda Akhisar Belediyespor\u2019a kar\u015f\u0131 oynad\u0131. \u0130lk gol\u00fcn\u00fc may\u0131s ay\u0131nda Rizespor\u2019a kar\u015f\u0131 atan Yaz\u0131c\u0131, bu ma\u00e7ta g\u00fczel bir performans sergileyerek tak\u0131m\u0131na 2 gol kazand\u0131rd\u0131. Yaz\u0131c\u0131, 19 ya\u015f\u0131nda 2015-2016 S\u00fcper Lig sezonunda gol atan en gen\u00e7 futbolcu oldu.<\/p>\n<p><img loading=\"lazy\" decoding=\"async\" class=\"alignnone wp-image-127316\" src=\"https:\/\/www.tgrthaber.com\/mavikadin\/wp-content\/uploads\/Yusuf-Yazici-4-1024x576.jpg\" alt=\"\u00dcnl\u00fc futbolcu Yusuf Yaz\u0131c\u0131 kimdir? \" width=\"1208\" height=\"680\" title=\"\" srcset=\"https:\/\/www.tgrthaber.com\/mavikadin\/wp-content\/uploads\/Yusuf-Yazici-4-1024x576.jpg 1024w, https:\/\/www.tgrthaber.com\/mavikadin\/wp-content\/uploads\/Yusuf-Yazici-4-300x169.jpg 300w, https:\/\/www.tgrthaber.com\/mavikadin\/wp-content\/uploads\/Yusuf-Yazici-4-768x432.jpg 768w, https:\/\/www.tgrthaber.com\/mavikadin\/wp-content\/uploads\/Yusuf-Yazici-4-1536x864.jpg 1536w, https:\/\/www.tgrthaber.com\/mavikadin\/wp-content\/uploads\/Yusuf-Yazici-4.jpg 1600w\" sizes=\"(max-width: 1208px) 100vw, 1208px\" \/><\/p>\n<hr \/>\n<h3>YUSUF YAZICI KAR\u0130YER\u0130NDE NASIL \u0130LERLED\u0130?<\/h3>\n<p>Yusuf Yaz\u0131c\u0131 Trabzonspor\u2019da ba\u015flad\u0131\u011f\u0131 futbol kariyerine Lille\u2019de devam etti. Trabzonspor\u2019da olduk\u00e7a ba\u015far\u0131l\u0131 bir performansa imza atan Yaz\u0131c\u0131, futbol d\u00fcnyas\u0131nda ad\u0131n\u0131 duyurdu. UEFA taraf\u0131ndan 2018&#8217;de takip edilmesi gereken 50 gen\u00e7 oyuncudan biri olarak se\u00e7ilen Yaz\u0131c\u0131, sezonu 33 lig ma\u00e7\u0131nda 10 gol at\u0131p 5 gol pas\u0131 kaydederek tamamlad\u0131. Ba\u015far\u0131l\u0131 performans\u0131yla dikkatleri \u00fczerine \u00e7eken Yaz\u0131c\u0131, 2019 y\u0131l\u0131nda &#8220;Trabzonspor&#8217;u yurt d\u0131\u015f\u0131nda ba\u015far\u0131yla temsil etmek&#8221; amac\u0131yla Trabzonspor&#8217;dan ayr\u0131lma karar\u0131 ald\u0131\u011f\u0131n\u0131 duyurdu.\u00a0Yaz\u0131c\u0131, 2019&#8217;da 1 milyon Avro performans kriteri dahil 17,5 milyon Avro kar\u015f\u0131l\u0131\u011f\u0131nda Lille\u2019i transfer oldu. Yazc\u0131\u2019n\u0131n Lille\u2019e transfer olmas\u0131 Trabzonspor tarihinin en y\u00fcksek transfer geliri oldu.<\/p>\n<p><img loading=\"lazy\" decoding=\"async\" class=\"alignnone wp-image-127317\" src=\"https:\/\/www.tgrthaber.com\/mavikadin\/wp-content\/uploads\/Yusuf-Yazici-6-1024x576.jpg\" alt=\"\u00dcnl\u00fc futbolcu Yusuf Yaz\u0131c\u0131 kimdir? \" width=\"1208\" height=\"680\" title=\"\" srcset=\"https:\/\/www.tgrthaber.com\/mavikadin\/wp-content\/uploads\/Yusuf-Yazici-6-1024x576.jpg 1024w, https:\/\/www.tgrthaber.com\/mavikadin\/wp-content\/uploads\/Yusuf-Yazici-6-300x169.jpg 300w, https:\/\/www.tgrthaber.com\/mavikadin\/wp-content\/uploads\/Yusuf-Yazici-6-768x432.jpg 768w, https:\/\/www.tgrthaber.com\/mavikadin\/wp-content\/uploads\/Yusuf-Yazici-6-1536x864.jpg 1536w, https:\/\/www.tgrthaber.com\/mavikadin\/wp-content\/uploads\/Yusuf-Yazici-6.jpg 1600w\" sizes=\"(max-width: 1208px) 100vw, 1208px\" \/><\/p>\n<hr \/>\n<p>Yusuf Yaz\u0131c\u0131, 6 A\u011fustos 2019 tarihinde Lille OSC ile 5 y\u0131ll\u0131k bir anla\u015fma imzalad\u0131. Lille\u2019de ba\u015far\u0131l\u0131 performans\u0131yla g\u00fczel gollere imza atan Yaz\u0131c\u0131\u2019y\u0131, CSKA Moskova 19 Ocak 2022&#8217;de Lille&#8217;den sezon sonuna kadar kiralad\u0131\u011f\u0131n\u0131 ve yaz\u0131n oyuncuyu sat\u0131n alma opsiyonunun bulundu\u011funu duyurdu. Yaz\u0131c\u0131, 26 \u015eubat 2022\u2019de CSKA formas\u0131yla \u00e7\u0131kt\u0131\u011f\u0131 ilk Rusya Premier Ligi ma\u00e7\u0131nda, FC Spartak Moskova\u2019ya kar\u015f\u0131 ilk gol\u00fcn\u00fc att\u0131.<\/p>\n<p><img loading=\"lazy\" decoding=\"async\" class=\"alignnone wp-image-127318\" src=\"https:\/\/www.tgrthaber.com\/mavikadin\/wp-content\/uploads\/Yusuf-Yazici-7-1024x576.jpg\" alt=\"\u00dcnl\u00fc futbolcu Yusuf Yaz\u0131c\u0131 kimdir? \" width=\"1208\" height=\"680\" title=\"\" srcset=\"https:\/\/www.tgrthaber.com\/mavikadin\/wp-content\/uploads\/Yusuf-Yazici-7-1024x576.jpg 1024w, https:\/\/www.tgrthaber.com\/mavikadin\/wp-content\/uploads\/Yusuf-Yazici-7-300x169.jpg 300w, https:\/\/www.tgrthaber.com\/mavikadin\/wp-content\/uploads\/Yusuf-Yazici-7-768x432.jpg 768w, https:\/\/www.tgrthaber.com\/mavikadin\/wp-content\/uploads\/Yusuf-Yazici-7-1536x864.jpg 1536w, https:\/\/www.tgrthaber.com\/mavikadin\/wp-content\/uploads\/Yusuf-Yazici-7.jpg 1600w\" sizes=\"(max-width: 1208px) 100vw, 1208px\" \/><\/p>\n<hr \/>\n<p>Yaz\u0131c\u0131, RPL&#8217;deki ilk 4 ma\u00e7lar\u0131n\u0131n her birinde gol atan ilk yabanc\u0131 oyuncu oldu. 25 Mart 2022 tarihinde Rusya Premier Ligi\u2019nin ay\u0131n oyuncusu se\u00e7ilen Yaz\u0131c\u0131, CSKA\u2019da \u00fcst \u00fcste en \u00e7ok gol atan ma\u00e7 rekorunu k\u0131rd\u0131. CSKA\u2019da ba\u015far\u0131l\u0131 bir performans sergileyen Yaz\u0131c\u0131, kul\u00fcb\u00fcn kendisiyle kal\u0131c\u0131 transfer konusunda anla\u015fmaya varamad\u0131\u011f\u0131n\u0131 belirterek Lille\u2019e geri d\u00f6nd\u00fc.<\/p>\n<h3>YUSUF YAZICI KA\u00c7 YA\u015eINDA?<\/h3>\n<p>\u015eimdilerde 28 ya\u015f\u0131nda olan ba\u015far\u0131l\u0131 futbolcu Yusuf Yaz\u0131c\u0131, 28 Eyl\u00fcl 2024 tarihinde Yunan devi \u015fu anki Konferans Ligi \u015fampiyonu Olympiacos ile 3 y\u0131ll\u0131k bir s\u00f6zle\u015fme imzalad\u0131. Ba\u015far\u0131l\u0131 performans\u0131yla Olympiacos tak\u0131m\u0131nda top ko\u015fturan Yaz\u0131c\u0131, ilk ma\u00e7\u0131nda sol dizinden ciddi bir \u015fekilde yaraland\u0131. \u00d6n \u00e7apraz ba\u011f\u0131n\u0131n y\u0131rt\u0131lmas\u0131 nedeniyle Yaz\u0131c\u0131, sahalardan bir s\u00fcre uzak kald\u0131.<\/p>\n<p><img loading=\"lazy\" decoding=\"async\" class=\"alignnone wp-image-127319\" src=\"https:\/\/www.tgrthaber.com\/mavikadin\/wp-content\/uploads\/Yusuf-Yazici-1024x576.jpg\" alt=\"\u00dcnl\u00fc futbolcu Yusuf Yaz\u0131c\u0131 kimdir? \" width=\"1208\" height=\"680\" title=\"\" srcset=\"https:\/\/www.tgrthaber.com\/mavikadin\/wp-content\/uploads\/Yusuf-Yazici-1024x576.jpg 1024w, https:\/\/www.tgrthaber.com\/mavikadin\/wp-content\/uploads\/Yusuf-Yazici-300x169.jpg 300w, https:\/\/www.tgrthaber.com\/mavikadin\/wp-content\/uploads\/Yusuf-Yazici-768x432.jpg 768w, https:\/\/www.tgrthaber.com\/mavikadin\/wp-content\/uploads\/Yusuf-Yazici-1536x864.jpg 1536w, https:\/\/www.tgrthaber.com\/mavikadin\/wp-content\/uploads\/Yusuf-Yazici.jpg 1600w\" sizes=\"(max-width: 1208px) 100vw, 1208px\" \/><\/p>\n<hr \/>\n<p>Yusuf Yaz\u0131c\u0131, T\u00fcrkiye 19 Ya\u015f Alt\u0131 Milli Tak\u0131m\u0131 formas\u0131yla ilk ma\u00e7\u0131na 25 \u015eubat 2016 y\u0131l\u0131nda \u00e7\u0131kt\u0131. Yaz\u0131c\u0131 daha sonra T\u00fcrkiye A Milli Futbol Tak\u0131m\u0131 formas\u0131yla ilk ma\u00e7\u0131na 11 Haziran 2017 y\u0131l\u0131nda Kosova\u2019ya kar\u015f\u0131 oynanan 2018 FIFA D\u00fcnya Kupas\u0131 elemelerindeki galibiyetiyle \u00e7\u0131kt\u0131.<\/p>\n<h3>YUSUF YAZICI K\u0130M\u0130NLE EVL\u0130?<\/h3>\n<p>\u00dcnl\u00fc futbolcu Yusuf Yaz\u0131c\u0131, ge\u00e7ti\u011fimiz y\u0131l May\u0131s 2024 tarihinde \u00fcnl\u00fc oyuncu Melisa Asl\u0131 Pamuk ile Paris\u2019te sessiz sedas\u0131z d\u00fcnyaevine girdi. \u0130li\u015fkilerine uzun bir s\u00fcre devam eden \u00e7ift, beraberliklerini evlilikle ta\u00e7land\u0131rd\u0131. Melisa Asl\u0131 Pamuk, Yusuf Yaz\u0131c\u0131 ile d\u00fcnyaevine girdikten sonra soyad\u0131n\u0131 Yaz\u0131c\u0131 olarak de\u011fi\u015ftirdi.<\/p>\n<p><img loading=\"lazy\" decoding=\"async\" class=\"alignnone wp-image-127320\" src=\"https:\/\/www.tgrthaber.com\/mavikadin\/wp-content\/uploads\/Yazici-cifti-4-1024x576.jpg\" alt=\"\u00dcnl\u00fc futbolcu Yusuf Yaz\u0131c\u0131 kimdir? \" width=\"1208\" height=\"680\" title=\"\" srcset=\"https:\/\/www.tgrthaber.com\/mavikadin\/wp-content\/uploads\/Yazici-cifti-4-1024x576.jpg 1024w, https:\/\/www.tgrthaber.com\/mavikadin\/wp-content\/uploads\/Yazici-cifti-4-300x169.jpg 300w, https:\/\/www.tgrthaber.com\/mavikadin\/wp-content\/uploads\/Yazici-cifti-4-768x432.jpg 768w, https:\/\/www.tgrthaber.com\/mavikadin\/wp-content\/uploads\/Yazici-cifti-4-1536x864.jpg 1536w, https:\/\/www.tgrthaber.com\/mavikadin\/wp-content\/uploads\/Yazici-cifti-4.jpg 1600w\" sizes=\"(max-width: 1208px) 100vw, 1208px\" \/><\/p>\n<hr \/>\n<p>Evlilikleriyle uzun bir s\u00fcre magazin d\u00fcnyas\u0131n\u0131n g\u00fcndeminde yer alan Yusuf Yaz\u0131c\u0131 ve Melisa Asl\u0131 Pamuk \u00e7ifti, aylar sonra bebek beklediklerini duyurdu. Erkek \u00e7ocuklar\u0131 olaca\u011f\u0131n\u0131 duyuran \u00e7ift, ge\u00e7ti\u011fimiz ak\u015fam o\u011fullar\u0131n\u0131 kuca\u011f\u0131na ald\u0131. Evliliklerini bebekleriyle ta\u00e7land\u0131ran Yaz\u0131c\u0131 \u00e7iftinin beraberliklerinden o\u011fullar\u0131 d\u00fcnyaya geldi. Yaz\u0131c\u0131, \u015fimdilerde baba olman\u0131n b\u00fcy\u00fck heyecan\u0131n\u0131 ve sevincini ya\u015f\u0131yor.<\/p>\n","protected":false},"excerpt":{"rendered":"<p>Ba\u015far\u0131l\u0131 futbolcu Yusuf Yaz\u0131c\u0131\u2019n\u0131n kim oldu\u011fu merak ediliyor. Peki, Yusuf Yaz\u0131c\u0131 kimdir? Yusuf Yaz\u0131c\u0131 ka\u00e7 ya\u015f\u0131nda, kiminle evli? \u0130\u015fte detaylar\u2026 <\/p>\n","protected":false},"author":26,"featured_media":127314,"comment_status":"closed","ping_status":"closed","sticky":false,"template":"","format":"standard","meta":{"rank_math_lock_modified_date":false,"footnotes":""},"categories":[491],"tags":[5799,9342,9404],"class_list":["post-127305","post","type-post","status-publish","format-standard","has-post-thumbnail","hentry","category-biyografi","tag-melisa-asli-pamuk","tag-yusuf-yazici","tag-yusuf-yazici-kimdir"],"_links":{"self":[{"href":"https:\/\/www.tgrthaber.com\/mavikadin\/wp-json\/wp\/v2\/posts\/127305"}],"collection":[{"href":"https:\/\/www.tgrthaber.com\/mavikadin\/wp-json\/wp\/v2\/posts"}],"about":[{"href":"https:\/\/www.tgrthaber.com\/mavikadin\/wp-json\/wp\/v2\/types\/post"}],"author":[{"embeddable":true,"href":"https:\/\/www.tgrthaber.com\/mavikadin\/wp-json\/wp\/v2\/users\/26"}],"replies":[{"embeddable":true,"href":"https:\/\/www.tgrthaber.com\/mavikadin\/wp-json\/wp\/v2\/comments?post=127305"}],"version-history":[{"count":3,"href":"https:\/\/www.tgrthaber.com\/mavikadin\/wp-json\/wp\/v2\/posts\/127305\/revisions"}],"predecessor-version":[{"id":127323,"href":"https:\/\/www.tgrthaber.com\/mavikadin\/wp-json\/wp\/v2\/posts\/127305\/revisions\/127323"}],"wp:featuredmedia":[{"embeddable":true,"href":"https:\/\/www.tgrthaber.com\/mavikadin\/wp-json\/wp\/v2\/media\/127314"}],"wp:attachment":[{"href":"https:\/\/www.tgrthaber.com\/mavikadin\/wp-json\/wp\/v2\/media?parent=127305"}],"wp:term":[{"taxonomy":"category","embeddable":true,"href":"https:\/\/www.tgrthaber.com\/mavikadin\/wp-json\/wp\/v2\/categories?post=127305"},{"taxonomy":"post_tag","embeddable":true,"href":"https:\/\/www.tgrthaber.com\/mavikadin\/wp-json\/wp\/v2\/tags?post=127305"}],"curies":[{"name":"wp","href":"https:\/\/api.w.org\/{rel}","templated":true}]}}