{"id":127405,"date":"2025-01-30T15:54:02","date_gmt":"2025-01-30T12:54:02","guid":{"rendered":"https:\/\/www.tgrthaber.com\/mavikadin\/?p=127405"},"modified":"2025-01-30T15:54:02","modified_gmt":"2025-01-30T12:54:02","slug":"hudutsuz-sevda-dizisinin-esmasi-yasemin-yazici-kimdir-oyuncunun-yasi-ve-sevgilisi-merak-edildi","status":"publish","type":"post","link":"https:\/\/www.tgrthaber.com\/mavikadin\/hudutsuz-sevda-dizisinin-esmasi-yasemin-yazici-kimdir-oyuncunun-yasi-ve-sevgilisi-merak-edildi\/","title":{"rendered":"Hudutsuz Sevda dizisinin Esma\u2019s\u0131 Yasemin Yaz\u0131c\u0131 kimdir? Oyuncunun ya\u015f\u0131 ve sevgilisi merak edildi"},"content":{"rendered":"<p>NOW TV ekranlar\u0131n\u0131n b\u00fcy\u00fck ilgiyle takip edilen dizisi Hudutsuz Sevda, t\u00fcm h\u0131z\u0131yla yay\u0131nlanmaya devam ediyor. Hem konusu hem de g\u00fc\u00e7l\u00fc oyuncu kadrosuyla dikkat \u00e7eken dizide Esma karakterinin kim oldu\u011fu da merak ediliyor. Hudutsuz Sevda dizisinde Esma karakterini Yasemin Yaz\u0131c\u0131 oynuyor. Peki, Hudutsuz Sevda Esma\u2019s\u0131 Yasemin Yaz\u0131c\u0131 kimdir? Yasemin Yaz\u0131c\u0131 ka\u00e7 ya\u015f\u0131nda, nereli? Yasemin Yaz\u0131c\u0131\u2019n\u0131n sevgilisi kim? Yasemin Yaz\u0131c\u0131 hakk\u0131nda merak edilenleri sizin i\u00e7in ara\u015ft\u0131rd\u0131k. \u0130\u015fte Yasemin Yaz\u0131c\u0131 hakk\u0131nda bilinmeyenler\u2026<\/p>\n<hr \/>\n<h3>HUDUTSUZ SEVDA ESMA K\u0130MD\u0130R?<\/h3>\n<p>Per\u015fembe g\u00fcnlerinin sevilen dizisi Hudutsuz Sevda, b\u00fcy\u00fck bir ilgiyle takip edilmeye devam ediyor. Hem konusu hem de geni\u015f oyuncu kitlesiyle dikkatleri \u00fczerine \u00e7eken dizide oyuncular\u0131n \u00f6zel hayatlar\u0131 da merak ediliyor. Dizide Esma karakterini oynayan Yasemin Yaz\u0131c\u0131\u2019n\u0131n da kim oldu\u011fu merak edildi. Peki, Hudutsuz Sevda Esma kim?<\/p>\n<p><img loading=\"lazy\" decoding=\"async\" class=\"alignnone wp-image-127412\" src=\"https:\/\/www.tgrthaber.com\/mavikadin\/wp-content\/uploads\/Yasemin-Yazici-2-1024x576.jpg\" alt=\"Hudutsuz Sevda dizisinin Esma\u2019s\u0131 Yasemin Yaz\u0131c\u0131 kimdir? \" width=\"1208\" height=\"680\" title=\"\" srcset=\"https:\/\/www.tgrthaber.com\/mavikadin\/wp-content\/uploads\/Yasemin-Yazici-2-1024x576.jpg 1024w, https:\/\/www.tgrthaber.com\/mavikadin\/wp-content\/uploads\/Yasemin-Yazici-2-300x169.jpg 300w, https:\/\/www.tgrthaber.com\/mavikadin\/wp-content\/uploads\/Yasemin-Yazici-2-768x432.jpg 768w, https:\/\/www.tgrthaber.com\/mavikadin\/wp-content\/uploads\/Yasemin-Yazici-2-1536x864.jpg 1536w, https:\/\/www.tgrthaber.com\/mavikadin\/wp-content\/uploads\/Yasemin-Yazici-2.jpg 1600w\" sizes=\"(max-width: 1208px) 100vw, 1208px\" \/><\/p>\n<hr \/>\n<p>Hudutsuz Sevda\u2019n\u0131n Esma\u2019s\u0131 ba\u015flarda diziye konuk oyuncu olarak kat\u0131lm\u0131\u015f olsa da karakter sevilince dizide kalma s\u00fcresi de uzat\u0131lm\u0131\u015ft\u0131. \u015eimdilerde ise dizide \u00f6nemli karakterler aras\u0131nda yer alan Esma, g\u00fc\u00e7l\u00fc, kararl\u0131 ve s\u0131rlarla dolu bir kad\u0131n olarak dizide yer al\u0131yor. Ba\u015flarda konuk olarak ba\u015flad\u0131\u011f\u0131 dizide b\u00fcy\u00fck bir ilgi g\u00f6ren Esma karakterinin ilerleyen b\u00f6l\u00fcmlerde Halil \u0130brahim ile evlenece\u011fi d\u00fc\u015f\u00fcn\u00fcl\u00fcyor.<\/p>\n<h3>YASEM\u0130N YAZICI K\u0130MD\u0130R?<\/h3>\n<p>Yasemin Yaz\u0131c\u0131, 8 Eyl\u00fcl 1997 y\u0131l\u0131nda \u0130stanbul\u2019da d\u00fcnyaya geldi. \u0130lkokul, ortaokul ve lise e\u011fitimini ba\u015far\u0131yla tamamlayan Yaz\u0131c\u0131, y\u00fcksek\u00f6\u011frenimini 2018 y\u0131l\u0131nda Londra Ekonomi Okulu Sosyal Antropoloji b\u00f6l\u00fcm\u00fcnde tamamlayarak mezun oldu.<\/p>\n<p><img loading=\"lazy\" decoding=\"async\" class=\"alignnone wp-image-127413\" src=\"https:\/\/www.tgrthaber.com\/mavikadin\/wp-content\/uploads\/Yasemin-Yazici-1-1024x576.jpg\" alt=\"Hudutsuz Sevda dizisinin Esma\u2019s\u0131 Yasemin Yaz\u0131c\u0131 kimdir? \" width=\"1208\" height=\"680\" title=\"\" srcset=\"https:\/\/www.tgrthaber.com\/mavikadin\/wp-content\/uploads\/Yasemin-Yazici-1-1024x576.jpg 1024w, https:\/\/www.tgrthaber.com\/mavikadin\/wp-content\/uploads\/Yasemin-Yazici-1-300x169.jpg 300w, https:\/\/www.tgrthaber.com\/mavikadin\/wp-content\/uploads\/Yasemin-Yazici-1-768x432.jpg 768w, https:\/\/www.tgrthaber.com\/mavikadin\/wp-content\/uploads\/Yasemin-Yazici-1-1536x864.jpg 1536w, https:\/\/www.tgrthaber.com\/mavikadin\/wp-content\/uploads\/Yasemin-Yazici-1.jpg 1600w\" sizes=\"(max-width: 1208px) 100vw, 1208px\" \/><\/p>\n<hr \/>\n<p>Dans ve vokal e\u011fitimleri alan Yasemin Yaz\u0131c\u0131, Dialog ve Pera G\u00fczel Sanatlar okullar\u0131nda diksiyon ve oyunculuk e\u011fitimi de ald\u0131. Oyunculuk e\u011fitimine London Academy of Music and Dramatic Art&#8217;ta\u00a0devam eden ba\u015far\u0131l\u0131 oyuncu Yaz\u0131c\u0131, ald\u0131\u011f\u0131 e\u011fitimlerle ad\u0131ndan s\u00f6z ettirmeyi ba\u015far\u0131yor.<\/p>\n<h3>YASEM\u0130N YAZICI KA\u00c7 YA\u015eINDA?<\/h3>\n<p>Oyunculu\u011fa k\u00fc\u00e7\u00fck ya\u015flardan itibaren merakl\u0131 olan Yasemin Yaz\u0131c\u0131, \u015fimdilerde 28 ya\u015f\u0131ndad\u0131r. Tiyatro alan\u0131nda da ba\u015far\u0131l\u0131 projelere imza atan Yaz\u0131c\u0131, ilk oyunculuk deneyimini NOW TV ekranlar\u0131nda izleyici kar\u015f\u0131s\u0131na \u00e7\u0131kan \u201cSon Yaz\u201d dizisiyle ger\u00e7ekle\u015ftirdi. Son Yaz dizisinde \u201cNaz\u201d karakterini oynayan Yaz\u0131c\u0131, ilk oyunculuk deneyimi olmas\u0131na ra\u011fmen seyirciden tam puan ald\u0131. \u0130ngilizce ve Frans\u0131zca dillerini ak\u0131c\u0131 bir \u015fekilde konu\u015fan Yaz\u0131c\u0131, bu yetene\u011fiyle de ad\u0131ndan s\u0131k\u00e7a s\u00f6z ettiriyor.<\/p>\n<p><img loading=\"lazy\" decoding=\"async\" class=\"alignnone wp-image-127414\" src=\"https:\/\/www.tgrthaber.com\/mavikadin\/wp-content\/uploads\/Yasemi-Yazici-1024x576.jpg\" alt=\"Hudutsuz Sevda dizisinin Esma\u2019s\u0131 Yasemin Yaz\u0131c\u0131 kimdir? \" width=\"1208\" height=\"680\" title=\"\" srcset=\"https:\/\/www.tgrthaber.com\/mavikadin\/wp-content\/uploads\/Yasemi-Yazici-1024x576.jpg 1024w, https:\/\/www.tgrthaber.com\/mavikadin\/wp-content\/uploads\/Yasemi-Yazici-300x169.jpg 300w, https:\/\/www.tgrthaber.com\/mavikadin\/wp-content\/uploads\/Yasemi-Yazici-768x432.jpg 768w, https:\/\/www.tgrthaber.com\/mavikadin\/wp-content\/uploads\/Yasemi-Yazici-1536x864.jpg 1536w, https:\/\/www.tgrthaber.com\/mavikadin\/wp-content\/uploads\/Yasemi-Yazici.jpg 1600w\" sizes=\"(max-width: 1208px) 100vw, 1208px\" \/><\/p>\n<hr \/>\n<p>Kariyerine tiyatro oyunlar\u0131yla ba\u015flayan Yasemin Yaz\u0131c\u0131 bir\u00e7ok ba\u015far\u0131l\u0131 tiyatro oyununda yer ald\u0131. Son Yaz dizisindeki performans\u0131yla pop\u00fclerli\u011fini art\u0131ran Yaz\u0131c\u0131, TRT 1 ekranlar\u0131nda yay\u0131nlanan \u201cKara Tahta\u201d dizisiyle izleyici kar\u015f\u0131s\u0131na \u00e7\u0131kt\u0131. Kara Tahta dizisinde \u201cEsra\u201d karakterini oynayan Yaz\u0131c\u0131, dijital platformlarda da kendini g\u00f6sterdi. Yaz\u0131c\u0131 ilk sinema deneyimini ise 2024 y\u0131l\u0131nda \u201cSevmek Y\u00fcz\u00fcnden\u201d adl\u0131 filmde \u201cSanem\u201d ad\u0131ndaki yard\u0131mc\u0131 oyuncu karakteriyle ger\u00e7ekle\u015ftirdi.<\/p>\n<p><img loading=\"lazy\" decoding=\"async\" class=\"alignnone wp-image-127415\" src=\"https:\/\/www.tgrthaber.com\/mavikadin\/wp-content\/uploads\/Yasemin-Yazici-4-1024x576.jpg\" alt=\"Hudutsuz Sevda dizisinin Esma\u2019s\u0131 Yasemin Yaz\u0131c\u0131 kimdir? \" width=\"1208\" height=\"680\" title=\"\" srcset=\"https:\/\/www.tgrthaber.com\/mavikadin\/wp-content\/uploads\/Yasemin-Yazici-4-1024x576.jpg 1024w, https:\/\/www.tgrthaber.com\/mavikadin\/wp-content\/uploads\/Yasemin-Yazici-4-300x169.jpg 300w, https:\/\/www.tgrthaber.com\/mavikadin\/wp-content\/uploads\/Yasemin-Yazici-4-768x432.jpg 768w, https:\/\/www.tgrthaber.com\/mavikadin\/wp-content\/uploads\/Yasemin-Yazici-4-1536x864.jpg 1536w, https:\/\/www.tgrthaber.com\/mavikadin\/wp-content\/uploads\/Yasemin-Yazici-4.jpg 1600w\" sizes=\"(max-width: 1208px) 100vw, 1208px\" \/><\/p>\n<hr \/>\n<h3>YASEM\u0130N YAZICI K\u0130M\u0130NLE SEVG\u0130L\u0130?<\/h3>\n<p>Ba\u015far\u0131l\u0131 oyunculu\u011funun yan\u0131 s\u0131ra \u00f6zel hayat\u0131yla da g\u00fcndeme gelen Yasemin Yaz\u0131c\u0131\u2019n\u0131n kiminle sevgili oldu\u011fu da merak edilenler aras\u0131nda yer al\u0131yor. Yaz\u0131c\u0131, kendisi gibi oyuncu olan Onur Tuna ile a\u015fk ya\u015fad\u0131\u011f\u0131n\u0131 ilan etmi\u015fti.<\/p>\n<p><img loading=\"lazy\" decoding=\"async\" class=\"alignnone wp-image-127421\" src=\"https:\/\/www.tgrthaber.com\/mavikadin\/wp-content\/uploads\/Yasemin-Yazici-7-1024x576.jpg\" alt=\"Hudutsuz Sevda dizisinin Esma\u2019s\u0131 Yasemin Yaz\u0131c\u0131 kimdir? \" width=\"1208\" height=\"680\" title=\"\" srcset=\"https:\/\/www.tgrthaber.com\/mavikadin\/wp-content\/uploads\/Yasemin-Yazici-7-1024x576.jpg 1024w, https:\/\/www.tgrthaber.com\/mavikadin\/wp-content\/uploads\/Yasemin-Yazici-7-300x169.jpg 300w, https:\/\/www.tgrthaber.com\/mavikadin\/wp-content\/uploads\/Yasemin-Yazici-7-768x432.jpg 768w, https:\/\/www.tgrthaber.com\/mavikadin\/wp-content\/uploads\/Yasemin-Yazici-7-1536x864.jpg 1536w, https:\/\/www.tgrthaber.com\/mavikadin\/wp-content\/uploads\/Yasemin-Yazici-7.jpg 1600w\" sizes=\"(max-width: 1208px) 100vw, 1208px\" \/><\/p>\n<hr \/>\n<p>\u015eimdilerde Onur Tuna ile mutlu beraberliklerine devam eden \u00e7ift, a\u015fklar\u0131n\u0131 duyurduktan sonra sosyal medya hesaplar\u0131ndan s\u0131k s\u0131k birlikte foto\u011fraf atmaya ba\u015flad\u0131. \u0130kilinin a\u015fk\u0131 ise sosyal medya kullan\u0131c\u0131lar\u0131 taraf\u0131ndan ilgi g\u00f6rmeye devam ediyor.<\/p>\n<h3>YASEM\u0130N YAZICI HANG\u0130 D\u0130Z\u0130LERDE ROL ALDI?<\/h3>\n<p>Son Yaz \u2013 2021<\/p>\n<p>Kara Tahta \u2013 2022<\/p>\n<p>Ye\u015fil Deniz: Milenyum \u2013 2023-<\/p>\n<p>Hudutsuz Sevda \u2013 2024-<\/p>\n<p><img loading=\"lazy\" decoding=\"async\" class=\"alignnone wp-image-127420\" src=\"https:\/\/www.tgrthaber.com\/mavikadin\/wp-content\/uploads\/Yasemin-Yazici-6-1024x576.jpg\" alt=\"Hudutsuz Sevda dizisinin Esma\u2019s\u0131 Yasemin Yaz\u0131c\u0131 kimdir? \" width=\"1208\" height=\"680\" title=\"\" srcset=\"https:\/\/www.tgrthaber.com\/mavikadin\/wp-content\/uploads\/Yasemin-Yazici-6-1024x576.jpg 1024w, https:\/\/www.tgrthaber.com\/mavikadin\/wp-content\/uploads\/Yasemin-Yazici-6-300x169.jpg 300w, https:\/\/www.tgrthaber.com\/mavikadin\/wp-content\/uploads\/Yasemin-Yazici-6-768x432.jpg 768w, https:\/\/www.tgrthaber.com\/mavikadin\/wp-content\/uploads\/Yasemin-Yazici-6-1536x864.jpg 1536w, https:\/\/www.tgrthaber.com\/mavikadin\/wp-content\/uploads\/Yasemin-Yazici-6.jpg 1600w\" sizes=\"(max-width: 1208px) 100vw, 1208px\" \/><\/p>\n<hr \/>\n<h3>YASEM\u0130N YAZICI HANG\u0130 F\u0130LMLERDE YER ALDI?<\/h3>\n<p>A\u015fk Taktikleri \u2013 2022<\/p>\n<p>Sevmek Y\u00fcz\u00fcnden \u2013 2024<\/p>\n<h3>YASEM\u0130N YAZICI HANG\u0130 T\u0130YATRO OYUNLARINDA YER ALDI?<\/h3>\n<p>Kral Oidipus \u2013 2017<\/p>\n<p>Antigone -2017<\/p>\n<p>Bir Yaz Gecesi R\u00fcyas\u0131 \u2013 2018<\/p>\n<p>Lysistrata \u2013 2018<\/p>\n<p>Faust \u2013 2018<\/p>\n<p>Hugo Sistemi \u2013 2019<\/p>\n<p>Ayr\u0131lma \u2013 2020<\/p>\n","protected":false},"excerpt":{"rendered":"<p>Son Yaz dizisiyle ad\u0131n\u0131 duyuran Yasemin Yaz\u0131c\u0131, \u015fimdilerde Hudutsuz Sevda dizisinde Esma karakterini oynuyor. Peki, Hudutsuz Sevda Esma kimdir? Yasemin Yaz\u0131c\u0131 kimdir, ka\u00e7 ya\u015f\u0131nda? \u0130\u015fte detaylar\u2026 <\/p>\n","protected":false},"author":26,"featured_media":127411,"comment_status":"closed","ping_status":"closed","sticky":false,"template":"","format":"standard","meta":{"rank_math_lock_modified_date":false,"footnotes":""},"categories":[491],"tags":[4119,8875,9417,9416],"class_list":["post-127405","post","type-post","status-publish","format-standard","has-post-thumbnail","hentry","category-biyografi","tag-hudutsuz-sevda","tag-hudutsuz-sevda-dizisi","tag-hudutsuz-sevda-esma","tag-yasemin-yazici"],"_links":{"self":[{"href":"https:\/\/www.tgrthaber.com\/mavikadin\/wp-json\/wp\/v2\/posts\/127405"}],"collection":[{"href":"https:\/\/www.tgrthaber.com\/mavikadin\/wp-json\/wp\/v2\/posts"}],"about":[{"href":"https:\/\/www.tgrthaber.com\/mavikadin\/wp-json\/wp\/v2\/types\/post"}],"author":[{"embeddable":true,"href":"https:\/\/www.tgrthaber.com\/mavikadin\/wp-json\/wp\/v2\/users\/26"}],"replies":[{"embeddable":true,"href":"https:\/\/www.tgrthaber.com\/mavikadin\/wp-json\/wp\/v2\/comments?post=127405"}],"version-history":[{"count":2,"href":"https:\/\/www.tgrthaber.com\/mavikadin\/wp-json\/wp\/v2\/posts\/127405\/revisions"}],"predecessor-version":[{"id":127423,"href":"https:\/\/www.tgrthaber.com\/mavikadin\/wp-json\/wp\/v2\/posts\/127405\/revisions\/127423"}],"wp:featuredmedia":[{"embeddable":true,"href":"https:\/\/www.tgrthaber.com\/mavikadin\/wp-json\/wp\/v2\/media\/127411"}],"wp:attachment":[{"href":"https:\/\/www.tgrthaber.com\/mavikadin\/wp-json\/wp\/v2\/media?parent=127405"}],"wp:term":[{"taxonomy":"category","embeddable":true,"href":"https:\/\/www.tgrthaber.com\/mavikadin\/wp-json\/wp\/v2\/categories?post=127405"},{"taxonomy":"post_tag","embeddable":true,"href":"https:\/\/www.tgrthaber.com\/mavikadin\/wp-json\/wp\/v2\/tags?post=127405"}],"curies":[{"name":"wp","href":"https:\/\/api.w.org\/{rel}","templated":true}]}}