{"id":127455,"date":"2025-01-30T17:03:56","date_gmt":"2025-01-30T14:03:56","guid":{"rendered":"https:\/\/www.tgrthaber.com\/mavikadin\/?p=127455"},"modified":"2025-01-30T20:34:40","modified_gmt":"2025-01-30T17:34:40","slug":"ahsen-eroglundan-deha-dizisine-veda-beklenen-paylasim-sonunda-geldi","status":"publish","type":"post","link":"https:\/\/www.tgrthaber.com\/mavikadin\/ahsen-eroglundan-deha-dizisine-veda-beklenen-paylasim-sonunda-geldi\/","title":{"rendered":"Ahsen Ero\u011flu\u2019ndan Deha dizisine veda! Beklenen payla\u015f\u0131m sonunda geldi"},"content":{"rendered":"<p>Show TV ekranlar\u0131n\u0131n sevilen dizisi \u201cDeha\u201dda ge\u00e7ti\u011fimiz haftalarda s\u00fcrpriz bir ayr\u0131l\u0131k ya\u015fanm\u0131\u015ft\u0131. Esme karakterinde rol oynayan ba\u015far\u0131l\u0131 oyuncu Ahsen Ero\u011flu, dizinin yay\u0131nlanan son b\u00f6l\u00fcmlerinde seyirciye veda etmi\u015fti. Deha dizisine veda eden Ero\u011flu\u2019ndan herhangi bir veda payla\u015f\u0131m\u0131 gelmemi\u015fti. \u00dcnl\u00fc oyuncunun neden veda payla\u015f\u0131m\u0131 yapmad\u0131\u011f\u0131 da izleyiciler taraf\u0131ndan merak edilmi\u015fti. \u0130zleyicinin sab\u0131rs\u0131zl\u0131kla bekledi\u011fi veda payla\u015f\u0131m\u0131 sonunda geldi. \u0130\u015fte Ahsen Ero\u011flu\u2019ndan Deha dizisine veda payla\u015f\u0131m\u0131\u2026<\/p>\n<hr \/>\n<h3>AHSEN ERO\u011eLU NEDEN VEDA PAYLA\u015eIMI YAPMAMI\u015eTI?<\/h3>\n<p>Show TV ekranlar\u0131nda pazar ak\u015famlar\u0131 yay\u0131nlanan Deha dizisinde ge\u00e7ti\u011fimiz b\u00f6l\u00fcmlerde s\u00fcrpriz bir ayr\u0131l\u0131k ya\u015fanm\u0131\u015f ve Esme karakterini oynayan Ahsen Ero\u011flu, diziye veda etmi\u015fti. Ero\u011flu\u2019nun diziye vedas\u0131n\u0131n ard\u0131ndan herkes yapaca\u011f\u0131 payla\u015f\u0131m\u0131 merak etmi\u015f ve sab\u0131rs\u0131zl\u0131kla beklemi\u015fti. Fakat ba\u015far\u0131l\u0131 oyuncu uzun bir s\u00fcre diziden ay\u0131ld\u0131\u011f\u0131na dair bir payla\u015f\u0131m yapmam\u0131\u015f ve dikkatleri \u00fczerine \u00e7ekmi\u015fti.<\/p>\n<p><img loading=\"lazy\" decoding=\"async\" class=\"alignnone wp-image-127457\" src=\"https:\/\/www.tgrthaber.com\/mavikadin\/wp-content\/uploads\/Ahsen-Eroglu-4-1024x576.jpg\" alt=\"Ahsen Ero\u011flu\u2019ndan Deha dizisine veda! \" width=\"1208\" height=\"680\" title=\"\" srcset=\"https:\/\/www.tgrthaber.com\/mavikadin\/wp-content\/uploads\/Ahsen-Eroglu-4-1024x576.jpg 1024w, https:\/\/www.tgrthaber.com\/mavikadin\/wp-content\/uploads\/Ahsen-Eroglu-4-300x169.jpg 300w, https:\/\/www.tgrthaber.com\/mavikadin\/wp-content\/uploads\/Ahsen-Eroglu-4-768x432.jpg 768w, https:\/\/www.tgrthaber.com\/mavikadin\/wp-content\/uploads\/Ahsen-Eroglu-4-1536x864.jpg 1536w, https:\/\/www.tgrthaber.com\/mavikadin\/wp-content\/uploads\/Ahsen-Eroglu-4.jpg 1600w\" sizes=\"(max-width: 1208px) 100vw, 1208px\" \/><\/p>\n<hr \/>\n<p>Ahsen Ero\u011flu\u2019nun Deha dizisinden ayr\u0131lma sebebi izleyiciler taraf\u0131ndan merak edilmi\u015f ve tepki toplam\u0131\u015ft\u0131. Ba\u015far\u0131l\u0131 oyuncunun konuya y\u00f6nelik herhangi bir a\u00e7\u0131klama yapmamas\u0131 da gizemi git gide art\u0131rm\u0131\u015ft\u0131. Ero\u011flu, sosyal medya hesab\u0131ndan diziye dair neden veda payla\u015f\u0131m\u0131 yapmad\u0131\u011f\u0131n\u0131 a\u00e7\u0131klam\u0131\u015ft\u0131. Ge\u00e7ti\u011fimiz hafta Bolu\u2019daki yang\u0131n facias\u0131ndan dolay\u0131 payla\u015f\u0131m yapmad\u0131\u011f\u0131n\u0131 dile getiren Ero\u011flu, \u201cG\u00fczel mesajlar\u0131n\u0131z i\u00e7in \u00e7ok te\u015fekk\u00fcr ediyorum. Ama yak\u0131n zamanda kaybetti\u011fimiz t\u00fcm vatanda\u015flar\u0131m\u0131z i\u00e7in \u00e7ok \u00e7ok \u00fczg\u00fcn\u00fcm. Hepimizin ba\u015f\u0131 sa\u011f olsun. Bu zor g\u00fcnlerimizi atlatal\u0131m sonras\u0131nda Esme\u2019yle ilgili payla\u015f\u0131m yapaca\u011f\u0131m. Sevgilerimle.\u201d ifadelerine yer vermi\u015fti.<\/p>\n<p><img loading=\"lazy\" decoding=\"async\" class=\"alignnone wp-image-127458\" src=\"https:\/\/www.tgrthaber.com\/mavikadin\/wp-content\/uploads\/Ahsen-Eroglu-1-1-1024x576.jpg\" alt=\"Ahsen Ero\u011flu\u2019ndan Deha dizisine veda! \" width=\"1208\" height=\"680\" title=\"\" srcset=\"https:\/\/www.tgrthaber.com\/mavikadin\/wp-content\/uploads\/Ahsen-Eroglu-1-1-1024x576.jpg 1024w, https:\/\/www.tgrthaber.com\/mavikadin\/wp-content\/uploads\/Ahsen-Eroglu-1-1-300x169.jpg 300w, https:\/\/www.tgrthaber.com\/mavikadin\/wp-content\/uploads\/Ahsen-Eroglu-1-1-768x432.jpg 768w, https:\/\/www.tgrthaber.com\/mavikadin\/wp-content\/uploads\/Ahsen-Eroglu-1-1-1536x864.jpg 1536w, https:\/\/www.tgrthaber.com\/mavikadin\/wp-content\/uploads\/Ahsen-Eroglu-1-1.jpg 1600w\" sizes=\"(max-width: 1208px) 100vw, 1208px\" \/><\/p>\n<hr \/>\n<h3>AHSEN ERO\u011eLU\u2019NDAN DEHA D\u0130Z\u0130S\u0130NE VEDA PAYLA\u015eIMI!<\/h3>\n<p>Bolu Kartalkaya\u2019daki yang\u0131n facias\u0131ndan dolay\u0131 Deha dizisine veda payla\u015f\u0131m\u0131n\u0131 erteleyen Ahsen Ero\u011flu\u2019ndan beklenen payla\u015f\u0131m geldi. Diziye veda etmesiyle hem izleyicileri hem de sevenlerini b\u00fcy\u00fck bir h\u00fczne bo\u011fan Ero\u011flu, sosyal medya hesab\u0131ndan yapt\u0131\u011f\u0131 payla\u015f\u0131mla Deha dizisine veda etti\u011fini a\u00e7\u0131klad\u0131.<\/p>\n<p><img loading=\"lazy\" decoding=\"async\" class=\"alignnone wp-image-127459\" src=\"https:\/\/www.tgrthaber.com\/mavikadin\/wp-content\/uploads\/Ahsen-Eroglu-2-1-1024x576.jpg\" alt=\"Ahsen Ero\u011flu\u2019ndan Deha dizisine veda! \" width=\"1208\" height=\"680\" title=\"\" srcset=\"https:\/\/www.tgrthaber.com\/mavikadin\/wp-content\/uploads\/Ahsen-Eroglu-2-1-1024x576.jpg 1024w, https:\/\/www.tgrthaber.com\/mavikadin\/wp-content\/uploads\/Ahsen-Eroglu-2-1-300x169.jpg 300w, https:\/\/www.tgrthaber.com\/mavikadin\/wp-content\/uploads\/Ahsen-Eroglu-2-1-768x432.jpg 768w, https:\/\/www.tgrthaber.com\/mavikadin\/wp-content\/uploads\/Ahsen-Eroglu-2-1-1536x864.jpg 1536w, https:\/\/www.tgrthaber.com\/mavikadin\/wp-content\/uploads\/Ahsen-Eroglu-2-1.jpg 1600w\" sizes=\"(max-width: 1208px) 100vw, 1208px\" \/><\/p>\n<hr \/>\n<p>Ahsen Ero\u011flu, Instagram hesab\u0131ndan yapt\u0131\u011f\u0131 Deha dizisine veda payla\u015f\u0131m\u0131nda: \u201cEsme\u2019nin \u0130talyanca \u00f6\u011frenmeden \u00f6nceki hayat\u0131. \u0130yi ki geldin Esme\u2019m \u015fans getirdin. Eme\u011fi ge\u00e7en herkese \u00e7ok te\u015fekk\u00fcr ediyorum.\u201d ifadelerine yer verdi. Ero\u011flu\u2019nun dikkat \u00e7eken \u201c\u015eans getirdin\u201d s\u00f6zleri ak\u0131llara ba\u015fka projelerde mi yer alaca\u011f\u0131 sorular\u0131n\u0131 getirdi. Bakal\u0131m Deha dizisinin unutulmaz karakteri Esme\u2019yi oynayan Ahsen Ero\u011flu, hangi projelerle izleyici kar\u015f\u0131s\u0131na \u00e7\u0131kacak.<\/p>\n","protected":false},"excerpt":{"rendered":"<p>Ahsen Ero\u011flu, Show TV ekranlar\u0131n\u0131n b\u00fcy\u00fck bir ilgiyle takip edilen dizisi Deha\u2019ya ge\u00e7ti\u011fimiz haftalarda veda etmi\u015fti. Diziye veda eden Ero\u011flu\u2019ndan herhangi bir veda payla\u015f\u0131m\u0131 gelmemi\u015fti. \u00dcnl\u00fc oyuncudan sonunda beklenen veda payla\u015f\u0131m\u0131 geldi. \u0130\u015fte detaylar\u2026 <\/p>\n","protected":false},"author":26,"featured_media":127456,"comment_status":"closed","ping_status":"closed","sticky":false,"template":"","format":"standard","meta":{"rank_math_lock_modified_date":false,"footnotes":""},"categories":[76],"tags":[8439,2186,9093,9095,8560],"class_list":["post-127455","post","type-post","status-publish","format-standard","has-post-thumbnail","hentry","category-magazin","tag-ahsen-ergolu-deha-veda","tag-ahsen-eroglu","tag-ahsen-eroglu-deha","tag-ahsen-eroglu-deha-esme-paylasimi","tag-deha-esme"],"_links":{"self":[{"href":"https:\/\/www.tgrthaber.com\/mavikadin\/wp-json\/wp\/v2\/posts\/127455"}],"collection":[{"href":"https:\/\/www.tgrthaber.com\/mavikadin\/wp-json\/wp\/v2\/posts"}],"about":[{"href":"https:\/\/www.tgrthaber.com\/mavikadin\/wp-json\/wp\/v2\/types\/post"}],"author":[{"embeddable":true,"href":"https:\/\/www.tgrthaber.com\/mavikadin\/wp-json\/wp\/v2\/users\/26"}],"replies":[{"embeddable":true,"href":"https:\/\/www.tgrthaber.com\/mavikadin\/wp-json\/wp\/v2\/comments?post=127455"}],"version-history":[{"count":2,"href":"https:\/\/www.tgrthaber.com\/mavikadin\/wp-json\/wp\/v2\/posts\/127455\/revisions"}],"predecessor-version":[{"id":127461,"href":"https:\/\/www.tgrthaber.com\/mavikadin\/wp-json\/wp\/v2\/posts\/127455\/revisions\/127461"}],"wp:featuredmedia":[{"embeddable":true,"href":"https:\/\/www.tgrthaber.com\/mavikadin\/wp-json\/wp\/v2\/media\/127456"}],"wp:attachment":[{"href":"https:\/\/www.tgrthaber.com\/mavikadin\/wp-json\/wp\/v2\/media?parent=127455"}],"wp:term":[{"taxonomy":"category","embeddable":true,"href":"https:\/\/www.tgrthaber.com\/mavikadin\/wp-json\/wp\/v2\/categories?post=127455"},{"taxonomy":"post_tag","embeddable":true,"href":"https:\/\/www.tgrthaber.com\/mavikadin\/wp-json\/wp\/v2\/tags?post=127455"}],"curies":[{"name":"wp","href":"https:\/\/api.w.org\/{rel}","templated":true}]}}