{"id":127462,"date":"2025-01-30T17:40:22","date_gmt":"2025-01-30T14:40:22","guid":{"rendered":"https:\/\/www.tgrthaber.com\/mavikadin\/?p=127462"},"modified":"2025-01-30T17:40:22","modified_gmt":"2025-01-30T14:40:22","slug":"hande-ercel-paris-moda-haftasinda-beyaz-ceketiyle-dikkat-cekti-yasemin-ozilhan-giymisti","status":"publish","type":"post","link":"https:\/\/www.tgrthaber.com\/mavikadin\/hande-ercel-paris-moda-haftasinda-beyaz-ceketiyle-dikkat-cekti-yasemin-ozilhan-giymisti\/","title":{"rendered":"Hande Er\u00e7el Paris Moda Haftas\u0131\u2019nda beyaz ceketiyle dikkat \u00e7ekti! Yasemin \u00d6zilhan giymi\u015fti"},"content":{"rendered":"<p>Hande Er\u00e7el Paris Moda Haftas\u0131\u2019nda giydi\u011fi beyaz ceketiyle dikkat \u00e7ekti. Daha \u00f6nce Yasemin \u00d6zilhan\u2019\u0131n giydi\u011fi ceket sosyal medyan\u0131n g\u00fcndemine oturdu.<\/p>\n<h3>HANDE ER\u00c7EL PAR\u0130S MODA HAFTASI\u2019NDA BEYAZ CEKET\u0130YLE D\u0130KKAT \u00c7EKT\u0130!<\/h3>\n<p>\u00dcnl\u00fc oyuncu Hande Er\u00e7el\u2019in Paris Moda Haftas\u0131\u2019nda giydi\u011fi beyaz ceketin ayn\u0131s\u0131 daha \u00f6nce Yasemin \u00d6zilhan giymi\u015fti. Giydi\u011fi her k\u0131yafeti olay olan \u00fcnl\u00fc isim sosyal medyada k\u0131sa s\u00fcrede viral oldu.<\/p>\n<p><img loading=\"lazy\" decoding=\"async\" class=\"alignnone wp-image-127464\" src=\"https:\/\/www.tgrthaber.com\/mavikadin\/wp-content\/uploads\/Hande-Ercel-8.jpg\" alt=\"\" width=\"1208\" height=\"680\" title=\"\" srcset=\"https:\/\/www.tgrthaber.com\/mavikadin\/wp-content\/uploads\/Hande-Ercel-8.jpg 1600w, https:\/\/www.tgrthaber.com\/mavikadin\/wp-content\/uploads\/Hande-Ercel-8-300x169.jpg 300w, https:\/\/www.tgrthaber.com\/mavikadin\/wp-content\/uploads\/Hande-Ercel-8-1024x576.jpg 1024w, https:\/\/www.tgrthaber.com\/mavikadin\/wp-content\/uploads\/Hande-Ercel-8-768x432.jpg 768w, https:\/\/www.tgrthaber.com\/mavikadin\/wp-content\/uploads\/Hande-Ercel-8-1536x864.jpg 1536w\" sizes=\"(max-width: 1208px) 100vw, 1208px\" \/><\/p>\n<hr \/>\n<p>Son zamanlar\u0131n pop\u00fcler isimlerinden Hande Er\u00e7el Paris Moda Haftas\u0131 kapsam\u0131nda ger\u00e7ekle\u015ftirilen Ellie Saab defilesinde boy g\u00f6sterdi.<\/p>\n<p>Siyah elbisesiyle de g\u00f6z kama\u015ft\u0131ran Er\u00e7el, \u015fimdi de giydi\u011fi beyaz ceketiyle g\u00fcndem oldu.<\/p>\n<p>Oyunculuk kariyeri d\u0131\u015f\u0131nda \u00f6zel hayat\u0131yla da \u00e7ok konu\u015fulan Hande Er\u00e7el, kat\u0131ld\u0131\u011f\u0131 davetlerle s\u0131k s\u0131k g\u00fcndeme geliyor.<\/p>\n<p><img loading=\"lazy\" decoding=\"async\" class=\"alignnone wp-image-127467\" src=\"https:\/\/www.tgrthaber.com\/mavikadin\/wp-content\/uploads\/Hande-Ercel-4_restored.jpeg\" alt=\"\" width=\"1208\" height=\"679\" title=\"\" srcset=\"https:\/\/www.tgrthaber.com\/mavikadin\/wp-content\/uploads\/Hande-Ercel-4_restored.jpeg 2000w, https:\/\/www.tgrthaber.com\/mavikadin\/wp-content\/uploads\/Hande-Ercel-4_restored-300x169.jpeg 300w, https:\/\/www.tgrthaber.com\/mavikadin\/wp-content\/uploads\/Hande-Ercel-4_restored-1024x575.jpeg 1024w, https:\/\/www.tgrthaber.com\/mavikadin\/wp-content\/uploads\/Hande-Ercel-4_restored-768x432.jpeg 768w, https:\/\/www.tgrthaber.com\/mavikadin\/wp-content\/uploads\/Hande-Ercel-4_restored-1536x863.jpeg 1536w\" sizes=\"(max-width: 1208px) 100vw, 1208px\" \/><\/p>\n<hr \/>\n<h3>PULLU TRANSPARAN ETE\u011e\u0130 \u00c7OK KONU\u015eULDU<\/h3>\n<p>Hande Er\u00e7el\u2019in pullu transparan ete\u011fi Paris Moda Haftas\u0131&#8217;na damga vurmu\u015ftu. Kahk\u00fclleri de olduk\u00e7a dikkat \u00e7eken 31 ya\u015f\u0131ndaki \u00fcnl\u00fc ismin foto\u011fraflar\u0131n\u0131 \u0130nan K\u0131rdemir, sosyal medya hesab\u0131ndan payla\u015ft\u0131.<\/p>\n<p><img loading=\"lazy\" decoding=\"async\" class=\"alignnone wp-image-127466\" src=\"https:\/\/www.tgrthaber.com\/mavikadin\/wp-content\/uploads\/Hande-Ercel-1-3.jpg\" alt=\"\" width=\"1208\" height=\"680\" title=\"\" srcset=\"https:\/\/www.tgrthaber.com\/mavikadin\/wp-content\/uploads\/Hande-Ercel-1-3.jpg 1920w, https:\/\/www.tgrthaber.com\/mavikadin\/wp-content\/uploads\/Hande-Ercel-1-3-300x169.jpg 300w, https:\/\/www.tgrthaber.com\/mavikadin\/wp-content\/uploads\/Hande-Ercel-1-3-1024x576.jpg 1024w, https:\/\/www.tgrthaber.com\/mavikadin\/wp-content\/uploads\/Hande-Ercel-1-3-768x432.jpg 768w, https:\/\/www.tgrthaber.com\/mavikadin\/wp-content\/uploads\/Hande-Ercel-1-3-1536x864.jpg 1536w\" sizes=\"(max-width: 1208px) 100vw, 1208px\" \/><\/p>\n<p><del><\/p>\n<hr \/>\n<p><\/del>Takip\u00e7ilerinden tam not alan Er\u00e7el son olarak Bar\u0131\u015f Ardu\u00e7 ile ba\u015frolleri payla\u015ft\u0131\u011f\u0131 R\u00fczgara B\u0131rak filminde rol alm\u0131\u015ft\u0131. Hande Er\u00e7el, Elie Saab\u2019\u0131n defilesine kat\u0131lan Eva Longoria ile objektiflere poz verdi.<\/p>\n","protected":false},"excerpt":{"rendered":"<p>Paris Moda Haftas\u0131\u2019nda beyaz ceketiyle dikkat \u00e7eken Hande Er\u00e7el g\u00fcndem oldu. Er\u00e7el\u2019in giydi\u011fi ceketin ayn\u0131s\u0131n\u0131 daha \u00f6nce Yasemin \u00d6zilhan giymi\u015fti.<\/p>\n","protected":false},"author":5,"featured_media":127463,"comment_status":"closed","ping_status":"closed","sticky":false,"template":"","format":"standard","meta":{"rank_math_lock_modified_date":false,"footnotes":""},"categories":[76],"tags":[2391,9360],"class_list":["post-127462","post","type-post","status-publish","format-standard","has-post-thumbnail","hentry","category-magazin","tag-hande-ercel","tag-paris-moda-haftasi"],"_links":{"self":[{"href":"https:\/\/www.tgrthaber.com\/mavikadin\/wp-json\/wp\/v2\/posts\/127462"}],"collection":[{"href":"https:\/\/www.tgrthaber.com\/mavikadin\/wp-json\/wp\/v2\/posts"}],"about":[{"href":"https:\/\/www.tgrthaber.com\/mavikadin\/wp-json\/wp\/v2\/types\/post"}],"author":[{"embeddable":true,"href":"https:\/\/www.tgrthaber.com\/mavikadin\/wp-json\/wp\/v2\/users\/5"}],"replies":[{"embeddable":true,"href":"https:\/\/www.tgrthaber.com\/mavikadin\/wp-json\/wp\/v2\/comments?post=127462"}],"version-history":[{"count":1,"href":"https:\/\/www.tgrthaber.com\/mavikadin\/wp-json\/wp\/v2\/posts\/127462\/revisions"}],"predecessor-version":[{"id":127468,"href":"https:\/\/www.tgrthaber.com\/mavikadin\/wp-json\/wp\/v2\/posts\/127462\/revisions\/127468"}],"wp:featuredmedia":[{"embeddable":true,"href":"https:\/\/www.tgrthaber.com\/mavikadin\/wp-json\/wp\/v2\/media\/127463"}],"wp:attachment":[{"href":"https:\/\/www.tgrthaber.com\/mavikadin\/wp-json\/wp\/v2\/media?parent=127462"}],"wp:term":[{"taxonomy":"category","embeddable":true,"href":"https:\/\/www.tgrthaber.com\/mavikadin\/wp-json\/wp\/v2\/categories?post=127462"},{"taxonomy":"post_tag","embeddable":true,"href":"https:\/\/www.tgrthaber.com\/mavikadin\/wp-json\/wp\/v2\/tags?post=127462"}],"curies":[{"name":"wp","href":"https:\/\/api.w.org\/{rel}","templated":true}]}}