{"id":127469,"date":"2025-01-30T18:17:32","date_gmt":"2025-01-30T15:17:32","guid":{"rendered":"https:\/\/www.tgrthaber.com\/mavikadin\/?p=127469"},"modified":"2025-01-30T18:28:58","modified_gmt":"2025-01-30T15:28:58","slug":"caglar-ertugrul-sakir-pasa-dizisine-mi-katiliyor","status":"publish","type":"post","link":"https:\/\/www.tgrthaber.com\/mavikadin\/caglar-ertugrul-sakir-pasa-dizisine-mi-katiliyor\/","title":{"rendered":"\u00c7a\u011flar Ertu\u011frul, \u015eakir Pa\u015fa dizisine mi kat\u0131l\u0131yor?"},"content":{"rendered":"<p class=\"p1\">\u015eakir Pa\u015fa Ailesi dizisinin ikinci sezonunda b\u00fcy\u00fck bir zaman atlamas\u0131 ya\u015fanaca\u011f\u0131 ve bu s\u00fcre\u00e7te b\u00fcy\u00fcyerek istihbarat ajan\u0131 olarak g\u00f6rev yapacak olan Suat \u015eakir Kaba\u011fa\u00e7l\u0131 karakterinin \u00c7a\u011flar Ertu\u011frul taraf\u0131ndan oynayaca\u011f\u0131 iddia ediliyor. Yap\u0131m ekibinden hen\u00fcz resmi bir a\u00e7\u0131klama gelmese de kulislerde bu g\u00fc\u00e7l\u00fc transferin, dizinin hik\u00e2yesini aktarma konusunda olduk\u00e7a etkili olaca\u011f\u0131 konu\u015fuluyor. Peki \u00c7a\u011flar Ertu\u011frul, \u015eakir Pa\u015fa dizisine kat\u0131lacak m\u0131? \u0130\u015fte detaylar\u2026<\/p>\n<h3>\u00c7A\u011eLAR ERTU\u011eRUL, \u015eAK\u0130R PA\u015eA D\u0130Z\u0130S\u0130NE KATILIYOR MU?<\/h3>\n<p class=\"p1\">NOW TV\u2019de her pazar ak\u015fam\u0131 izleyicilerle bulu\u015fan \u201c\u015eakir Pa\u015fa Ailesi: Mucizeler ve Skandallar\u201d, Osmanl\u0131\u2019n\u0131n son d\u00f6neminde ge\u00e7en entrika dolu hik\u00e2yesiyle b\u00fcy\u00fck ilgi g\u00f6r\u00fcyor. 1912 y\u0131l\u0131n\u0131n derin atmosferini yans\u0131tan dizi, g\u00fc\u00e7l\u00fc karakterleri ve s\u00fcr\u00fckleyici senaryosuyla dikkat \u00e7ekiyor.<\/p>\n<p><img loading=\"lazy\" decoding=\"async\" class=\"alignnone wp-image-127470 size-full\" src=\"https:\/\/www.tgrthaber.com\/mavikadin\/wp-content\/uploads\/Ekran-Resmi-2025-01-30-18.12.06.png\" alt=\"\" width=\"994\" height=\"588\" title=\"\" srcset=\"https:\/\/www.tgrthaber.com\/mavikadin\/wp-content\/uploads\/Ekran-Resmi-2025-01-30-18.12.06.png 994w, https:\/\/www.tgrthaber.com\/mavikadin\/wp-content\/uploads\/Ekran-Resmi-2025-01-30-18.12.06-300x177.png 300w, https:\/\/www.tgrthaber.com\/mavikadin\/wp-content\/uploads\/Ekran-Resmi-2025-01-30-18.12.06-768x454.png 768w\" sizes=\"(max-width: 994px) 100vw, 994px\" \/><\/p>\n<hr \/>\n<p class=\"p1\">Dizinin merakla beklenen ikinci sezonunda zaman atlamas\u0131 ya\u015fanaca\u011f\u0131 ve \u015eakir Pa\u015fa ailesinin k\u00fc\u00e7\u00fck fertlerinden Suat \u015eakir Kaba\u011fa\u00e7l\u0131\u2019n\u0131n b\u00fcy\u00fcyerek istihbarat ajan\u0131 olaca\u011f\u0131 konu\u015fuluyor. Bu kritik karaktere \u00c7a\u011flar Ertu\u011frul\u2019un oynayaca\u011f\u0131 y\u00f6n\u00fcndeki s\u00f6ylentiler ise dizinin takip\u00e7ilerini heyecanland\u0131rm\u0131\u015f durumda. Resmi bir a\u00e7\u0131klama yap\u0131lmasa da yap\u0131m ekibinin, g\u00fc\u00e7l\u00fc oyunculuk performans\u0131 ile tan\u0131nan \u00c7a\u011flar Ertu\u011frul\u2019u kadroya dahil etmek istedi\u011fi iddia ediliyor.<\/p>\n<p><img loading=\"lazy\" decoding=\"async\" class=\"alignnone wp-image-127471 size-full\" src=\"https:\/\/www.tgrthaber.com\/mavikadin\/wp-content\/uploads\/Ekran-Resmi-2025-01-30-18.12.13.png\" alt=\"\" width=\"978\" height=\"562\" title=\"\" srcset=\"https:\/\/www.tgrthaber.com\/mavikadin\/wp-content\/uploads\/Ekran-Resmi-2025-01-30-18.12.13.png 978w, https:\/\/www.tgrthaber.com\/mavikadin\/wp-content\/uploads\/Ekran-Resmi-2025-01-30-18.12.13-300x172.png 300w, https:\/\/www.tgrthaber.com\/mavikadin\/wp-content\/uploads\/Ekran-Resmi-2025-01-30-18.12.13-768x441.png 768w\" sizes=\"(max-width: 978px) 100vw, 978px\" \/><\/p>\n<hr \/>\n<h3>\u00c7A\u011eLAR ERTU\u011eRUL K\u0130MD\u0130R?<\/h3>\n<p class=\"p1\">5 Kas\u0131m 1987\u2019de \u0130zmir\u2019in Kar\u015f\u0131yaka il\u00e7esinde d\u00fcnyaya gelen \u00c7a\u011flar Ertu\u011frul, Girit ve Bulgaristan g\u00f6\u00e7meni k\u00f6kenleriyle k\u00fclt\u00fcrel \u00e7e\u015fitlili\u011fin i\u00e7inde b\u00fcy\u00fcd\u00fc. Bornova Anadolu Lisesi\u2019nden 2005 y\u0131l\u0131nda mezun olduktan sonra, akademik hayat\u0131na Ko\u00e7 \u00dcniversitesi Makine M\u00fchendisli\u011fi B\u00f6l\u00fcm\u00fcnde devam etti. Ancak \u00fcniversite y\u0131llar\u0131nda tan\u0131\u015ft\u0131\u011f\u0131 tiyatro, onun hayat\u0131nda yeni bir kap\u0131 aralad\u0131.<\/p>\n<p class=\"p1\">Sahneye ilk kez 13 Nisan 2009\u2019da Ko\u00e7 \u00dcniversitesi\u2019nde sergilenen \u201cRomeolar ve Julietler\u201d oyunuyla \u00e7\u0131kan Ertu\u011frul, tiyatroya olan tutkusunu ke\u015ffetti. Mezuniyetinin ard\u0131ndan oyunculuk \u00fczerine kendisini geli\u015ftirmeye karar vererek Vahide G\u00f6rd\u00fcm\u2019\u00fcn 35 Bu\u00e7uk Akademisi\u2019nde e\u011fitim ald\u0131. 2012 y\u0131l\u0131nda Alper \u00c7a\u011flar\u2019\u0131n y\u00f6netti\u011fi \u201cDa\u011f\u201d filminde ba\u015frol oynayarak geni\u015f kitleler taraf\u0131ndan tan\u0131nd\u0131. Film, beklentilerin \u00e7ok \u00fczerinde bir gi\u015fe ba\u015far\u0131s\u0131 yakalayarak Ertu\u011frul\u2019un kariyerinde bir d\u00f6n\u00fcm noktas\u0131 oldu.<\/p>\n<p><img loading=\"lazy\" decoding=\"async\" class=\"alignnone wp-image-127472 size-full\" src=\"https:\/\/www.tgrthaber.com\/mavikadin\/wp-content\/uploads\/Ekran-Resmi-2025-01-30-18.13.30.png\" alt=\"\" width=\"964\" height=\"640\" title=\"\" srcset=\"https:\/\/www.tgrthaber.com\/mavikadin\/wp-content\/uploads\/Ekran-Resmi-2025-01-30-18.13.30.png 964w, https:\/\/www.tgrthaber.com\/mavikadin\/wp-content\/uploads\/Ekran-Resmi-2025-01-30-18.13.30-300x199.png 300w, https:\/\/www.tgrthaber.com\/mavikadin\/wp-content\/uploads\/Ekran-Resmi-2025-01-30-18.13.30-768x510.png 768w\" sizes=\"(max-width: 964px) 100vw, 964px\" \/><\/p>\n<hr \/>\n<p class=\"p1\">Daha sonra televizyon projeleriyle dikkat \u00e7eken ba\u015far\u0131l\u0131 oyuncu, 2016-2017 y\u0131llar\u0131nda Lee Strasberg Tiyatro ve Film Okulu\u2019nda metot oyunculu\u011fu ve do\u011fa\u00e7lama komedi \u00fczerine e\u011fitim ald\u0131. Ayn\u0131 zamanda YouTube kanal\u0131nda e\u011flenceli i\u00e7erikler \u00fcreterek takip\u00e7ileriyle farkl\u0131 bir ileti\u015fim kurmay\u0131 da ihmal etmedi. M\u00fchendislikten oyunculu\u011fa uzanan bu yolculuk, kararl\u0131l\u0131\u011f\u0131 ve yetene\u011fiyle fark olu\u015fturan bir sanat\u00e7\u0131n\u0131n hik\u00e2yesine d\u00f6n\u00fc\u015ft\u00fc.<\/p>\n<p>&nbsp;<\/p>\n","protected":false},"excerpt":{"rendered":"<p>\u015eakir Pa\u015fa Ailesi dizisinin ikinci sezonunda b\u00fcy\u00fck bir zaman atlamas\u0131 ya\u015fanaca\u011f\u0131 ve Suat \u015eakir Kaba\u011fa\u00e7l\u0131\u2019n\u0131n istihbarat ajan\u0131 olarak geri d\u00f6nece\u011fi s\u00f6yleniyor. \u00c7a\u011flar Ertu\u011frul\u2019un bu karakteri oynayaca\u011f\u0131 iddias\u0131 kulislerde yank\u0131lan\u0131rken, yap\u0131m ekibinden hen\u00fcz bir a\u00e7\u0131klama gelmedi. <\/p>\n","protected":false},"author":16,"featured_media":127473,"comment_status":"closed","ping_status":"closed","sticky":false,"template":"","format":"standard","meta":{"rank_math_lock_modified_date":false,"footnotes":""},"categories":[602],"tags":[9425,9424,9426],"class_list":["post-127469","post","type-post","status-publish","format-standard","has-post-thumbnail","hentry","category-diziler","tag-caglar-ertugrul-kimdir","tag-caglar-ertugrul-sakir-pasa-ailesi-dizisi","tag-caglar-ertugrul-sakir-pasa-ailesine-mi-katilacak"],"_links":{"self":[{"href":"https:\/\/www.tgrthaber.com\/mavikadin\/wp-json\/wp\/v2\/posts\/127469"}],"collection":[{"href":"https:\/\/www.tgrthaber.com\/mavikadin\/wp-json\/wp\/v2\/posts"}],"about":[{"href":"https:\/\/www.tgrthaber.com\/mavikadin\/wp-json\/wp\/v2\/types\/post"}],"author":[{"embeddable":true,"href":"https:\/\/www.tgrthaber.com\/mavikadin\/wp-json\/wp\/v2\/users\/16"}],"replies":[{"embeddable":true,"href":"https:\/\/www.tgrthaber.com\/mavikadin\/wp-json\/wp\/v2\/comments?post=127469"}],"version-history":[{"count":1,"href":"https:\/\/www.tgrthaber.com\/mavikadin\/wp-json\/wp\/v2\/posts\/127469\/revisions"}],"predecessor-version":[{"id":127474,"href":"https:\/\/www.tgrthaber.com\/mavikadin\/wp-json\/wp\/v2\/posts\/127469\/revisions\/127474"}],"wp:featuredmedia":[{"embeddable":true,"href":"https:\/\/www.tgrthaber.com\/mavikadin\/wp-json\/wp\/v2\/media\/127473"}],"wp:attachment":[{"href":"https:\/\/www.tgrthaber.com\/mavikadin\/wp-json\/wp\/v2\/media?parent=127469"}],"wp:term":[{"taxonomy":"category","embeddable":true,"href":"https:\/\/www.tgrthaber.com\/mavikadin\/wp-json\/wp\/v2\/categories?post=127469"},{"taxonomy":"post_tag","embeddable":true,"href":"https:\/\/www.tgrthaber.com\/mavikadin\/wp-json\/wp\/v2\/tags?post=127469"}],"curies":[{"name":"wp","href":"https:\/\/api.w.org\/{rel}","templated":true}]}}