{"id":127497,"date":"2025-01-30T20:25:39","date_gmt":"2025-01-30T17:25:39","guid":{"rendered":"https:\/\/www.tgrthaber.com\/mavikadin\/?p=127497"},"modified":"2025-01-30T20:25:39","modified_gmt":"2025-01-30T17:25:39","slug":"survivor-2025-ismail-efecan-kavgasi-gundem-oldu-birbirlerine-demediklerini-birakmadilar","status":"publish","type":"post","link":"https:\/\/www.tgrthaber.com\/mavikadin\/survivor-2025-ismail-efecan-kavgasi-gundem-oldu-birbirlerine-demediklerini-birakmadilar\/","title":{"rendered":"Survivor 2025 \u0130smail Efecan kavgas\u0131 g\u00fcndem oldu! Birbirlerine demediklerini b\u0131rakmad\u0131lar"},"content":{"rendered":"<p class=\"p1\">Survivor 2025\u2019te All Star ve G\u00f6n\u00fcll\u00fcler tak\u0131mlar\u0131 aras\u0131ndaki rekabet giderek sertle\u015fiyor. Yeni b\u00f6l\u00fcm fragman\u0131nda dikkat \u00e7eken anlardan biri \u0130smail\u2019in \u00f6nce Ay\u015fe ile tart\u0131\u015fmas\u0131, ard\u0131ndan Efecan\u2019la ya\u015fad\u0131\u011f\u0131 gerginlik oldu. Oyun alan\u0131nda tansiyonun y\u00fckseldi\u011fi anlarda, \u0130smail ve Efecan\u2019\u0131n birbirlerine sert s\u00f6zler sarf etti\u011fi g\u00f6r\u00fcld\u00fc. \u0130kili aras\u0131ndaki tart\u0131\u015fma, neredeyse fiziksel temasa d\u00f6n\u00fc\u015fecek kadar \u015fiddetlendi. Fragmandaki bu \u00e7arp\u0131c\u0131 sahneler izleyicilerde b\u00fcy\u00fck merak uyand\u0131rd\u0131. Peki, \u0130smail ve Efecan neden kavga etti? \u0130kilinin ya\u015fad\u0131\u011f\u0131 gerginli\u011fin perde arkas\u0131 ve yeni b\u00f6l\u00fcmde ya\u015fanacak olaylar \u015fimdiden b\u00fcy\u00fck bir heyecanla bekleniyor!<\/p>\n<h3>SURV\u0130VOR 2025 \u0130SMA\u0130L EFECAN KAVGASI G\u00dcNDEM OLDU!<\/h3>\n<p class=\"p1\">Survivor\u2019da gerilim giderek y\u00fckseliyor. Son oyun s\u0131ras\u0131nda \u0130smail\u2019in Ay\u015fe\u2019ye y\u00f6nelik \u201cAtam\u0131yor\u201d tezah\u00fcrat\u0131 yapmas\u0131 ortam\u0131 alevlendirdi. Ay\u015fe, oyunun ard\u0131ndan \u0130smail\u2019i uyar\u0131nca, \u0130smail\u2019in \u201cKes sesini\u201d diyerek sert bir \u00e7\u0131k\u0131\u015f yapmas\u0131 tart\u0131\u015fmay\u0131 b\u00fcy\u00fctt\u00fc.<\/p>\n<div style=\"width: 640px;\" class=\"wp-video\"><!--[if lt IE 9]><script>document.createElement('video');<\/script><![endif]-->\n<video class=\"wp-video-shortcode\" id=\"video-127497-1\" width=\"640\" height=\"345\" preload=\"metadata\" controls=\"controls\"><source type=\"video\/mp4\" src=\"https:\/\/www.tgrthaber.com\/mavikadin\/wp-content\/uploads\/is.mp4?_=1\" \/><a href=\"https:\/\/www.tgrthaber.com\/mavikadin\/wp-content\/uploads\/is.mp4\">https:\/\/www.tgrthaber.com\/mavikadin\/wp-content\/uploads\/is.mp4<\/a><\/video><\/div>\n<p class=\"p1\">Bu gerginli\u011fin ard\u0131ndan \u0130smail ve Efecan kar\u015f\u0131 kar\u015f\u0131ya geldi. \u0130smail, \u201cKa\u00e7 kere oyundan ka\u00e7t\u0131m, ne konu\u015fuyorsun? Kendimi feda ettim.\u201d diyerek Efecan\u2019a tepki g\u00f6sterdi. Efecan ise \u201cSakin ol, ba\u011f\u0131rma.\u201d diyerek kar\u015f\u0131l\u0131k verdi ve \u0130smail\u2019in tutumuna sert bir \u015fekilde \u00e7\u0131k\u0131\u015farak \u201cSen herkese ahkam kesebilece\u011fini mi san\u0131yorsun?\u201d diyerek tepki g\u00f6sterdi.<\/p>\n<h3>\u0130SMA\u0130L AY\u015eE&#8217;YLE DE KAVGA ETT\u0130<\/h3>\n<p class=\"p1\">Ay\u015fe, &#8221;\u0130smail&#8217;e bak\u0131nca kendi h\u0131rs\u0131n\u0131n kurban\u0131 olmu\u015f.&#8221; dedi. \u0130smail, &#8221;Ay\u015fe&#8217;nin beni uyarmas\u0131na gerek yok.&#8221; dedi. Ay\u015fe, &#8221;Kendi e\u015fine b\u00f6yle gidilse ne tepki verirsin.&#8221; diye konu\u015ftu.\u0130smail ise &#8221;\u0130layda&#8217;ya sesleniyorum Ay\u015fe&#8217;yi takipten \u00e7\u0131ks\u0131n.&#8221; yan\u0131t\u0131n\u0131 verdi. \u0130smail&#8217;in bu tuhaf iste\u011fi sosyal medyada da tepki \u00e7ekti. Sosya medya kullan\u0131c\u0131lar\u0131n\u0131n bir \u00e7o\u011fu, &#8216;bu nas\u0131l tuhaf bir istek&#8217;, &#8216;kendi kavgana e\u015fini niye kar\u0131\u015ft\u0131r\u0131yorsun&#8217; yorumlar\u0131nda bulundu.<\/p>\n<p><img loading=\"lazy\" decoding=\"async\" class=\"alignnone wp-image-127504 size-full\" src=\"https:\/\/www.tgrthaber.com\/mavikadin\/wp-content\/uploads\/Ekran-Resmi-2025-01-30-20.16.17.png\" alt=\"\" width=\"980\" height=\"546\" title=\"\" srcset=\"https:\/\/www.tgrthaber.com\/mavikadin\/wp-content\/uploads\/Ekran-Resmi-2025-01-30-20.16.17.png 980w, https:\/\/www.tgrthaber.com\/mavikadin\/wp-content\/uploads\/Ekran-Resmi-2025-01-30-20.16.17-300x167.png 300w, https:\/\/www.tgrthaber.com\/mavikadin\/wp-content\/uploads\/Ekran-Resmi-2025-01-30-20.16.17-768x428.png 768w\" sizes=\"(max-width: 980px) 100vw, 980px\" \/><\/p>\n<hr \/>\n<h3>\u0130SMA\u0130L BALABAN K\u0130MD\u0130R, KA\u00c7 YA\u015eINDA?<\/h3>\n<p class=\"p1\">\u0130smail Balaban, T\u00fcrk sporunun ve televizyon d\u00fcnyas\u0131n\u0131n en tan\u0131nan isimlerinden biri olarak dikkat \u00e7ekiyor. 3 Eyl\u00fcl 1987\u2019de Antalya\u2019n\u0131n Elmal\u0131 il\u00e7esinde do\u011fan Balaban, k\u00fc\u00e7\u00fck ya\u015flardan itibaren ata sporu ya\u011fl\u0131 g\u00fcre\u015fe olan ilgisiyle \u00f6n plana \u00e7\u0131kt\u0131. Pehlivanl\u0131k kariyerinde K\u0131rkp\u0131nar Ya\u011fl\u0131 G\u00fcre\u015fleri\u2019nde kazand\u0131\u011f\u0131 zaferlerle zirveye ula\u015fan ba\u015far\u0131l\u0131 sporcu, g\u00fcre\u015fteki \u00fcst\u00fcn performans\u0131yla T\u00fcrkiye\u2019nin en ba\u015far\u0131l\u0131 isimlerinden biri oldu.<\/p>\n<p><img loading=\"lazy\" decoding=\"async\" class=\"alignnone wp-image-127506 size-full\" src=\"https:\/\/www.tgrthaber.com\/mavikadin\/wp-content\/uploads\/Ekran-Resmi-2025-01-30-20.22.34.png\" alt=\"\" width=\"974\" height=\"542\" title=\"\" srcset=\"https:\/\/www.tgrthaber.com\/mavikadin\/wp-content\/uploads\/Ekran-Resmi-2025-01-30-20.22.34.png 974w, https:\/\/www.tgrthaber.com\/mavikadin\/wp-content\/uploads\/Ekran-Resmi-2025-01-30-20.22.34-300x167.png 300w, https:\/\/www.tgrthaber.com\/mavikadin\/wp-content\/uploads\/Ekran-Resmi-2025-01-30-20.22.34-768x427.png 768w\" sizes=\"(max-width: 974px) 100vw, 974px\" \/><\/p>\n<hr \/>\n<p class=\"p1\">Ancak onu geni\u015f kitlelere tan\u0131tan, Survivor T\u00fcrkiye 2021\u2019de elde etti\u011fi \u015fampiyonluktu. Hem sahada hem ekranlarda sergiledi\u011fi m\u00fccadeleci ruhuyla ad\u0131ndan s\u00f6z ettiren \u0130smail Balaban, g\u00fcre\u015f sporuna olan ba\u011fl\u0131l\u0131\u011f\u0131 ve azmiyle ilham veren bir sporcu olmaya devam ediyor.<\/p>\n<p>&nbsp;<\/p>\n","protected":false},"excerpt":{"rendered":"<p>Survivor 2025\u2019te tansiyon y\u00fckselmeye devam ediyor. \u0130smail ve Ay\u015fe aras\u0131ndaki gerilim, Efecan\u2019la ya\u015fanan sert tart\u0131\u015fmayla daha da alevlendi. Oyun alan\u0131nda s\u00f6zl\u00fc at\u0131\u015fmalar h\u0131zla b\u00fcy\u00fcrken, ikili aras\u0131ndaki gerginlik neredeyse fiziksel temasa d\u00f6n\u00fc\u015ft\u00fc. Fragmandaki bu anlar, izleyicilerde b\u00fcy\u00fck merak uyand\u0131rd\u0131.<\/p>\n","protected":false},"author":16,"featured_media":127507,"comment_status":"closed","ping_status":"closed","sticky":false,"template":"","format":"standard","meta":{"rank_math_lock_modified_date":false,"footnotes":""},"categories":[101],"tags":[2728,9437,9436],"class_list":["post-127497","post","type-post","status-publish","format-standard","has-post-thumbnail","hentry","category-kesfet","tag-survivor-2025","tag-survivor-2025-ismail-efecan-kavgasi","tag-survivor-ismail-efecan-kavgasi"],"_links":{"self":[{"href":"https:\/\/www.tgrthaber.com\/mavikadin\/wp-json\/wp\/v2\/posts\/127497"}],"collection":[{"href":"https:\/\/www.tgrthaber.com\/mavikadin\/wp-json\/wp\/v2\/posts"}],"about":[{"href":"https:\/\/www.tgrthaber.com\/mavikadin\/wp-json\/wp\/v2\/types\/post"}],"author":[{"embeddable":true,"href":"https:\/\/www.tgrthaber.com\/mavikadin\/wp-json\/wp\/v2\/users\/16"}],"replies":[{"embeddable":true,"href":"https:\/\/www.tgrthaber.com\/mavikadin\/wp-json\/wp\/v2\/comments?post=127497"}],"version-history":[{"count":1,"href":"https:\/\/www.tgrthaber.com\/mavikadin\/wp-json\/wp\/v2\/posts\/127497\/revisions"}],"predecessor-version":[{"id":127508,"href":"https:\/\/www.tgrthaber.com\/mavikadin\/wp-json\/wp\/v2\/posts\/127497\/revisions\/127508"}],"wp:featuredmedia":[{"embeddable":true,"href":"https:\/\/www.tgrthaber.com\/mavikadin\/wp-json\/wp\/v2\/media\/127507"}],"wp:attachment":[{"href":"https:\/\/www.tgrthaber.com\/mavikadin\/wp-json\/wp\/v2\/media?parent=127497"}],"wp:term":[{"taxonomy":"category","embeddable":true,"href":"https:\/\/www.tgrthaber.com\/mavikadin\/wp-json\/wp\/v2\/categories?post=127497"},{"taxonomy":"post_tag","embeddable":true,"href":"https:\/\/www.tgrthaber.com\/mavikadin\/wp-json\/wp\/v2\/tags?post=127497"}],"curies":[{"name":"wp","href":"https:\/\/api.w.org\/{rel}","templated":true}]}}