{"id":127534,"date":"2025-01-30T23:58:02","date_gmt":"2025-01-30T20:58:02","guid":{"rendered":"https:\/\/www.tgrthaber.com\/mavikadin\/?p=127534"},"modified":"2025-01-30T23:58:02","modified_gmt":"2025-01-30T20:58:02","slug":"ikizler-nazara-geldi-ido-tatlisesin-esi-yasemin-sefkatli-duyurdu-butun-gece-uyumadik","status":"publish","type":"post","link":"https:\/\/www.tgrthaber.com\/mavikadin\/ikizler-nazara-geldi-ido-tatlisesin-esi-yasemin-sefkatli-duyurdu-butun-gece-uyumadik\/","title":{"rendered":"\u0130kizler nazara geldi! \u0130do Tatl\u0131ses\u2019in e\u015fi Yasemin \u015eefkatli duyurdu: B\u00fct\u00fcn gece uyumad\u0131k!"},"content":{"rendered":"<p>22 Ocak 2024 tarihinde ikiz bebeklerini kucaklar\u0131na alan \u00fcnl\u00fc \u015fark\u0131c\u0131 \u0130do Tatl\u0131ses ile Yasemin \u015eefkatli, ikiz o\u011fullar\u0131 Ayel ve Emir&#8217;in do\u011fum g\u00fcn\u00fc i\u00e7in b\u00fcy\u00fck bir organizasyon d\u00fczenledi. Ge\u00e7ti\u011fimiz g\u00fcnlerde ikiz bebeklerine kovboy temal\u0131 do\u011fum g\u00fcn\u00fc partisi d\u00fczenleyen \u0130do Tatl\u0131ses ile Yasemin \u015eefkatli \u00e7ifti, \u00fcnl\u00fcler camias\u0131ndan pek \u00e7ok say\u0131da tan\u0131nm\u0131\u015f ismi o\u011fullar\u0131n\u0131n do\u011fum g\u00fcn\u00fc partisine davet etti.<\/p>\n<p>Birbirinden \u00fcnl\u00fc isimlerin kat\u0131l\u0131m sa\u011flad\u0131\u011f\u0131 do\u011fum g\u00fcn\u00fc organizasyonu sonras\u0131nda ise ikizlere nazar de\u011fdi\u011fi \u00f6\u011frenildi.<\/p>\n<h3>TATLISES A\u0130LES\u0130 \u0130K\u0130Z BEBEKLER\u0130NE DO\u011eUM G\u00dcN\u00dc D\u00dcZENLED\u0130!<\/h3>\n<p>Ge\u00e7ti\u011fimiz g\u00fcn 1&#8217;inci ya\u015f g\u00fcn\u00fcn\u00fc e\u011flenceli bir konsept ile kutlayan \u015fark\u0131c\u0131 \u0130do Tatl\u0131ses ile e\u015fi Yasemin \u015eefkatli, kendi sosyal medya hesaplar\u0131nda kovboy temal\u0131 partilerinden kareleri an ve an payla\u015ft\u0131lar..<\/p>\n<p><img loading=\"lazy\" decoding=\"async\" class=\"alignnone wp-image-127598\" src=\"https:\/\/www.tgrthaber.com\/mavikadin\/wp-content\/uploads\/666-11.png\" alt=\"\" width=\"1208\" height=\"790\" title=\"\" srcset=\"https:\/\/www.tgrthaber.com\/mavikadin\/wp-content\/uploads\/666-11.png 745w, https:\/\/www.tgrthaber.com\/mavikadin\/wp-content\/uploads\/666-11-300x196.png 300w\" sizes=\"(max-width: 1208px) 100vw, 1208px\" \/><\/p>\n<hr \/>\n<p>Olduk\u00e7a renkli ge\u00e7en do\u011fum g\u00fcn\u00fc organizasyonuna aile b\u00fcy\u00fcklerinin yan\u0131 s\u0131ra \u00e7ok say\u0131da \u00fcnl\u00fc isim de dahil oldu.<\/p>\n<p>\u00c7iftin ailesi ve yak\u0131n arkada\u015flar\u0131 bu do\u011fum g\u00fcn\u00fcne kat\u0131ld\u0131. O\u011fulcan Engin&#8217;den \u0130layda Ali\u015fan&#8217;a, Zehra \u00c7iligiro\u011flu&#8217;ndan Derya Tuna&#8217;ya \u0130brahim Tatl\u0131ses&#8217;ten Perihan Sava\u015f&#8217;\u0131n o\u011flu Sava\u015f Zafer&#8217;e kadar bir\u00e7ok \u00fcnl\u00fc ikizlerin parti organizasyonunda yerini ald\u0131.<\/p>\n<h3>DERYA TUNA \u0130K\u0130Z TORUNLARININ DO\u011eUM G\u00dcN\u00dcN\u00dc B\u00d6YLE KUTLADI! &#8220;EV\u0130M\u0130N NE\u015eES\u0130&#8230;&#8221;<\/h3>\n<p>Amerika&#8217;dan d\u00f6nen \u0130do Tatl\u0131ses&#8217;i annesi Derya Tuna, sosyal medya hesaplar\u0131ndan duygusal bir g\u00f6nderide bulunarak, &#8220;Canparelerim, Emir&#8217;im, Ayel&#8217;im. Siz benim hayat\u0131m\u0131n anlam\u0131, evimin ne\u015fesi oldunuz.<\/p>\n<p><img loading=\"lazy\" decoding=\"async\" class=\"alignnone wp-image-127599\" src=\"https:\/\/www.tgrthaber.com\/mavikadin\/wp-content\/uploads\/x-2.png\" alt=\"\" width=\"1208\" height=\"703\" title=\"\" srcset=\"https:\/\/www.tgrthaber.com\/mavikadin\/wp-content\/uploads\/x-2.png 777w, https:\/\/www.tgrthaber.com\/mavikadin\/wp-content\/uploads\/x-2-300x175.png 300w, https:\/\/www.tgrthaber.com\/mavikadin\/wp-content\/uploads\/x-2-768x447.png 768w\" sizes=\"(max-width: 1208px) 100vw, 1208px\" \/><\/p>\n<hr \/>\n<p>Sizlerle ge\u00e7irdi\u011fim her g\u00fcn\u00fcm \u00e7ok k\u0131ymetli. Bana bu g\u00fczel duygular\u0131 ya\u015fatt\u0131\u011f\u0131n\u0131z i\u00e7in \u00f6nce Yaradan&#8217;a sonra da baban\u0131za, annenize ve size minnettar\u0131m\ud83d\ude4f\ud83c\udffc Allah&#8217;\u0131m sizi ve t\u00fcm \u00e7ocuklar\u0131 korusun, iyi yaz\u0131lar yazs\u0131n. Bu m\u00fcbarek g\u00fcnde \u015fans\u0131n\u0131z baht\u0131n\u0131z ve yolunuz a\u00e7\u0131k olsun&#8221; ifadelerini kulland\u0131.,<\/p>\n<h3>DO\u011eUM G\u00dcN\u00dc SONRASINDA \u0130K\u0130ZLERE NAZAR DE\u011eD\u0130! &#8220;B\u00dcT\u00dcN GECE UYUMADIK&#8221;<\/h3>\n<p>\u0130do Tatl\u0131ses&#8217;in e\u015fi Yasemin \u015eefkatli o\u011flunun gece ate\u015flendi\u011fini sosyal medya hesab\u0131ndan att\u0131\u011f\u0131 story ile \u015f\u00f6yle duyurdu:<\/p>\n<p>&#8220;Gece Ayelikom ate\u015flendi. B\u00fct\u00fcn gece uyumad\u0131k. Ondan selam veremedim size. Allah&#8217;\u0131m t\u00fcm \u00e7ocuklara sa\u011fl\u0131k versin&#8221;<\/p>\n","protected":false},"excerpt":{"rendered":"<p>Ge\u00e7ti\u011fimiz g\u00fcnlerde ikiz o\u011fullar\u0131na kovboy temal\u0131 do\u011fum g\u00fcn\u00fc partisi d\u00fczenleyen \u0130do Tatl\u0131ses ile Yasemin \u015eefkatli \u00e7iftinden yeni bir payla\u015f\u0131m geldi. \u015eefkatli o\u011flunun ate\u015flendi\u011fini sosyal medya hesab\u0131ndan duyurdu.<\/p>\n","protected":false},"author":27,"featured_media":127597,"comment_status":"closed","ping_status":"closed","sticky":false,"template":"","format":"standard","meta":{"rank_math_lock_modified_date":false,"footnotes":""},"categories":[76],"tags":[2415,9466,133,2414],"class_list":["post-127534","post","type-post","status-publish","format-standard","has-post-thumbnail","hentry","category-magazin","tag-ido-tatlises","tag-ido-tatlisesin-ikizleri","tag-magazin","tag-yasemin-sefkatli"],"_links":{"self":[{"href":"https:\/\/www.tgrthaber.com\/mavikadin\/wp-json\/wp\/v2\/posts\/127534"}],"collection":[{"href":"https:\/\/www.tgrthaber.com\/mavikadin\/wp-json\/wp\/v2\/posts"}],"about":[{"href":"https:\/\/www.tgrthaber.com\/mavikadin\/wp-json\/wp\/v2\/types\/post"}],"author":[{"embeddable":true,"href":"https:\/\/www.tgrthaber.com\/mavikadin\/wp-json\/wp\/v2\/users\/27"}],"replies":[{"embeddable":true,"href":"https:\/\/www.tgrthaber.com\/mavikadin\/wp-json\/wp\/v2\/comments?post=127534"}],"version-history":[{"count":2,"href":"https:\/\/www.tgrthaber.com\/mavikadin\/wp-json\/wp\/v2\/posts\/127534\/revisions"}],"predecessor-version":[{"id":127601,"href":"https:\/\/www.tgrthaber.com\/mavikadin\/wp-json\/wp\/v2\/posts\/127534\/revisions\/127601"}],"wp:featuredmedia":[{"embeddable":true,"href":"https:\/\/www.tgrthaber.com\/mavikadin\/wp-json\/wp\/v2\/media\/127597"}],"wp:attachment":[{"href":"https:\/\/www.tgrthaber.com\/mavikadin\/wp-json\/wp\/v2\/media?parent=127534"}],"wp:term":[{"taxonomy":"category","embeddable":true,"href":"https:\/\/www.tgrthaber.com\/mavikadin\/wp-json\/wp\/v2\/categories?post=127534"},{"taxonomy":"post_tag","embeddable":true,"href":"https:\/\/www.tgrthaber.com\/mavikadin\/wp-json\/wp\/v2\/tags?post=127534"}],"curies":[{"name":"wp","href":"https:\/\/api.w.org\/{rel}","templated":true}]}}