{"id":127544,"date":"2025-01-30T22:24:17","date_gmt":"2025-01-30T19:24:17","guid":{"rendered":"https:\/\/www.tgrthaber.com\/mavikadin\/?p=127544"},"modified":"2025-01-30T22:24:17","modified_gmt":"2025-01-30T19:24:17","slug":"melike-sahin-ilk-kez-o-ses-turkiye-hakkinda-konustu-ben-ne-alaka","status":"publish","type":"post","link":"https:\/\/www.tgrthaber.com\/mavikadin\/melike-sahin-ilk-kez-o-ses-turkiye-hakkinda-konustu-ben-ne-alaka\/","title":{"rendered":"Melike \u015eahin ilk kez O Ses T\u00fcrkiye hakk\u0131nda konu\u015ftu! \u201cBen ne alaka\u201d"},"content":{"rendered":"<p>O Ses T\u00fcrkiye 2025 yar\u0131\u015fmas\u0131na kat\u0131lan Melike \u015eahin, j\u00fcri koltu\u011funda yer alacak. O Ses T\u00fcrkiye\u2019nin yeni sezon \u00e7ekimlerinde sosyal medyaya s\u0131zan g\u00f6r\u00fcnt\u00fclerde \u015eahin\u2019in yar\u0131\u015fmada \u00e7ok keyif ald\u0131\u011f\u0131 g\u00f6r\u00fcl\u00fcyordu. Di\u011fer j\u00fcri \u00fcyelerinde Melike \u015eahin kar\u015f\u0131s\u0131nda zorlanaca\u011f\u0131n\u0131 \u015fimdiden hissettirmeye ba\u015flad\u0131. \u015eahin, bir etkinlikte O Ses T\u00fcrkiye 2025 yar\u0131\u015fmas\u0131 ile ilgili kendisine y\u00f6neltilen sorular\u0131 cevaplad\u0131.<\/p>\n<h3>J\u00dcR\u0130 KOLTU\u011eUNDA MEL\u0130KE \u015eAH\u0130N!<\/h3>\n<p>O Ses T\u00fcrkiye 2025 j\u00fcri koltu\u011funda 4.ismin kim olaca\u011f\u0131 merak edilirken y\u0131lba\u015f\u0131 sonra Acun Il\u0131cal\u0131 o ismi duyurmu\u015ftu. Yar\u0131\u015fman\u0131n 4. Koltu\u011funa Melike \u015eahin oturdu. \u0130lk kez bir yar\u0131\u015fma program\u0131nda j\u00fcri koltu\u011funa oturacak olan Melike \u015eahin, program\u0131n \u00e7ekimlerinde di\u011fer j\u00fcri \u00fcyelerine zor anlar ya\u015fatt\u0131\u011f\u0131n\u0131 ve \u00e7ekimler s\u0131ras\u0131nda keyifli anlar ya\u015fanaca\u011f\u0131n\u0131 hissettirdi. O Ses T\u00fcrkiye 2025 ne zaman ba\u015flayaca\u011f\u0131 ise \u00f6n\u00fcm\u00fczdeki g\u00fcnlerde belli olacak.<\/p>\n<h3>\u201cAKICAM G\u0130B\u0130 H\u0130SSED\u0130YORUM\u201d<\/h3>\n<p>Melike \u015eahin, bir etkinlikte gazetecilerin j\u00fcri \u00fcyesi oldu\u011fu O Ses T\u00fcrkiye program\u0131 hakk\u0131nda y\u00f6netti\u011fi sorular\u0131 cevaplad\u0131. O Ses T\u00fcrkiye yar\u0131\u015fmas\u0131 i\u00e7in teklif ald\u0131\u011f\u0131nda neler hissetti\u011fini ve yar\u0131\u015fma s\u0131ras\u0131nda ya\u015fan\u0131lan rekabet hakk\u0131nda a\u00e7\u0131klamalarda bulundu. Melike \u015eahin, \u201c Oluyor oluyor. Ben tabi tam \u0131s\u0131namad\u0131m ama beni \u015f\u00f6yle bir bekleyin 5. Ya da 6. B\u00f6l\u00fcmde ak\u0131cam gibi hissediyorum.<\/p>\n<div style=\"width: 640px;\" class=\"wp-video\"><!--[if lt IE 9]><script>document.createElement('video');<\/script><![endif]-->\n<video class=\"wp-video-shortcode\" id=\"video-127544-1\" width=\"640\" height=\"1138\" preload=\"metadata\" controls=\"controls\"><source type=\"video\/mp4\" src=\"https:\/\/www.tgrthaber.com\/mavikadin\/wp-content\/uploads\/Melike-Sahin-ilk-kez-O-Ses-Turkiye-hakkinda-konustu.mp4?_=1\" \/><a href=\"https:\/\/www.tgrthaber.com\/mavikadin\/wp-content\/uploads\/Melike-Sahin-ilk-kez-O-Ses-Turkiye-hakkinda-konustu.mp4\">https:\/\/www.tgrthaber.com\/mavikadin\/wp-content\/uploads\/Melike-Sahin-ilk-kez-O-Ses-Turkiye-hakkinda-konustu.mp4<\/a><\/video><\/div>\n<hr \/>\n<h3>YILLAR SONRA J\u00dcR\u0130 KOLTU\u011eUNA OTURDUM<\/h3>\n<p>Melike \u015eahin, O Ses T\u00fcrkiye de j\u00fcri \u00fcyelerinin aras\u0131nda ya\u015fan\u0131lan rekabet hakk\u0131nda yar\u0131\u015fmaya \u0131s\u0131nd\u0131\u011f\u0131n\u0131zda j\u00fcri \u00fcyeleri sizden korksun mu? sorusuna kar\u015f\u0131l\u0131k \u015eahin, \u201cTabi neden olmas\u0131n. Ben ilk b\u00f6l\u00fcmde \u015feyi unutmu\u015fum ben de yar\u0131\u015f\u0131yorum ya asl\u0131nda orda benim tam akl\u0131ma gelmedi. Sonras\u0131nda ay do\u011fru bir saniye. Y\u0131llar \u00f6nce bu kadar keyifli izledi\u011fim bir yar\u0131\u015fma program\u0131nda hayat\u0131n bir s\u00fcrprizi i\u015fte j\u00fcri koltu\u011funa oturma ge\u00e7mi\u015f oldum. \u201c s\u00f6zleriyle a\u00e7\u0131klad\u0131.<\/p>\n<h3>\u201cBEN NE ALAKA D\u0130YE D\u00dc\u015e\u00dcND\u00dcM\u201d<\/h3>\n<p>Melike \u015eahin, O Ses T\u00fcrkiye yar\u0131\u015fmas\u0131na Acun Il\u0131cal\u0131 taraf\u0131ndan nas\u0131l davet ald\u0131\u011f\u0131n\u0131 ve teklif geldi\u011finde neler hissedip, d\u00fc\u015f\u00fcnd\u00fc\u011f\u00fc ile ilgili \u015fu ifadeleri kulland\u0131. Melike \u015eahin, yar\u0131\u015fma hakk\u0131nda \u201c \u00c7ok \u015fa\u015f\u0131rd\u0131m. Eee yani ben ne alaka diye d\u00fc\u015f\u00fcnd\u00fcm. Sonra ama yani enine boyuna d\u00fc\u015f\u00fcn\u00fcnce ya neden olmas\u0131n ya \u00e7ok e\u011flenceli bir \u015feye benziyor dedim. Ger\u00e7ekten de \u00f6yleymi\u015f ama.\u201d diyerek konu\u015ftu.<\/p>\n<p>&nbsp;<\/p>\n","protected":false},"excerpt":{"rendered":"<p>O Ses T\u00fcrkiye 2025 yar\u0131\u015fmas\u0131na j\u00fcri \u00fcyesi olarak kat\u0131lan Melike \u015eahin, yar\u0131\u015fma program\u0131 hakk\u0131nda ilk kez konu\u015ftu. Bir etkinlik \u00e7\u0131k\u0131\u015f\u0131 gazetecilerin sorular\u0131n\u0131 cevaplayan Melike \u015eahin, \u201c Teklif geldi\u011finde ben ne alaka diye d\u00fc\u015f\u00fcnd\u00fcm\u201d s\u00f6zleriyle a\u00e7\u0131klad\u0131. <\/p>\n","protected":false},"author":10,"featured_media":127545,"comment_status":"closed","ping_status":"closed","sticky":false,"template":"","format":"standard","meta":{"rank_math_lock_modified_date":false,"footnotes":""},"categories":[76],"tags":[4301,2378,7667],"class_list":["post-127544","post","type-post","status-publish","format-standard","has-post-thumbnail","hentry","category-magazin","tag-melike-sahin","tag-o-ses-turkiye","tag-o-ses-turkiye-melike-sahin"],"_links":{"self":[{"href":"https:\/\/www.tgrthaber.com\/mavikadin\/wp-json\/wp\/v2\/posts\/127544"}],"collection":[{"href":"https:\/\/www.tgrthaber.com\/mavikadin\/wp-json\/wp\/v2\/posts"}],"about":[{"href":"https:\/\/www.tgrthaber.com\/mavikadin\/wp-json\/wp\/v2\/types\/post"}],"author":[{"embeddable":true,"href":"https:\/\/www.tgrthaber.com\/mavikadin\/wp-json\/wp\/v2\/users\/10"}],"replies":[{"embeddable":true,"href":"https:\/\/www.tgrthaber.com\/mavikadin\/wp-json\/wp\/v2\/comments?post=127544"}],"version-history":[{"count":1,"href":"https:\/\/www.tgrthaber.com\/mavikadin\/wp-json\/wp\/v2\/posts\/127544\/revisions"}],"predecessor-version":[{"id":127551,"href":"https:\/\/www.tgrthaber.com\/mavikadin\/wp-json\/wp\/v2\/posts\/127544\/revisions\/127551"}],"wp:featuredmedia":[{"embeddable":true,"href":"https:\/\/www.tgrthaber.com\/mavikadin\/wp-json\/wp\/v2\/media\/127545"}],"wp:attachment":[{"href":"https:\/\/www.tgrthaber.com\/mavikadin\/wp-json\/wp\/v2\/media?parent=127544"}],"wp:term":[{"taxonomy":"category","embeddable":true,"href":"https:\/\/www.tgrthaber.com\/mavikadin\/wp-json\/wp\/v2\/categories?post=127544"},{"taxonomy":"post_tag","embeddable":true,"href":"https:\/\/www.tgrthaber.com\/mavikadin\/wp-json\/wp\/v2\/tags?post=127544"}],"curies":[{"name":"wp","href":"https:\/\/api.w.org\/{rel}","templated":true}]}}