{"id":127554,"date":"2025-01-30T22:57:20","date_gmt":"2025-01-30T19:57:20","guid":{"rendered":"https:\/\/www.tgrthaber.com\/mavikadin\/?p=127554"},"modified":"2025-01-30T22:57:20","modified_gmt":"2025-01-30T19:57:20","slug":"ismail-balabanin-esi-ilayda-seker-kimdir-survivora-katildi-mi-yasi-kariyeri-ve-hayati-arastiriliyor","status":"publish","type":"post","link":"https:\/\/www.tgrthaber.com\/mavikadin\/ismail-balabanin-esi-ilayda-seker-kimdir-survivora-katildi-mi-yasi-kariyeri-ve-hayati-arastiriliyor\/","title":{"rendered":"\u0130smail Balaban\u2019\u0131n e\u015fi \u0130layda \u015eeker kimdir? Survivor\u2019a kat\u0131ld\u0131 m\u0131? Ya\u015f\u0131, kariyeri ve hayat\u0131 ara\u015ft\u0131r\u0131l\u0131yor!"},"content":{"rendered":"<p class=\"p1\">Survivor 2021 G\u00f6n\u00fcll\u00fcler tak\u0131m\u0131 yar\u0131\u015fmac\u0131lar\u0131ndan biri olan \u0130layda \u015eeker, yar\u0131\u015fmadaki performans\u0131 ve enerjisiyle dikkat \u00e7eken isimler aras\u0131ndayd\u0131. Bu s\u00fcre\u00e7te \u0130smail Balaban ile tan\u0131\u015fan \u015eeker, yar\u0131\u015fman\u0131n ard\u0131ndan ili\u015fkilerini bir ad\u0131m \u00f6teye ta\u015f\u0131d\u0131 ve bir y\u0131l sonra evlendiler. Son olarak Survivor 2025\u2019te ya\u015fanan bir tart\u0131\u015fmayla yeniden g\u00fcndeme gelen \u00e7ift, \u0130smail Balaban\u2019\u0131n e\u015fi \u0130layda \u015eeker\u2019den Ay\u015fe\u2019yi takipten \u00e7\u0131kmas\u0131n\u0131 istemesiyle sosyal medyada b\u00fcy\u00fck yank\u0131 uyand\u0131rd\u0131. Bu olay, izleyicileri ikiye b\u00f6lerken, \u015eeker\u2019in verece\u011fi tepki de merak konusu oldu. \u0130zleyiciler, \u2018\u0130smail Balaban\u2019\u0131n e\u015fi \u0130layda \u015eeker kimdir, ka\u00e7 ya\u015f\u0131nda?\u2019 sorular\u0131n\u0131n cevaplar\u0131n\u0131 ara\u015ft\u0131r\u0131yor. \u0130\u015fte \u0130layda \u015eeker\u2019in kariyeri ve hayat\u0131na dair merak edilenler\u2026<\/p>\n<h3>\u0130SMA\u0130L BALABAN&#8217;IN E\u015e\u0130 \u0130LAYDA \u015eEKER K\u0130MD\u0130R?<\/h3>\n<p class=\"p1\">\u0130layda \u015eeker, Survivor 2021 G\u00f6n\u00fcll\u00fcler tak\u0131m\u0131nda m\u00fccadele eden ve enerjik ki\u015fili\u011fiyle dikkat \u00e7eken yar\u0131\u015fmac\u0131lardan biri olarak tan\u0131nd\u0131. Yar\u0131\u015fma s\u00fcrecinde tan\u0131\u015ft\u0131\u011f\u0131 \u0130smail Balaban ile arkada\u015fl\u0131klar\u0131 zamanla a\u015fka d\u00f6n\u00fc\u015ft\u00fc ve ikili, yar\u0131\u015fmadan bir y\u0131l sonra evlenerek ili\u015fkilerini resmile\u015ftirdi.<\/p>\n<p><img loading=\"lazy\" decoding=\"async\" class=\"alignnone wp-image-127560 size-full\" src=\"https:\/\/www.tgrthaber.com\/mavikadin\/wp-content\/uploads\/Ekran-Resmi-2025-01-30-20.58.20.png\" alt=\"\" width=\"958\" height=\"492\" title=\"\" srcset=\"https:\/\/www.tgrthaber.com\/mavikadin\/wp-content\/uploads\/Ekran-Resmi-2025-01-30-20.58.20.png 958w, https:\/\/www.tgrthaber.com\/mavikadin\/wp-content\/uploads\/Ekran-Resmi-2025-01-30-20.58.20-300x154.png 300w, https:\/\/www.tgrthaber.com\/mavikadin\/wp-content\/uploads\/Ekran-Resmi-2025-01-30-20.58.20-768x394.png 768w\" sizes=\"(max-width: 958px) 100vw, 958px\" \/><\/p>\n<hr \/>\n<p class=\"p1\">Son olarak, Survivor 2025 All Star\u2019da m\u00fccadele eden \u0130smail Balaban\u2019\u0131n Ay\u015fe ile ya\u015fad\u0131\u011f\u0131 tart\u0131\u015fma, sosyal medyada b\u00fcy\u00fck yank\u0131 uyand\u0131rd\u0131. Tart\u0131\u015fman\u0131n ard\u0131ndan Balaban\u2019\u0131n e\u015fi \u0130layda \u015eeker\u2019den Ay\u015fe\u2019yi takipten \u00e7\u0131kmas\u0131n\u0131 istemesi, izleyiciler aras\u0131nda merak uyand\u0131rd\u0131. Survivor izleyicileri \u0130smail Balaban\u2019\u0131n e\u015fi \u0130lay\u2019da \u015eeker kimdir? sorusunun cevab\u0131n\u0131 ara\u015ft\u0131rmaya ba\u015flad\u0131. \u0130\u015fte \u0130layda \u015eeker hakk\u0131nda bilinmeyenler\u2026<\/p>\n<p class=\"p1\">1994 y\u0131l\u0131nda Nev\u015fehir\u2019de d\u00fcnyaya gelen \u0130layda \u015eeker, \u00e7ocukluk ve gen\u00e7lik y\u0131llar\u0131n\u0131 \u00dcrg\u00fcp\u2019te ge\u00e7irdi. E\u011fitim hayat\u0131na burada ba\u015flayan \u015eeker, \u00fcniversite e\u011fitimi i\u00e7in farkl\u0131 bir \u015fehirde ya\u015famaya karar verdi. Sakarya \u00dcniversitesi\u2019nden mezun olan ba\u015far\u0131l\u0131 isim, e\u011fitim s\u00fcrecinin ard\u0131ndan kariyerine farkl\u0131 bir y\u00f6n verdi.<\/p>\n<p><img loading=\"lazy\" decoding=\"async\" class=\"alignnone wp-image-127561 size-full\" src=\"https:\/\/www.tgrthaber.com\/mavikadin\/wp-content\/uploads\/Ekran-Resmi-2025-01-30-20.49.20-1.png\" alt=\"\" width=\"950\" height=\"528\" title=\"\" srcset=\"https:\/\/www.tgrthaber.com\/mavikadin\/wp-content\/uploads\/Ekran-Resmi-2025-01-30-20.49.20-1.png 950w, https:\/\/www.tgrthaber.com\/mavikadin\/wp-content\/uploads\/Ekran-Resmi-2025-01-30-20.49.20-1-300x167.png 300w, https:\/\/www.tgrthaber.com\/mavikadin\/wp-content\/uploads\/Ekran-Resmi-2025-01-30-20.49.20-1-768x427.png 768w\" sizes=\"(max-width: 950px) 100vw, 950px\" \/><\/p>\n<hr \/>\n<p class=\"p1\">Survivor 2021\u2019de G\u00f6n\u00fcll\u00fcler tak\u0131m\u0131nda yar\u0131\u015farak ad\u0131n\u0131 duyuran \u0130layda \u015eeker, yar\u0131\u015fmadaki enerjisi ve m\u00fccadeleci ruhuyla izleyicilerin dikkatini \u00e7ekti. Yar\u0131\u015fma sonras\u0131 sosyal medyada aktif bir \u015fekilde i\u00e7erik \u00fcretmeye ba\u015flayan \u015eeker, Instagram\u2019da 460 binin \u00fczerinde takip\u00e7iye sahip. E\u011flenceli ve do\u011fal payla\u015f\u0131mlar\u0131yla takip\u00e7ileriyle g\u00fc\u00e7l\u00fc bir ba\u011f kuran \u015eeker, Survivor sonras\u0131 dijital d\u00fcnyada da ad\u0131ndan s\u00f6z ettirmeye devam ediyor.<\/p>\n<h3>\u0130LAYDA \u015eEKER SURV\u0130VOR&#8217;A KATILDI MI?<\/h3>\n<p>\u0130smail Balaban&#8217;\u0131n e\u015fi \u0130layda \u015eeker Survivor 2021 G\u00f6n\u00fcll\u00fcler tak\u0131m\u0131na kat\u0131lan yar\u0131\u015fmac\u0131lardan biridir.<\/p>\n","protected":false},"excerpt":{"rendered":"<p>\u0130layda \u015eeker, Survivor 2021\u2019de G\u00f6n\u00fcll\u00fcler tak\u0131m\u0131nda yar\u0131\u015farak dikkat \u00e7ekmi\u015fti. Yar\u0131\u015fmada tan\u0131\u015ft\u0131\u011f\u0131 \u0130smail Balaban ile ili\u015fkisini evlili\u011fe ta\u015f\u0131d\u0131. Survivor 2025\u2019te Balaban\u2019\u0131n e\u015finden Ay\u015fe\u2019yi takipten \u00e7\u0131kmas\u0131n\u0131 istemesi, sosyal medyada b\u00fcy\u00fck yank\u0131 uyand\u0131rd\u0131. Survivor izleyicileri \u0130smail Balaban\u2019\u0131n e\u015fi \u0130layda \u015eeker kimdir?\u2019 sorusunun cevab\u0131n\u0131 ara\u015ft\u0131r\u0131yor. \u0130\u015fte detaylar\u2026 <\/p>\n","protected":false},"author":16,"featured_media":127567,"comment_status":"closed","ping_status":"closed","sticky":false,"template":"","format":"standard","meta":{"rank_math_lock_modified_date":false,"footnotes":""},"categories":[491],"tags":[9457,9455,9456],"class_list":["post-127554","post","type-post","status-publish","format-standard","has-post-thumbnail","hentry","category-biyografi","tag-ilayda-seker-kimdir","tag-ismail-balabanin-esi-ilayda-seker-kimdir","tag-ismail-balabanin-esi-ilayda-seker-survivora-katildi-mi"],"_links":{"self":[{"href":"https:\/\/www.tgrthaber.com\/mavikadin\/wp-json\/wp\/v2\/posts\/127554"}],"collection":[{"href":"https:\/\/www.tgrthaber.com\/mavikadin\/wp-json\/wp\/v2\/posts"}],"about":[{"href":"https:\/\/www.tgrthaber.com\/mavikadin\/wp-json\/wp\/v2\/types\/post"}],"author":[{"embeddable":true,"href":"https:\/\/www.tgrthaber.com\/mavikadin\/wp-json\/wp\/v2\/users\/16"}],"replies":[{"embeddable":true,"href":"https:\/\/www.tgrthaber.com\/mavikadin\/wp-json\/wp\/v2\/comments?post=127554"}],"version-history":[{"count":1,"href":"https:\/\/www.tgrthaber.com\/mavikadin\/wp-json\/wp\/v2\/posts\/127554\/revisions"}],"predecessor-version":[{"id":127568,"href":"https:\/\/www.tgrthaber.com\/mavikadin\/wp-json\/wp\/v2\/posts\/127554\/revisions\/127568"}],"wp:featuredmedia":[{"embeddable":true,"href":"https:\/\/www.tgrthaber.com\/mavikadin\/wp-json\/wp\/v2\/media\/127567"}],"wp:attachment":[{"href":"https:\/\/www.tgrthaber.com\/mavikadin\/wp-json\/wp\/v2\/media?parent=127554"}],"wp:term":[{"taxonomy":"category","embeddable":true,"href":"https:\/\/www.tgrthaber.com\/mavikadin\/wp-json\/wp\/v2\/categories?post=127554"},{"taxonomy":"post_tag","embeddable":true,"href":"https:\/\/www.tgrthaber.com\/mavikadin\/wp-json\/wp\/v2\/tags?post=127554"}],"curies":[{"name":"wp","href":"https:\/\/api.w.org\/{rel}","templated":true}]}}