{"id":127602,"date":"2025-01-31T00:11:13","date_gmt":"2025-01-30T21:11:13","guid":{"rendered":"https:\/\/www.tgrthaber.com\/mavikadin\/?p=127602"},"modified":"2025-01-31T00:12:28","modified_gmt":"2025-01-30T21:12:28","slug":"aslihan-dogandan-esi-arda-turan-icin-ask-kokan-dogum-gunu-paylasimi","status":"publish","type":"post","link":"https:\/\/www.tgrthaber.com\/mavikadin\/aslihan-dogandan-esi-arda-turan-icin-ask-kokan-dogum-gunu-paylasimi\/","title":{"rendered":"Asl\u0131han Do\u011fan&#8217;dan e\u015fi Arda Turan i\u00e7in a\u015fk kokan do\u011fum g\u00fcn\u00fc payla\u015f\u0131m\u0131!"},"content":{"rendered":"<p>Magazin g\u00fcndeminde ismini s\u0131kl\u0131kla duydu\u011fumuz \u00fcnl\u00fc \u00e7iftlerden biri olan eski milli futbolcu Arda Turan ile Mart 2018&#8217;de d\u00fcnyaevine giren sosyetik g\u00fczel Asl\u0131han Do\u011fan Turan, aktif kulland\u0131klar\u0131 sosyal medya yay\u0131nlar\u0131 ile isimlerinden s\u00f6z ettirmeye devam ediyor.<\/p>\n<p>\u0130ki o\u011fullar\u0131 olan Arda Turan-Asl\u0131han Do\u011fan \u00e7ifti, bas\u0131na yapt\u0131klar\u0131 a\u00e7\u0131klamalarda her f\u0131rsatta ne kadar kalabal\u0131k bir aile olmak istediklerinden bahsediyordu. Asl\u0131han Do\u011fan, &#8220;K\u0131smet olursa ikimizin de istedi\u011fi bir \u015fey. Aray\u0131 a\u00e7madan \u00fc\u00e7\u00fcnc\u00fc \u00e7ocu\u011fu do\u011furmak isterim. \u0130ki o\u011flum var, \u00fc\u00e7\u00fcnc\u00fcs\u00fc k\u0131z olursa \u00e7ok mutlu olurum. K\u0131z\u0131m olursa ad\u0131n\u0131n Farah Asl\u0131han olmas\u0131n\u0131 istiyorum&#8221; ifadesinde bulunmu\u015ftu.<\/p>\n<p>Sosyetik g\u00fczel Asl\u0131han Do\u011fan, 38&#8217;nci ya\u015f\u0131na giren e\u015fi Arda Turan&#8217;\u0131n do\u011fum g\u00fcn\u00fcn\u00fc sosyal medya hesab\u0131ndan romantik s\u00f6zlerle kutlad\u0131. E\u015fini ne kadar \u00e7ok sevdi\u011fini hayk\u0131rd\u0131\u011f\u0131 g\u00f6nderisi takip\u00e7ileri taraf\u0131ndan be\u011feni ve yorum ya\u011fmuruna tutuldu. \u0130\u015fte Asl\u0131han Do\u011fan&#8217;\u0131n o payla\u015f\u0131m\u0131&#8230;<\/p>\n<h3>ASLIHAN DO\u011eAN&#8217;DAN E\u015e\u0130 ARDA TURAN&#8217;A ROMANT\u0130K DO\u011eUM G\u00dcN\u00dc JEST\u0130<\/h3>\n<p>38. ya\u015f g\u00fcn\u00fcn\u00fc kutlayan futbolcu Arda Turan i\u00e7in e\u015fi Asl\u0131han Do\u011fan, sosyal medya hesab\u0131ndan romantik s\u00f6zlerle e\u015fine bir do\u011fum g\u00fcn\u00fc kutlamas\u0131 g\u00f6nderisi payla\u015ft\u0131.<\/p>\n<p><img loading=\"lazy\" decoding=\"async\" class=\"alignnone wp-image-127603\" src=\"https:\/\/www.tgrthaber.com\/mavikadin\/wp-content\/uploads\/ds.png\" alt=\"\" width=\"1208\" height=\"768\" title=\"\" srcset=\"https:\/\/www.tgrthaber.com\/mavikadin\/wp-content\/uploads\/ds.png 870w, https:\/\/www.tgrthaber.com\/mavikadin\/wp-content\/uploads\/ds-300x191.png 300w, https:\/\/www.tgrthaber.com\/mavikadin\/wp-content\/uploads\/ds-768x488.png 768w\" sizes=\"(max-width: 1208px) 100vw, 1208px\" \/><\/p>\n<hr \/>\n<p>A\u015fk dolu s\u00f6zc\u00fcklerin havada u\u00e7u\u015ftu\u011fu g\u00f6nderisinde e\u015fi Arda Turan ile olan an\u0131lar\u0131na de\u011finen Asl\u0131han Do\u011fan, sosyal medyada yapt\u0131\u011f\u0131 bu payla\u015f\u0131mla Arda Turan&#8217;\u0131n g\u00f6nl\u00fcn\u00fc ikinci kez fethetti.<\/p>\n<h3>&#8220;EL ELE Y\u00dcR\u00dcD\u00dc\u011e\u00dcM\u00dcZ YOLA, UYURKEN BARI\u015eTI\u011eIMIZ HER KAVGAYA \u0130Y\u0130 K\u0130 DO\u011eDUN SEN\u0130 \u00c7OK SEV\u0130YORUM!<\/h3>\n<p>Sosyetik g\u00fczel Asl\u0131han Do\u011fan, eski futbolcu Arda Turan&#8217;\u0131n yeni ya\u015f g\u00fcn\u00fc i\u00e7in sosyal medyada payla\u015f\u0131mda bulundu\u011fu g\u00f6nderisinde \u00fcnl\u00fc ismin do\u011fum g\u00fcn\u00fcn\u00fc;<\/p>\n<p>&#8221;Beraber b\u00fcy\u00fcd\u00fc\u011f\u00fcm\u00fcz her seneye, en iyi en k\u00f6t\u00fc g\u00fcne, g\u00fcld\u00fc\u011f\u00fcm\u00fcz, a\u011flad\u0131\u011f\u0131m\u0131z, her dakikaya, \u00e7ocuklar\u0131m\u0131zla olan her saniyemize, kelimelerle de\u011fil tebess\u00fcmle g\u00f6z g\u00f6ze geldi\u011fimiz her ana. El ele y\u00fcr\u00fcd\u00fc\u011f\u00fcm\u00fcz yola, uyurken bar\u0131\u015ft\u0131\u011f\u0131m\u0131z her kavgaya iyi ki do\u011fdun, seni \u00e7ok seviyorum.&#8221; s\u00f6zleriyle kutlad\u0131.<\/p>\n<p>&nbsp;<\/p>\n","protected":false},"excerpt":{"rendered":"<p>Sosyetik g\u00fczel Asl\u0131han Do\u011fan, e\u015fi Arda Turan&#8217;\u0131n yeni ya\u015f\u0131n\u0131 sosyal medya hesab\u0131ndan yay\u0131nlad\u0131\u011f\u0131 romantik g\u00f6nderi ile kutlad\u0131.<\/p>\n","protected":false},"author":27,"featured_media":127607,"comment_status":"closed","ping_status":"closed","sticky":false,"template":"","format":"standard","meta":{"rank_math_lock_modified_date":false,"footnotes":""},"categories":[76],"tags":[5771,9467,133],"class_list":["post-127602","post","type-post","status-publish","format-standard","has-post-thumbnail","hentry","category-magazin","tag-arda-turan","tag-aslihan-dogan","tag-magazin"],"_links":{"self":[{"href":"https:\/\/www.tgrthaber.com\/mavikadin\/wp-json\/wp\/v2\/posts\/127602"}],"collection":[{"href":"https:\/\/www.tgrthaber.com\/mavikadin\/wp-json\/wp\/v2\/posts"}],"about":[{"href":"https:\/\/www.tgrthaber.com\/mavikadin\/wp-json\/wp\/v2\/types\/post"}],"author":[{"embeddable":true,"href":"https:\/\/www.tgrthaber.com\/mavikadin\/wp-json\/wp\/v2\/users\/27"}],"replies":[{"embeddable":true,"href":"https:\/\/www.tgrthaber.com\/mavikadin\/wp-json\/wp\/v2\/comments?post=127602"}],"version-history":[{"count":2,"href":"https:\/\/www.tgrthaber.com\/mavikadin\/wp-json\/wp\/v2\/posts\/127602\/revisions"}],"predecessor-version":[{"id":127606,"href":"https:\/\/www.tgrthaber.com\/mavikadin\/wp-json\/wp\/v2\/posts\/127602\/revisions\/127606"}],"wp:featuredmedia":[{"embeddable":true,"href":"https:\/\/www.tgrthaber.com\/mavikadin\/wp-json\/wp\/v2\/media\/127607"}],"wp:attachment":[{"href":"https:\/\/www.tgrthaber.com\/mavikadin\/wp-json\/wp\/v2\/media?parent=127602"}],"wp:term":[{"taxonomy":"category","embeddable":true,"href":"https:\/\/www.tgrthaber.com\/mavikadin\/wp-json\/wp\/v2\/categories?post=127602"},{"taxonomy":"post_tag","embeddable":true,"href":"https:\/\/www.tgrthaber.com\/mavikadin\/wp-json\/wp\/v2\/tags?post=127602"}],"curies":[{"name":"wp","href":"https:\/\/api.w.org\/{rel}","templated":true}]}}