{"id":127614,"date":"2025-01-31T00:48:56","date_gmt":"2025-01-30T21:48:56","guid":{"rendered":"https:\/\/www.tgrthaber.com\/mavikadin\/?p=127614"},"modified":"2025-01-31T00:51:29","modified_gmt":"2025-01-30T21:51:29","slug":"127614-2","status":"publish","type":"post","link":"https:\/\/www.tgrthaber.com\/mavikadin\/127614-2\/","title":{"rendered":"Kerem Bilginer&#8217;den \u00e7ok \u00f6zel a\u00e7\u0131klamalar: Sezonda ve final s\u00fcrecinde ya\u015fad\u0131klar\u0131n\u0131 anlatt\u0131!"},"content":{"rendered":"<p>TV8 kanal\u0131nda yay\u0131nlanan Masterchef 2024 sezonunun sona ermesi ile Masterchef program\u0131n\u0131n bu sene ki \u015fampiyonu Onur olmu\u015ftu. Yar\u0131\u015fmac\u0131 Onur ile beraber finale kalan iki isimden biri olan yar\u0131\u015fmac\u0131 Kerem Bilginer, verdi\u011fi bir rop\u00f6rtajda hakk\u0131nda merak edilen sorulara samimi a\u00e7\u0131klamalarda bulundu.<\/p>\n<p>Programdaki en sevdi\u011fi ve favori olarak g\u00f6rd\u00fc\u011f\u00fc \u015fefini a\u00e7\u0131klayan yar\u0131\u015fmac\u0131 Kerem, sezonda ve final s\u00fcrecinde ya\u015fad\u0131klar\u0131ndan bahsetti.<\/p>\n<h3>MASTERCHEF&#8217;\u0130N F\u0130NAL YARI\u015eMACISI KEREM&#8217;DEN SAM\u0130M\u0130 \u0130T\u0130RAFLAR&#8230;<\/h3>\n<p>Youtube kanal\u0131na konuk olarak kat\u0131lan ve bu seneki yar\u0131\u015fma i\u00e7erisinde ya\u015fad\u0131klar\u0131n\u0131 dile getiren yar\u0131\u015fmac\u0131 Kerem Bilginer,<\/p>\n<p><img loading=\"lazy\" decoding=\"async\" class=\"alignnone wp-image-119967\" src=\"https:\/\/www.tgrthaber.com\/mavikadin\/wp-content\/uploads\/Masterchef-Kerem-Bilginer-2.jpg\" alt=\"\" width=\"1208\" height=\"805\" title=\"\" srcset=\"https:\/\/www.tgrthaber.com\/mavikadin\/wp-content\/uploads\/Masterchef-Kerem-Bilginer-2.jpg 1065w, https:\/\/www.tgrthaber.com\/mavikadin\/wp-content\/uploads\/Masterchef-Kerem-Bilginer-2-300x200.jpg 300w, https:\/\/www.tgrthaber.com\/mavikadin\/wp-content\/uploads\/Masterchef-Kerem-Bilginer-2-1024x683.jpg 1024w, https:\/\/www.tgrthaber.com\/mavikadin\/wp-content\/uploads\/Masterchef-Kerem-Bilginer-2-768x512.jpg 768w\" sizes=\"(max-width: 1208px) 100vw, 1208px\" \/><\/p>\n<hr \/>\n<p>&#8220;Kendi ad\u0131ma \u00e7ok \u015fey \u00f6\u011frendim, \u00e7ok fazla tecr\u00fcbe kazand\u0131m. Kolay olmad\u0131 baz\u0131 \u015feyler, y\u0131prand\u0131\u011f\u0131m\u0131z zamanlar \u00e7ok oldu.&#8221; dedi.<\/p>\n<h3>YARI\u015eMACI KEREM: UNUTULMAYACAK B\u0130R ANDIR BEN\u0130M \u0130\u00c7\u0130N&#8230;<\/h3>\n<p>Onur ile beraber finalde yar\u0131\u015fan yar\u0131\u015fmac\u0131 Kerem, &#8220;Milyonlarca insan bizi izledi. Bu unutulmayacak bir and\u0131r benim i\u00e7in. Her zaman hat\u0131rlayaca\u011f\u0131m o g\u00fcn\u00fc. Hi\u00e7bir kaza bela ya\u015famad\u0131k. \u0130kimiz de ba\u015f\u0131m\u0131z dik girdik ba\u015f\u0131m\u0131z dik \u00e7\u0131kt\u0131k st\u00fcdyodan.&#8221; ifadesinde bulundu.<\/p>\n<h3>KEREM B\u0130LG\u0130NER YARI\u015eMADA EN \u00c7OK ZORLANDI\u011eI \u015eEYDEN BAHSETT\u0130!<\/h3>\n<p>Masterchef&#8217;te en \u00e7ok zorland\u0131\u011f\u0131 andan bahseden yar\u0131\u015fmac\u0131 Kerem Bilginer, s\u00f6zlerinde \u015fu ifadeleri kulland\u0131:<\/p>\n<p><img loading=\"lazy\" decoding=\"async\" class=\"alignnone wp-image-119966\" src=\"https:\/\/www.tgrthaber.com\/mavikadin\/wp-content\/uploads\/Masterchef-Kerem-Bilginer-1.jpg\" alt=\"\" width=\"1208\" height=\"805\" title=\"\" srcset=\"https:\/\/www.tgrthaber.com\/mavikadin\/wp-content\/uploads\/Masterchef-Kerem-Bilginer-1.jpg 1066w, https:\/\/www.tgrthaber.com\/mavikadin\/wp-content\/uploads\/Masterchef-Kerem-Bilginer-1-300x200.jpg 300w, https:\/\/www.tgrthaber.com\/mavikadin\/wp-content\/uploads\/Masterchef-Kerem-Bilginer-1-1024x682.jpg 1024w, https:\/\/www.tgrthaber.com\/mavikadin\/wp-content\/uploads\/Masterchef-Kerem-Bilginer-1-768x512.jpg 768w\" sizes=\"(max-width: 1208px) 100vw, 1208px\" \/><\/p>\n<hr \/>\n<p>Yemek yapmak bu yar\u0131\u015fman\u0131n y\u00fczde 40&#8217;l\u0131k b\u00f6l\u00fcm\u00fc. Daha fazla neye yo\u011funla\u015fmak gerekirse psikolojini y\u00f6netebilmeniz \u00e7ok \u00f6nemli. Aylarca yar\u0131\u015f\u0131yorsunuz, ailelerden uza\u011f\u0131z. Psikolojiyi y\u00f6netebilmek i\u015fin en zor k\u0131sm\u0131.<\/p>\n<h3>KEREM B\u0130LG\u0130NER&#8217;DEN SAM\u0130M\u0130 \u0130T\u0130RAF: FAVOR\u0130 \u015eEF\u0130N\u0130 A\u00c7IKLADI&#8230;<\/h3>\n<p>\u015eeflerle ilgili de\u011ferlendirmesini de yapan yar\u0131\u015fmac\u0131 Kerem Bilginer, j\u00fcri \u00fcyelerinden olan Mehmet Yal\u00e7\u0131nkaya, Danilo Zanna ve Somer Sivrio\u011flu i\u00e7in \u015fu ifadeleri kulland\u0131:<\/p>\n<p>Hepsi birbirinden de\u011ferli \u015feflerimiz. Somer \u015fef yeri ayr\u0131d\u0131r. Mesle\u011fe ba\u015flad\u0131\u011f\u0131mda Somer \u015fef idol ald\u0131\u011f\u0131m \u015feflerin ba\u015f\u0131nda geliyor. Danilo \u015fef tam bir \u0130talyan tarz\u0131. Danilo \u015fefin st\u00fcdyoya girdi\u011fi enerjisinden belli oluyordu. Mehmet \u015fef tam bir baba karakteridir. Sert g\u00f6z\u00fck\u00fcr ama en yufka kalp Mehmet \u015fefte vard\u0131r.<\/p>\n","protected":false},"excerpt":{"rendered":"<p>Masterchef&#8217;in bu sezondaki finalist yar\u0131\u015fmac\u0131s\u0131 Kerem Bilginer, hakk\u0131nda merak edilenlere samimi a\u00e7\u0131klamalarda bulundu. \u0130\u015fte \u015fampiyonlu\u011fa ramak kala elenen Kerem Bilginer&#8217;in \u00e7ok \u00f6zel o a\u00e7\u0131klamalar\u0131 ve itiraflar\u0131&#8230;<\/p>\n","protected":false},"author":27,"featured_media":127619,"comment_status":"closed","ping_status":"closed","sticky":false,"template":"","format":"standard","meta":{"rank_math_lock_modified_date":false,"footnotes":""},"categories":[76],"tags":[7697,1120],"class_list":["post-127614","post","type-post","status-publish","format-standard","has-post-thumbnail","hentry","category-magazin","tag-kerem-bilginer","tag-masterchef"],"_links":{"self":[{"href":"https:\/\/www.tgrthaber.com\/mavikadin\/wp-json\/wp\/v2\/posts\/127614"}],"collection":[{"href":"https:\/\/www.tgrthaber.com\/mavikadin\/wp-json\/wp\/v2\/posts"}],"about":[{"href":"https:\/\/www.tgrthaber.com\/mavikadin\/wp-json\/wp\/v2\/types\/post"}],"author":[{"embeddable":true,"href":"https:\/\/www.tgrthaber.com\/mavikadin\/wp-json\/wp\/v2\/users\/27"}],"replies":[{"embeddable":true,"href":"https:\/\/www.tgrthaber.com\/mavikadin\/wp-json\/wp\/v2\/comments?post=127614"}],"version-history":[{"count":3,"href":"https:\/\/www.tgrthaber.com\/mavikadin\/wp-json\/wp\/v2\/posts\/127614\/revisions"}],"predecessor-version":[{"id":127623,"href":"https:\/\/www.tgrthaber.com\/mavikadin\/wp-json\/wp\/v2\/posts\/127614\/revisions\/127623"}],"wp:featuredmedia":[{"embeddable":true,"href":"https:\/\/www.tgrthaber.com\/mavikadin\/wp-json\/wp\/v2\/media\/127619"}],"wp:attachment":[{"href":"https:\/\/www.tgrthaber.com\/mavikadin\/wp-json\/wp\/v2\/media?parent=127614"}],"wp:term":[{"taxonomy":"category","embeddable":true,"href":"https:\/\/www.tgrthaber.com\/mavikadin\/wp-json\/wp\/v2\/categories?post=127614"},{"taxonomy":"post_tag","embeddable":true,"href":"https:\/\/www.tgrthaber.com\/mavikadin\/wp-json\/wp\/v2\/tags?post=127614"}],"curies":[{"name":"wp","href":"https:\/\/api.w.org\/{rel}","templated":true}]}}