{"id":127662,"date":"2025-01-31T08:57:58","date_gmt":"2025-01-31T05:57:58","guid":{"rendered":"https:\/\/www.tgrthaber.com\/mavikadin\/?p=127662"},"modified":"2025-01-31T08:58:09","modified_gmt":"2025-01-31T05:58:09","slug":"o-ses-turkiye-2025-neden-baslamadi-o-ses-turkiye-2025-yayin-tarihi-belli-oldu-mu-ne-zaman-baslayacak","status":"publish","type":"post","link":"https:\/\/www.tgrthaber.com\/mavikadin\/o-ses-turkiye-2025-neden-baslamadi-o-ses-turkiye-2025-yayin-tarihi-belli-oldu-mu-ne-zaman-baslayacak\/","title":{"rendered":"O Ses T\u00fcrkiye 2025 neden ba\u015flamad\u0131? O Ses T\u00fcrkiye 2025 yay\u0131n tarihi belli oldu mu, ne zaman ba\u015flayacak?"},"content":{"rendered":"<p>TV8 ekranlar\u0131n\u0131n ilgiyle takip edilen yar\u0131\u015fmas\u0131 O Ses T\u00fcrkiye 2025 ekranlara geri d\u00f6nd\u00fc. Ekranlara geri d\u00f6nmesiyle birlikte yar\u0131\u015fman\u0131n ne zaman ba\u015flayaca\u011f\u0131 merak edildi. Herkes taraf\u0131ndan merakla beklenen O Ses T\u00fcrkiye 2025 yar\u0131\u015fmas\u0131n\u0131n ocak ay\u0131 i\u00e7erisinde yay\u0131nlanaca\u011f\u0131 s\u00f6yleniyordu. Peki, O Ses T\u00fcrkiye 2025 neden ba\u015flamad\u0131? O Ses T\u00fcrkiye yay\u0131n tarihi belli oldu mu, ne zaman ba\u015flayacak? \u0130\u015fte O Ses T\u00fcrkiye 2025 Yar\u0131\u015fmas\u0131 hakk\u0131nda merak edilenler\u2026<\/p>\n<hr \/>\n<h3>O SES T\u00dcRK\u0130YE 2025 NEDEN BA\u015eLAMADI?<\/h3>\n<p>Seyircinin b\u00fcy\u00fck bir heyecanla bekledi\u011fi O Ses T\u00fcrkiye yar\u0131\u015fmas\u0131n\u0131n 25 Ocak\u2019ta yay\u0131nlanaca\u011f\u0131 s\u00f6yleniyordu. Fakat uzun s\u00fcredir beklenen O Ses T\u00fcrkiye yar\u0131\u015fmas\u0131n\u0131n yeni sezonu hen\u00fcz ba\u015flamad\u0131. \u0130zleyicilerin heyecanla bekledi\u011fi O Ses T\u00fcrkiye yar\u0131\u015fmas\u0131n\u0131n neden ba\u015flamad\u0131\u011f\u0131 ise merak edildi.<\/p>\n<p><img loading=\"lazy\" decoding=\"async\" class=\"alignnone wp-image-127664\" src=\"https:\/\/www.tgrthaber.com\/mavikadin\/wp-content\/uploads\/Adsiz-tasarim-28-23-1024x576.jpg\" alt=\"O Ses T\u00fcrkiye 2025 neden ba\u015flamad\u0131? \" width=\"1208\" height=\"680\" title=\"\" srcset=\"https:\/\/www.tgrthaber.com\/mavikadin\/wp-content\/uploads\/Adsiz-tasarim-28-23-1024x576.jpg 1024w, https:\/\/www.tgrthaber.com\/mavikadin\/wp-content\/uploads\/Adsiz-tasarim-28-23-300x169.jpg 300w, https:\/\/www.tgrthaber.com\/mavikadin\/wp-content\/uploads\/Adsiz-tasarim-28-23-768x432.jpg 768w, https:\/\/www.tgrthaber.com\/mavikadin\/wp-content\/uploads\/Adsiz-tasarim-28-23-1536x864.jpg 1536w, https:\/\/www.tgrthaber.com\/mavikadin\/wp-content\/uploads\/Adsiz-tasarim-28-23.jpg 1600w\" sizes=\"(max-width: 1208px) 100vw, 1208px\" \/><\/p>\n<hr \/>\n<p>Sunucu ve yap\u0131mc\u0131 Acun Il\u0131cal\u0131, O Ses T\u00fcrkiye Y\u0131lba\u015f\u0131 \u00f6zel program\u0131nda yapt\u0131\u011f\u0131 a\u00e7\u0131klamada, yar\u0131\u015fman\u0131n ba\u015flayaca\u011f\u0131 tarihi 25 Ocak 2025 olarak duyurmu\u015ftu. TV8 ekranlar\u0131nda izleyici kar\u015f\u0131s\u0131na \u00e7\u0131kacak olan O Ses T\u00fcrkiye yar\u0131\u015fmas\u0131 25 Ocak tarihinde ilk b\u00f6l\u00fcm\u00fcyle yeni sezona ba\u015flamas\u0131 bekleniyordu. Uzun bir aran\u0131n ard\u0131ndan tekrar ekranlara d\u00f6nen O Ses T\u00fcrkiye yar\u0131\u015fmas\u0131, TV8 yay\u0131n ak\u0131\u015f\u0131na bak\u0131ld\u0131\u011f\u0131nda bu haftada yay\u0131nlanmayacak. TV8 yay\u0131n ak\u0131\u015f\u0131nda 2 \u015eubat tarihine kadar Survivor 2025 yar\u0131\u015fmas\u0131 d\u0131\u015f\u0131nda ba\u015fka bir program g\u00f6z\u00fckm\u00fcyor.<\/p>\n<h3>O SES T\u00dcRK\u0130YE 2025 YAYIN TAR\u0130H\u0130 BELL\u0130 OLDU MU?<\/h3>\n<p>Herkesin merakla bekledi\u011fi O Ses T\u00fcrkiye yar\u0131\u015fmas\u0131 Acun Il\u0131cal\u0131\u2019n\u0131n verdi\u011fi tarihe g\u00f6re ge\u00e7ti\u011fimiz hafta yay\u0131nlanmas\u0131 gerekiyordu. Seyircinin uzun s\u00fcredir bekledi\u011fi O Ses T\u00fcrkiye program\u0131 normal \u015fartlara g\u00f6re 25 Ocak tarihinde yay\u0131nlanacakt\u0131. TV8 ekranlar\u0131nda izleyici ile bulu\u015facak olan program\u0131n hen\u00fcz neden yay\u0131nlanmad\u0131\u011f\u0131 bilinmiyor.<\/p>\n<p><img loading=\"lazy\" decoding=\"async\" class=\"alignnone wp-image-127665\" src=\"https:\/\/www.tgrthaber.com\/mavikadin\/wp-content\/uploads\/Adsiz-tasarim-23-16-1024x576.jpg\" alt=\"O Ses T\u00fcrkiye 2025 neden ba\u015flamad\u0131? \" width=\"1208\" height=\"680\" title=\"\" srcset=\"https:\/\/www.tgrthaber.com\/mavikadin\/wp-content\/uploads\/Adsiz-tasarim-23-16-1024x576.jpg 1024w, https:\/\/www.tgrthaber.com\/mavikadin\/wp-content\/uploads\/Adsiz-tasarim-23-16-300x169.jpg 300w, https:\/\/www.tgrthaber.com\/mavikadin\/wp-content\/uploads\/Adsiz-tasarim-23-16-768x432.jpg 768w, https:\/\/www.tgrthaber.com\/mavikadin\/wp-content\/uploads\/Adsiz-tasarim-23-16-1536x864.jpg 1536w, https:\/\/www.tgrthaber.com\/mavikadin\/wp-content\/uploads\/Adsiz-tasarim-23-16.jpg 1600w\" sizes=\"(max-width: 1208px) 100vw, 1208px\" \/><\/p>\n<hr \/>\n<p>Ge\u00e7ti\u011fimiz haftalarda O Ses T\u00fcrkiye yar\u0131\u015fmas\u0131ndan ilk g\u00f6r\u00fcnt\u00fcler sosyal medyada yay\u0131nlanm\u0131\u015ft\u0131. Sosyal medyaya s\u0131zd\u0131r\u0131lan O Ses T\u00fcrkiye program\u0131ndan kesitler seyircinin b\u00fcy\u00fck bir ilgisini \u00e7ekmi\u015fti. Yay\u0131nlanmas\u0131 sab\u0131rs\u0131zl\u0131kla beklenen O Ses T\u00fcrkiye yar\u0131\u015fmas\u0131n\u0131n ne zaman ba\u015flayaca\u011f\u0131na dair kesin bir bilgi bulunmuyor. Hen\u00fcz kesin bir yay\u0131n tarihi olmayan O Ses T\u00fcrkiye yar\u0131\u015fmas\u0131 izleyici taraf\u0131ndan merakla bekleniyor. Konuyla ilgili yeni bilgiler ve duyurular geldi\u011fi taktirde haberimizde yer alacakt\u0131r.<\/p>\n<h3><strong>O SES T\u00dcRK\u0130YE 2025 YARI\u015eMASININ J\u00dcR\u0130 \u00dcYELER\u0130 K\u0130M?<\/strong><\/h3>\n<p>TV8 ekranlar\u0131n\u0131n b\u00fcy\u00fck bir ilgiyle takip edilen yar\u0131\u015fmas\u0131 O Ses T\u00fcrkiye yar\u0131\u015fmas\u0131nda ge\u00e7ti\u011fimiz sezonlarda birbirinden de\u011ferli sanat\u00e7\u0131lar yer alm\u0131\u015ft\u0131. Hadise y\u0131llar\u0131n tecr\u00fcbesiyle her zamanki gibi ad\u0131ndan s\u00f6z ettirmi\u015f, Athena Grubunun \u00fcyelerinden G\u00f6khan \u00d6zo\u011fuz komik halleriyle herkesi g\u00fcld\u00fcrm\u00fc\u015f, Ebru G\u00fcnde\u015f sesiyle herkesi mest etmi\u015f, Murat Boz ise yak\u0131\u015f\u0131kl\u0131l\u0131\u011f\u0131yla herkesi etkilemi\u015fti.<\/p>\n<p><img loading=\"lazy\" decoding=\"async\" class=\"alignnone wp-image-127666\" src=\"https:\/\/www.tgrthaber.com\/mavikadin\/wp-content\/uploads\/Adsiz-tasarim-27-21-1024x576.jpg\" alt=\"O Ses T\u00fcrkiye 2025 neden ba\u015flamad\u0131? \" width=\"1208\" height=\"680\" title=\"\" srcset=\"https:\/\/www.tgrthaber.com\/mavikadin\/wp-content\/uploads\/Adsiz-tasarim-27-21-1024x576.jpg 1024w, https:\/\/www.tgrthaber.com\/mavikadin\/wp-content\/uploads\/Adsiz-tasarim-27-21-300x169.jpg 300w, https:\/\/www.tgrthaber.com\/mavikadin\/wp-content\/uploads\/Adsiz-tasarim-27-21-768x432.jpg 768w, https:\/\/www.tgrthaber.com\/mavikadin\/wp-content\/uploads\/Adsiz-tasarim-27-21-1536x864.jpg 1536w, https:\/\/www.tgrthaber.com\/mavikadin\/wp-content\/uploads\/Adsiz-tasarim-27-21.jpg 1600w\" sizes=\"(max-width: 1208px) 100vw, 1208px\" \/><\/p>\n<hr \/>\n<p>Ge\u00e7ti\u011fimiz sezonlara damga vuran j\u00fcri \u00fcyeleri aras\u0131nda g\u00fc\u00e7l\u00fc sesiyle Y\u0131ld\u0131z Tilbe, ba\u015far\u0131l\u0131 \u015fark\u0131lar\u0131yla O\u011fuzhan Ko\u00e7, esprileriyle kahkahaya bo\u011fan Beyaz\u0131t \u00d6zt\u00fcrk j\u00fcri koltu\u011funda yerini alan isimler aras\u0131ndayd\u0131.<\/p>\n<p><img loading=\"lazy\" decoding=\"async\" class=\"alignnone wp-image-127667\" src=\"https:\/\/www.tgrthaber.com\/mavikadin\/wp-content\/uploads\/Adsiz-tasarim-25-23-1024x576.jpg\" alt=\"O Ses T\u00fcrkiye 2025 neden ba\u015flamad\u0131? \" width=\"1208\" height=\"680\" title=\"\" srcset=\"https:\/\/www.tgrthaber.com\/mavikadin\/wp-content\/uploads\/Adsiz-tasarim-25-23-1024x576.jpg 1024w, https:\/\/www.tgrthaber.com\/mavikadin\/wp-content\/uploads\/Adsiz-tasarim-25-23-300x169.jpg 300w, https:\/\/www.tgrthaber.com\/mavikadin\/wp-content\/uploads\/Adsiz-tasarim-25-23-768x432.jpg 768w, https:\/\/www.tgrthaber.com\/mavikadin\/wp-content\/uploads\/Adsiz-tasarim-25-23-1536x864.jpg 1536w, https:\/\/www.tgrthaber.com\/mavikadin\/wp-content\/uploads\/Adsiz-tasarim-25-23.jpg 1600w\" sizes=\"(max-width: 1208px) 100vw, 1208px\" \/><\/p>\n<hr \/>\n<p>O Ses T\u00fcrkiye 2025 yar\u0131\u015fmas\u0131n\u0131n yeni j\u00fcri \u00fcyeleri ise birbirinden bomba isimler olarak kar\u015f\u0131m\u0131za \u00e7\u0131k\u0131yor. O Ses T\u00fcrkiye 2025 yar\u0131\u015fmas\u0131n\u0131n j\u00fcri \u00fcyeleri Beyaz\u0131t \u00d6zt\u00fcrk, Melike \u015eahin, G\u00f6khan \u00d6zo\u011fuz ve Hadise\u00a0olarak belirlenmi\u015fti. O Ses T\u00fcrkiye 2025 yar\u0131\u015fmas\u0131nda olduk\u00e7a e\u011flenceli ve rekabetli bir sezonun bizleri bekliyor. Birbirinden ba\u015far\u0131l\u0131 sanat\u00e7\u0131lar\u0131n j\u00fcri koltu\u011funda oturdu\u011fu yar\u0131\u015fma seyirciler taraf\u0131ndan merakla bekleniyor.<\/p>\n","protected":false},"excerpt":{"rendered":"<p>TV8 ekranlar\u0131nda seyirciyle bulu\u015fmaya haz\u0131rlanan O Ses T\u00fcrkiye 2025 program\u0131n\u0131n neden yay\u0131nlanmad\u0131\u011f\u0131 merak ediliyor. Peki, O Ses T\u00fcrkiye 2025 yay\u0131n tarihi belli oldu mu? O Ses T\u00fcrkiye 2025 ne zaman ba\u015flayacak? \u0130\u015fte detaylar\u2026 <\/p>\n","protected":false},"author":26,"featured_media":127663,"comment_status":"closed","ping_status":"closed","sticky":false,"template":"","format":"standard","meta":{"rank_math_lock_modified_date":false,"footnotes":""},"categories":[101],"tags":[2378,6532,6533,9484],"class_list":["post-127662","post","type-post","status-publish","format-standard","has-post-thumbnail","hentry","category-kesfet","tag-o-ses-turkiye","tag-o-ses-turkiye-2025","tag-o-ses-turkiye-2025-ne-zaman-baslayacak","tag-o-ses-turkiye-neden-baslamadi"],"_links":{"self":[{"href":"https:\/\/www.tgrthaber.com\/mavikadin\/wp-json\/wp\/v2\/posts\/127662"}],"collection":[{"href":"https:\/\/www.tgrthaber.com\/mavikadin\/wp-json\/wp\/v2\/posts"}],"about":[{"href":"https:\/\/www.tgrthaber.com\/mavikadin\/wp-json\/wp\/v2\/types\/post"}],"author":[{"embeddable":true,"href":"https:\/\/www.tgrthaber.com\/mavikadin\/wp-json\/wp\/v2\/users\/26"}],"replies":[{"embeddable":true,"href":"https:\/\/www.tgrthaber.com\/mavikadin\/wp-json\/wp\/v2\/comments?post=127662"}],"version-history":[{"count":1,"href":"https:\/\/www.tgrthaber.com\/mavikadin\/wp-json\/wp\/v2\/posts\/127662\/revisions"}],"predecessor-version":[{"id":127668,"href":"https:\/\/www.tgrthaber.com\/mavikadin\/wp-json\/wp\/v2\/posts\/127662\/revisions\/127668"}],"wp:featuredmedia":[{"embeddable":true,"href":"https:\/\/www.tgrthaber.com\/mavikadin\/wp-json\/wp\/v2\/media\/127663"}],"wp:attachment":[{"href":"https:\/\/www.tgrthaber.com\/mavikadin\/wp-json\/wp\/v2\/media?parent=127662"}],"wp:term":[{"taxonomy":"category","embeddable":true,"href":"https:\/\/www.tgrthaber.com\/mavikadin\/wp-json\/wp\/v2\/categories?post=127662"},{"taxonomy":"post_tag","embeddable":true,"href":"https:\/\/www.tgrthaber.com\/mavikadin\/wp-json\/wp\/v2\/tags?post=127662"}],"curies":[{"name":"wp","href":"https:\/\/api.w.org\/{rel}","templated":true}]}}