{"id":127676,"date":"2025-01-31T09:49:07","date_gmt":"2025-01-31T06:49:07","guid":{"rendered":"https:\/\/www.tgrthaber.com\/mavikadin\/?p=127676"},"modified":"2025-01-31T10:16:33","modified_gmt":"2025-01-31T07:16:33","slug":"burcu-kirman-kimdir-oyuncun-sevgilisi-ve-kariyeri-arastiriliyor","status":"publish","type":"post","link":"https:\/\/www.tgrthaber.com\/mavikadin\/burcu-kirman-kimdir-oyuncun-sevgilisi-ve-kariyeri-arastiriliyor\/","title":{"rendered":"Burcu Kirman kimdir? Oyuncun sevgilisi ve kariyeri ara\u015ft\u0131r\u0131l\u0131yor"},"content":{"rendered":"<p>Son zamanlarda B\u00fclent \u015eakrak ile olan ili\u015fkisiyle g\u00fcndeme gelen Burcu Kirman\u2019\u0131n kim oldu\u011fu merak ediliyor. Peki, Burcu Kirman kimdir? Burcu Kirman ka\u00e7 ya\u015f\u0131nda, kiminle sevgili? Burcu Kirman ve B\u00fclent \u015eakrak ayr\u0131ld\u0131 m\u0131? Burcu Kirman hangi dizilerde rol ald\u0131? Burcu Kirman hakk\u0131nda merak edilenleri sizin i\u00e7in ara\u015ft\u0131rd\u0131k. \u0130\u015fte Burcu Kirman hakk\u0131nda bilinmeyenler\u2026<\/p>\n<h3>BURCU K\u0130RMAN K\u0130MD\u0130R?<\/h3>\n<p>Burcu Kirman, 30 Ocak 1999 tarihinde \u0130stanbul\u2019da d\u00fcnyaya geldi. \u0130lkokul, ortaokul ve lise e\u011fitimini ba\u015far\u0131yla tamamlayan Kirman, y\u00fcksek\u00f6\u011frenimini Marmara \u00dcniversitesi Psikiyatri Hem\u015fireli\u011fi B\u00f6l\u00fcm\u00fc\u2019nde tamamlayarak mezun oldu.<\/p>\n<p><img loading=\"lazy\" decoding=\"async\" class=\"alignnone wp-image-127679\" src=\"https:\/\/www.tgrthaber.com\/mavikadin\/wp-content\/uploads\/Adsiz-tasarim-30-20-1024x576.jpg\" alt=\"Burcu Kirman kimdir? \" width=\"1208\" height=\"680\" title=\"\" srcset=\"https:\/\/www.tgrthaber.com\/mavikadin\/wp-content\/uploads\/Adsiz-tasarim-30-20-1024x576.jpg 1024w, https:\/\/www.tgrthaber.com\/mavikadin\/wp-content\/uploads\/Adsiz-tasarim-30-20-300x169.jpg 300w, https:\/\/www.tgrthaber.com\/mavikadin\/wp-content\/uploads\/Adsiz-tasarim-30-20-768x432.jpg 768w, https:\/\/www.tgrthaber.com\/mavikadin\/wp-content\/uploads\/Adsiz-tasarim-30-20-1536x864.jpg 1536w, https:\/\/www.tgrthaber.com\/mavikadin\/wp-content\/uploads\/Adsiz-tasarim-30-20.jpg 1600w\" sizes=\"(max-width: 1208px) 100vw, 1208px\" \/><\/p>\n<hr \/>\n<p>Okudu\u011fu b\u00f6l\u00fcm\u00fcn d\u0131\u015f\u0131na \u00e7\u0131karak kendini oyunculuk sekt\u00f6r\u00fcnde ilerletmek isteyen Burcu Kirman, kariyerine tiyatro oyunlar\u0131yla ba\u015flad\u0131. Oyunculuk hayat\u0131na tiyatro ile ba\u015flayan Kirman, ald\u0131\u011f\u0131 e\u011fitimlerle kendini geli\u015ftirdi ve ad\u0131ndan s\u00f6z ettirmeyi ba\u015fard\u0131.<\/p>\n<h3>BURCU K\u0130RMAN KA\u00c7 YA\u015eINDA?<\/h3>\n<p>\u015eimdilerde 26 ya\u015f\u0131nda olan ba\u015far\u0131l\u0131 oyuncu Burcu Kirman, \u201cBay Yanl\u0131\u015f\u201d ve \u201cBaraj\u201d gibi dizilerde yer ald\u0131. Oyunculuk hayat\u0131na tiyatro oyunlar\u0131yla ad\u0131m atan Kirman, bir\u00e7ok ba\u015far\u0131l\u0131 dizide yer almay\u0131 ba\u015fard\u0131. \u0130lk oyunculuk deneyimini \u201cBay Yanl\u0131\u015f\u201d dizisiyle ger\u00e7ekle\u015ftiren Kirman, sonras\u0131nda \u201cBaraj\u201d dizisinde Eyl\u00fcl karakteriyle izleyici kar\u015f\u0131s\u0131na \u00e7\u0131kt\u0131. Bay Yanl\u0131\u015f dizisindeki performans\u0131yla ad\u0131n\u0131 geni\u015f kitlelere duyuran Kirman, kariyerinde h\u0131zl\u0131 bir y\u00fckseli\u015fse ge\u00e7ti.<\/p>\n<p><img loading=\"lazy\" decoding=\"async\" class=\"alignnone wp-image-127681\" src=\"https:\/\/www.tgrthaber.com\/mavikadin\/wp-content\/uploads\/Adsiz-tasarim-21-27-1024x576.jpg\" alt=\"Burcu Kirman kimdir? \" width=\"1208\" height=\"680\" title=\"\" srcset=\"https:\/\/www.tgrthaber.com\/mavikadin\/wp-content\/uploads\/Adsiz-tasarim-21-27-1024x576.jpg 1024w, https:\/\/www.tgrthaber.com\/mavikadin\/wp-content\/uploads\/Adsiz-tasarim-21-27-300x169.jpg 300w, https:\/\/www.tgrthaber.com\/mavikadin\/wp-content\/uploads\/Adsiz-tasarim-21-27-768x432.jpg 768w, https:\/\/www.tgrthaber.com\/mavikadin\/wp-content\/uploads\/Adsiz-tasarim-21-27-1536x864.jpg 1536w, https:\/\/www.tgrthaber.com\/mavikadin\/wp-content\/uploads\/Adsiz-tasarim-21-27.jpg 1600w\" sizes=\"(max-width: 1208px) 100vw, 1208px\" \/><\/p>\n<hr \/>\n<p>Hem tiyatro oyunlar\u0131nda hem de televizyon dizilerinde yer alan Burcu Kirman, 2020 y\u0131l\u0131ndan itibaren izleyici kar\u015f\u0131s\u0131na \u00e7\u0131k\u0131yor. \u0130lk b\u00fcy\u00fck \u00e7\u0131k\u0131\u015f\u0131n\u0131 2020 y\u0131l\u0131nda NOW TV ekranlar\u0131nda yay\u0131nlanan \u201cBay Yanl\u0131\u015f\u201d dizisiyle yapan Kirman, ilk oyunculuk performans\u0131 olmas\u0131na ra\u011fmen iyi bir performans sergilemi\u015ftir. Kirman, son olarak 2022 y\u0131l\u0131nda Star Tv ekranlar\u0131nda yay\u0131nlanan \u201cToprak ile Fidan\u201d dizisinde \u201cAsya\u201d karakterini oynam\u0131\u015ft\u0131r.<\/p>\n<p><img loading=\"lazy\" decoding=\"async\" class=\"alignnone wp-image-127691\" src=\"https:\/\/www.tgrthaber.com\/mavikadin\/wp-content\/uploads\/Adsiz-tasarim-32-29-1024x576.jpg\" alt=\"Burcu Kirman kimdir? \" width=\"1208\" height=\"680\" title=\"\" srcset=\"https:\/\/www.tgrthaber.com\/mavikadin\/wp-content\/uploads\/Adsiz-tasarim-32-29-1024x576.jpg 1024w, https:\/\/www.tgrthaber.com\/mavikadin\/wp-content\/uploads\/Adsiz-tasarim-32-29-300x169.jpg 300w, https:\/\/www.tgrthaber.com\/mavikadin\/wp-content\/uploads\/Adsiz-tasarim-32-29-768x432.jpg 768w, https:\/\/www.tgrthaber.com\/mavikadin\/wp-content\/uploads\/Adsiz-tasarim-32-29-1536x864.jpg 1536w, https:\/\/www.tgrthaber.com\/mavikadin\/wp-content\/uploads\/Adsiz-tasarim-32-29.jpg 1600w\" sizes=\"(max-width: 1208px) 100vw, 1208px\" \/><\/p>\n<hr \/>\n<h3>BURCU K\u0130RMAN K\u0130M\u0130NLE SEVG\u0130L\u0130?<\/h3>\n<p>Ba\u015far\u0131l\u0131 projelerde yer almaya devam eden Burcu Kirman, oyunculuk kariyerinin yan\u0131 s\u0131ra \u00f6zel hayat\u0131yla da s\u0131k s\u0131k g\u00fcndeme geliyor. Son zamanlarda \u00fcnl\u00fc oyuncu B\u00fclent \u015eakrak\u2019la olan ili\u015fkisiyle g\u00fcndeme gelen Kirman, 2025 ilk g\u00fcnlerinde magazin d\u00fcnyas\u0131nda b\u00fcy\u00fck yank\u0131 uyand\u0131rm\u0131\u015ft\u0131. B\u00fclent \u015eakrak\u2019tan 22 ya\u015f k\u00fc\u00e7\u00fck olan Kirman, a\u015fk hayat\u0131yla g\u00fcndem olmu\u015ftu. \u00c7iftin birlikte Ala\u00e7at\u0131\u2019da y\u0131lba\u015f\u0131 kutlamas\u0131 yapmas\u0131 ve payla\u015ft\u0131klar\u0131 foto\u011fraflar magazin d\u00fcnyas\u0131n\u0131n g\u00fcndemine bomba gibi oturmu\u015ftu.<\/p>\n<p><img loading=\"lazy\" decoding=\"async\" class=\"alignnone wp-image-127690\" src=\"https:\/\/www.tgrthaber.com\/mavikadin\/wp-content\/uploads\/Adsiz-tasarim-35-27-1024x576.jpg\" alt=\"Burcu Kirman kimdir? \" width=\"1208\" height=\"680\" title=\"\" srcset=\"https:\/\/www.tgrthaber.com\/mavikadin\/wp-content\/uploads\/Adsiz-tasarim-35-27-1024x576.jpg 1024w, https:\/\/www.tgrthaber.com\/mavikadin\/wp-content\/uploads\/Adsiz-tasarim-35-27-300x169.jpg 300w, https:\/\/www.tgrthaber.com\/mavikadin\/wp-content\/uploads\/Adsiz-tasarim-35-27-768x432.jpg 768w, https:\/\/www.tgrthaber.com\/mavikadin\/wp-content\/uploads\/Adsiz-tasarim-35-27-1536x864.jpg 1536w, https:\/\/www.tgrthaber.com\/mavikadin\/wp-content\/uploads\/Adsiz-tasarim-35-27.jpg 1600w\" sizes=\"(max-width: 1208px) 100vw, 1208px\" \/><\/p>\n<hr \/>\n<p>Aralar\u0131ndaki ya\u015f fark\u0131yla g\u00fcndem olan B\u00fclent \u015eakrak ve Burcu Kirman a\u015fk\u0131n\u0131n bitti\u011fi iddia edildi. Sosyal medyan\u0131n da b\u00fcy\u00fck bir tepkisini \u00e7eken ikilinin a\u015fk\u0131 k\u0131sa s\u00fcrd\u00fc. Y\u0131lba\u015f\u0131 gecesi yapt\u0131klar\u0131 payla\u015f\u0131mla birlikte olduklar\u0131n\u0131 duyuran \u00e7ift, bu kez ayr\u0131l\u0131k iddialar\u0131yla g\u00fcndeme geldi. B\u00fclent \u015eakrak, Burcu Kirman ile foto\u011fraf\u0131n\u0131 sosyal medya hesab\u0131ndan kald\u0131r\u0131rken, ikiliden konuya ili\u015fkin hen\u00fcz bir a\u00e7\u0131klama gelmedi.<\/p>\n<p><img loading=\"lazy\" decoding=\"async\" class=\"alignnone wp-image-127692\" src=\"https:\/\/www.tgrthaber.com\/mavikadin\/wp-content\/uploads\/Adsiz-tasarim-34-29-1024x576.jpg\" alt=\"Burcu Kirman kimdir? \" width=\"1208\" height=\"680\" title=\"\" srcset=\"https:\/\/www.tgrthaber.com\/mavikadin\/wp-content\/uploads\/Adsiz-tasarim-34-29-1024x576.jpg 1024w, https:\/\/www.tgrthaber.com\/mavikadin\/wp-content\/uploads\/Adsiz-tasarim-34-29-300x169.jpg 300w, https:\/\/www.tgrthaber.com\/mavikadin\/wp-content\/uploads\/Adsiz-tasarim-34-29-768x432.jpg 768w, https:\/\/www.tgrthaber.com\/mavikadin\/wp-content\/uploads\/Adsiz-tasarim-34-29-1536x864.jpg 1536w, https:\/\/www.tgrthaber.com\/mavikadin\/wp-content\/uploads\/Adsiz-tasarim-34-29.jpg 1600w\" sizes=\"(max-width: 1208px) 100vw, 1208px\" \/><\/p>\n<hr \/>\n<h3>BURCU K\u0130RMAN HANG\u0130 D\u0130Z\u0130LERDE OYNADI?<\/h3>\n<p>Toprak ile Fidan<\/p>\n<p>Alef<\/p>\n<p>Baraj<\/p>\n<p>Bay Yanl\u0131\u015f<\/p>\n","protected":false},"excerpt":{"rendered":"<p>Son zamanlarda ad\u0131n\u0131 s\u0131k\u00e7a duydu\u011fumuz \u00fcnl\u00fcler aras\u0131nda yer alan Burcu Kirman\u2019\u0131n kim oldu\u011fu merak ediliyor. Peki, Burcu Kirman kimdir? Burcu Kirman ka\u00e7 ya\u015f\u0131nda, kiminle sevgili? \u0130\u015fte detaylar\u2026<\/p>\n","protected":false},"author":26,"featured_media":127678,"comment_status":"closed","ping_status":"closed","sticky":false,"template":"","format":"standard","meta":{"rank_math_lock_modified_date":false,"footnotes":""},"categories":[491],"tags":[9486,9485],"class_list":["post-127676","post","type-post","status-publish","format-standard","has-post-thumbnail","hentry","category-biyografi","tag-bulent-sakrak","tag-burcu-kirman"],"_links":{"self":[{"href":"https:\/\/www.tgrthaber.com\/mavikadin\/wp-json\/wp\/v2\/posts\/127676"}],"collection":[{"href":"https:\/\/www.tgrthaber.com\/mavikadin\/wp-json\/wp\/v2\/posts"}],"about":[{"href":"https:\/\/www.tgrthaber.com\/mavikadin\/wp-json\/wp\/v2\/types\/post"}],"author":[{"embeddable":true,"href":"https:\/\/www.tgrthaber.com\/mavikadin\/wp-json\/wp\/v2\/users\/26"}],"replies":[{"embeddable":true,"href":"https:\/\/www.tgrthaber.com\/mavikadin\/wp-json\/wp\/v2\/comments?post=127676"}],"version-history":[{"count":4,"href":"https:\/\/www.tgrthaber.com\/mavikadin\/wp-json\/wp\/v2\/posts\/127676\/revisions"}],"predecessor-version":[{"id":127693,"href":"https:\/\/www.tgrthaber.com\/mavikadin\/wp-json\/wp\/v2\/posts\/127676\/revisions\/127693"}],"wp:featuredmedia":[{"embeddable":true,"href":"https:\/\/www.tgrthaber.com\/mavikadin\/wp-json\/wp\/v2\/media\/127678"}],"wp:attachment":[{"href":"https:\/\/www.tgrthaber.com\/mavikadin\/wp-json\/wp\/v2\/media?parent=127676"}],"wp:term":[{"taxonomy":"category","embeddable":true,"href":"https:\/\/www.tgrthaber.com\/mavikadin\/wp-json\/wp\/v2\/categories?post=127676"},{"taxonomy":"post_tag","embeddable":true,"href":"https:\/\/www.tgrthaber.com\/mavikadin\/wp-json\/wp\/v2\/tags?post=127676"}],"curies":[{"name":"wp","href":"https:\/\/api.w.org\/{rel}","templated":true}]}}