{"id":127741,"date":"2025-01-31T12:22:33","date_gmt":"2025-01-31T09:22:33","guid":{"rendered":"https:\/\/www.tgrthaber.com\/mavikadin\/?p=127741"},"modified":"2025-01-31T12:22:33","modified_gmt":"2025-01-31T09:22:33","slug":"2025-ramazan-bayrami-ne-zaman-ve-bayram-tatili-kac-gun-surecek","status":"publish","type":"post","link":"https:\/\/www.tgrthaber.com\/mavikadin\/2025-ramazan-bayrami-ne-zaman-ve-bayram-tatili-kac-gun-surecek\/","title":{"rendered":"2025 Ramazan bayram\u0131 ne zaman ve bayram tatili ka\u00e7 g\u00fcn s\u00fcrecek?"},"content":{"rendered":"<p>2025 Ramazan bayram\u0131na say\u0131l\u0131 g\u00fcnlerin kald\u0131\u011f\u0131 \u015fu g\u00fcnlerde vatanda\u015flar bayram\u0131n ne zaman olaca\u011f\u0131n\u0131 ara\u015ft\u0131rmaya ba\u015flad\u0131.<\/p>\n<p>Bayramlar insanlar\u0131n sevgi dolu oldu\u011fu, ne\u015fe ve mutluluk g\u00fcnleridir. K\u00fcsler bar\u0131\u015f\u0131r, akrabalar, e\u015f dost, kom\u015fular bir araya gelir.<\/p>\n<p>Evlerde tatl\u0131lar yap\u0131l\u0131r, sevdiklerimize ikram edilir.<\/p>\n<p>\u0130slamiyette Ramazan ve Kurban bayram\u0131 olarak 2 bayram vard\u0131r.<\/p>\n<p>Ramazan bayram\u0131, m\u00fcbarek Ramazan ay\u0131n\u0131n bitmesiyle ba\u015flar ve 3 g\u00fcn s\u00fcrer.<\/p>\n<p>Ramazan bayram\u0131 g\u00fcnleri ayr\u0131ca resmi tatil g\u00fcnleridir.<\/p>\n<p>Ramazan bayram\u0131 2025 y\u0131l\u0131nda ne zaman? 2025 Ramazan bayram\u0131 tatili ka\u00e7 g\u00fcn olacak? Bu sorularla ilgili detaylar haberimizde.<\/p>\n<h3>2025 RAMAZAN BAYRAMI NE ZAMAN?<\/h3>\n<p>Hem dini vazifelerini yerine getirmek, hem de dinlenmek, sevdikleriyle birlikte g\u00fczel zamanlar ge\u00e7irmek, tatile \u00e7\u0131kmak isteyenler 2025 y\u0131l\u0131nda Ramazan bayram\u0131n\u0131n ne zaman ba\u015flayaca\u011f\u0131n\u0131 ara\u015ft\u0131r\u0131yor. Peki 2025 Ramazan bayram\u0131 ne zaman?<\/p>\n<figure id=\"attachment_127757\" aria-describedby=\"caption-attachment-127757\" style=\"width: 1208px\" class=\"wp-caption alignnone\"><img loading=\"lazy\" decoding=\"async\" class=\"wp-image-127757\" src=\"https:\/\/www.tgrthaber.com\/mavikadin\/wp-content\/uploads\/2025-ramazan-bayrami-ne-zaman-2.jpg\" alt=\"2025 ramazan bayram\u0131 ne zaman\" width=\"1208\" height=\"680\" title=\"\" srcset=\"https:\/\/www.tgrthaber.com\/mavikadin\/wp-content\/uploads\/2025-ramazan-bayrami-ne-zaman-2.jpg 1920w, https:\/\/www.tgrthaber.com\/mavikadin\/wp-content\/uploads\/2025-ramazan-bayrami-ne-zaman-2-300x169.jpg 300w, https:\/\/www.tgrthaber.com\/mavikadin\/wp-content\/uploads\/2025-ramazan-bayrami-ne-zaman-2-1024x576.jpg 1024w, https:\/\/www.tgrthaber.com\/mavikadin\/wp-content\/uploads\/2025-ramazan-bayrami-ne-zaman-2-768x432.jpg 768w, https:\/\/www.tgrthaber.com\/mavikadin\/wp-content\/uploads\/2025-ramazan-bayrami-ne-zaman-2-1536x864.jpg 1536w\" sizes=\"(max-width: 1208px) 100vw, 1208px\" \/><figcaption id=\"caption-attachment-127757\" class=\"wp-caption-text\">\u00a0<\/figcaption><\/figure>\n<hr \/>\n<p><strong>2025 Ramazan bayram\u0131 g\u00fcnleri \u015f\u00f6yle:<\/strong><\/p>\n<p><strong>Ramazan bayram\u0131 1. g\u00fcn\u00fc:<\/strong> 30 Mart 2025 Pazar<\/p>\n<p><strong>Ramazan bayram\u0131 2. g\u00fcn\u00fc:<\/strong> 31 Mart 2025 Pazartesi<\/p>\n<p><strong>Ramazan bayram\u0131 3. g\u00fcn\u00fc:<\/strong> 1 Nisan 2025 Sal\u0131<\/p>\n<p>Ramazan Bayram\u0131 resmi tatili bu y\u0131l 3 g\u00fcn s\u00fcrecek, Pazar g\u00fcn\u00fcnden ba\u015flayacak Sal\u0131 g\u00fcn\u00fc sona erecek. 2 Nisan \u00c7ar\u015famba g\u00fcn\u00fc ise \u00e7al\u0131\u015fma hayat\u0131 tekrardan ba\u015flayacak.<\/p>\n<p>Ramazan bayram\u0131n\u0131n hafta i\u00e7i ve hafta sonu ile birle\u015ftirilip 9 g\u00fcne tamamlanmas\u0131na dair herhangi bir a\u00e7\u0131klama ise bulunmuyor.<\/p>\n<p>Ramazan bayram\u0131 dualar\u0131n kabul oldu\u011fu m\u00fcbarek bir gecedir.<\/p>\n<p>Hadis-i \u015feriflerde buyuruldu ki:<\/p>\n<p>(Ramazan ve Kurban bayram\u0131n\u0131n gecelerini ihya eden kimsenin kalbi, kalblerin \u00f6ld\u00fc\u011f\u00fc g\u00fcn \u00f6lmez.) [\u0130bni Mace, Taberani]<\/p>\n<p>(Rahmet kap\u0131lar\u0131 d\u00f6rt gece a\u00e7\u0131l\u0131r. O gecelerde yap\u0131lan dua, tevbe reddolmaz. Ramazan ve Kurban Bayram\u0131&#8217;n\u0131n birinci geceleri, Berat Gecesi ve Arefe Gecesi.) [\u0130sfehan\u00ee]<\/p>\n<p>(\u015eu be\u015f gecede yap\u0131lan dua geri \u00e7evrilmez. Regaib gecesi, Berat gecesi, Cuma gecesi, Ramazan ve Kurban bayram\u0131 gecesi.) [\u0130bni Asakir]<\/p>\n<h3>RAMAZAN BAYRAMINDA NELER YAPMALI?<\/h3>\n<p>Bayram g\u00fcnlerinde yap\u0131lmas\u0131 gerekenler \u015f\u00f6yle:<\/p>\n<p>Bayramda sabah erken kalkmak, gusl abdesti almak, g\u00fczel koku s\u00fcr\u00fcnmek, misvak ile di\u015fleri misvaklamak,\u00a0 yeni ve temiz k\u0131yafet giyinmek, y\u00fcz\u00fck kullanmak, kar\u015f\u0131la\u015ft\u0131\u011f\u0131 M\u00fcsl\u00fcmanlara g\u00fcler y\u00fcz g\u00f6stererek selam vermek, sevindi\u011fini, ne\u015felendi\u011fini belli etmek, fakirlere \u00e7ok sadaka vermek, \u0130slamiyet\u2019i do\u011fru olarak anlatan yerlere hizmet etmek, yard\u0131mda bulunmak, k\u00fcs olanlar\u0131 bar\u0131\u015ft\u0131rmak, akrabay\u0131, din karde\u015flerini ziyaret etmek, onlara hediye vermek s\u00fcnnettir.<\/p>\n<figure id=\"attachment_127761\" aria-describedby=\"caption-attachment-127761\" style=\"width: 1208px\" class=\"wp-caption alignnone\"><img loading=\"lazy\" decoding=\"async\" class=\"wp-image-127761\" src=\"https:\/\/www.tgrthaber.com\/mavikadin\/wp-content\/uploads\/2025-ramazan-bayrami-ne-zaman-3.jpg\" alt=\"2025 ramazan bayram\u0131 ne zaman\" width=\"1208\" height=\"680\" title=\"\" srcset=\"https:\/\/www.tgrthaber.com\/mavikadin\/wp-content\/uploads\/2025-ramazan-bayrami-ne-zaman-3.jpg 1920w, https:\/\/www.tgrthaber.com\/mavikadin\/wp-content\/uploads\/2025-ramazan-bayrami-ne-zaman-3-300x169.jpg 300w, https:\/\/www.tgrthaber.com\/mavikadin\/wp-content\/uploads\/2025-ramazan-bayrami-ne-zaman-3-1024x576.jpg 1024w, https:\/\/www.tgrthaber.com\/mavikadin\/wp-content\/uploads\/2025-ramazan-bayrami-ne-zaman-3-768x432.jpg 768w, https:\/\/www.tgrthaber.com\/mavikadin\/wp-content\/uploads\/2025-ramazan-bayrami-ne-zaman-3-1536x864.jpg 1536w\" sizes=\"(max-width: 1208px) 100vw, 1208px\" \/><figcaption id=\"caption-attachment-127761\" class=\"wp-caption-text\">\u00a0<\/figcaption><\/figure>\n<hr \/>\n<h3>2025 D\u0130N\u0130 G\u00dcNLER VE GECELER<\/h3>\n<p><strong>\u00dc\u00e7 Aylar\u0131n Ba\u015flang\u0131c\u0131:<\/strong> 1 Ocak 2025 \u00c7ar\u015famba<\/p>\n<p><strong>Regaib Kandili:<\/strong> 2 Ocak 2025 Per\u015fembe<\/p>\n<p><strong>Mira\u00e7 Kandili:<\/strong> 26 Ocak 2025 Pazar<\/p>\n<p><strong>Berat Kandili:<\/strong> 13 \u015eubat 2025 Per\u015fembe<\/p>\n<p><strong>Ramazan Ay\u0131 Ba\u015flang\u0131c\u0131:<\/strong> 1 Mart 2025 Cumartesi- 29 Mart 2025 Cumartesi<\/p>\n<p><strong>Kadir Gecesi:<\/strong> 26 Mart 2025 \u00c7ar\u015famba<\/p>\n<p><strong>Ramazan Bayram\u0131 1. G\u00fcn\u00fc:<\/strong> 30 Mart 2025\u00a0 Pazar<\/p>\n<p><strong>Ramazan Bayram\u0131 2. G\u00fcn\u00fc:<\/strong> 31 Mart 2025 Pazartesi<\/p>\n<p><strong>Ramazan Bayram\u0131 3. G\u00fcn\u00fc:<\/strong> 01 Nisan 2025 Sal\u0131<\/p>\n<p><strong>Arefe G\u00fcn\u00fc:<\/strong> 5 Haziran 2025 Per\u015fembe<\/p>\n<p><strong>Kurban Bayram\u0131n\u0131n 1. G\u00fcn\u00fc:<\/strong> 6 Haziran 2025 Cuma<\/p>\n<p><strong>Kurban Bayram\u0131n\u0131n 2. G\u00fcn\u00fc:<\/strong> 7 Haziran 2025 Cumartesi<\/p>\n<p><strong>Kurban Bayram\u0131n\u0131n 3. G\u00fcn\u00fc:<\/strong> 8 Haziran 2025 Pazar<\/p>\n<p><strong>Kurban Bayram\u0131n\u0131n 4. G\u00fcn\u00fc:<\/strong> 9 Haziran 2025 Pazartesi<\/p>\n<p><strong>Hicri Y\u0131lba\u015f\u0131 (1446 Y\u0131l\u0131):<\/strong> 26 Haziran 2025 Per\u015fembe<\/p>\n<p><strong>A\u015fure G\u00fcn\u00fc:<\/strong> 5 Temmuz 2025 Cumartesi<\/p>\n<p><strong>Mevlit Kandili:<\/strong> 3 Eyl\u00fcl 2025 \u00c7ar\u015famba<\/p>\n<p><strong>\u00dc\u00e7 Aylar Ba\u015flang\u0131c\u0131:<\/strong> 21 Aral\u0131k 2025 Pazar<\/p>\n<p><strong>Regaip Kandili:<\/strong> 25 Aral\u0131k 2025 Per\u015fembe<\/p>\n","protected":false},"excerpt":{"rendered":"<p>Diyanet i\u015fleri dini g\u00fcnler takvimi yay\u0131nland\u0131. Dini g\u00fcnlerin 2025 y\u0131l\u0131nda miladi takvime g\u00f6re hangi g\u00fcnlere denk geldi\u011fi tarihleri belli oldu. Peki 2025 Ramazan bayram\u0131 ne zaman, hangi tarihte?<\/p>\n","protected":false},"author":30,"featured_media":127755,"comment_status":"closed","ping_status":"closed","sticky":false,"template":"","format":"standard","meta":{"rank_math_lock_modified_date":false,"footnotes":""},"categories":[101],"tags":[9496],"class_list":["post-127741","post","type-post","status-publish","format-standard","has-post-thumbnail","hentry","category-kesfet","tag-ramazan-bayrami"],"_links":{"self":[{"href":"https:\/\/www.tgrthaber.com\/mavikadin\/wp-json\/wp\/v2\/posts\/127741"}],"collection":[{"href":"https:\/\/www.tgrthaber.com\/mavikadin\/wp-json\/wp\/v2\/posts"}],"about":[{"href":"https:\/\/www.tgrthaber.com\/mavikadin\/wp-json\/wp\/v2\/types\/post"}],"author":[{"embeddable":true,"href":"https:\/\/www.tgrthaber.com\/mavikadin\/wp-json\/wp\/v2\/users\/30"}],"replies":[{"embeddable":true,"href":"https:\/\/www.tgrthaber.com\/mavikadin\/wp-json\/wp\/v2\/comments?post=127741"}],"version-history":[{"count":2,"href":"https:\/\/www.tgrthaber.com\/mavikadin\/wp-json\/wp\/v2\/posts\/127741\/revisions"}],"predecessor-version":[{"id":127763,"href":"https:\/\/www.tgrthaber.com\/mavikadin\/wp-json\/wp\/v2\/posts\/127741\/revisions\/127763"}],"wp:featuredmedia":[{"embeddable":true,"href":"https:\/\/www.tgrthaber.com\/mavikadin\/wp-json\/wp\/v2\/media\/127755"}],"wp:attachment":[{"href":"https:\/\/www.tgrthaber.com\/mavikadin\/wp-json\/wp\/v2\/media?parent=127741"}],"wp:term":[{"taxonomy":"category","embeddable":true,"href":"https:\/\/www.tgrthaber.com\/mavikadin\/wp-json\/wp\/v2\/categories?post=127741"},{"taxonomy":"post_tag","embeddable":true,"href":"https:\/\/www.tgrthaber.com\/mavikadin\/wp-json\/wp\/v2\/tags?post=127741"}],"curies":[{"name":"wp","href":"https:\/\/api.w.org\/{rel}","templated":true}]}}