{"id":127767,"date":"2025-01-31T12:51:33","date_gmt":"2025-01-31T09:51:33","guid":{"rendered":"https:\/\/www.tgrthaber.com\/mavikadin\/?p=127767"},"modified":"2025-01-31T12:52:35","modified_gmt":"2025-01-31T09:52:35","slug":"aras-bulut-iynemlinin-babasi-cengiz-iynemli-kimdir","status":"publish","type":"post","link":"https:\/\/www.tgrthaber.com\/mavikadin\/aras-bulut-iynemlinin-babasi-cengiz-iynemli-kimdir\/","title":{"rendered":"Aras Bulut \u0130ynemli\u2019nin babas\u0131 Cengiz \u0130ynemli kimdir?"},"content":{"rendered":"<p>Ge\u00e7ti\u011fimiz saatlerde hayat\u0131n\u0131 kaybetti\u011fi \u00f6\u011frenilen, \u00fcnl\u00fc oyuncu Aras Bulut \u0130ynemli\u2019nin babas\u0131 Cengiz \u0130ynemli\u2019nin kim oldu\u011fu merak edildi. Ba\u015far\u0131l\u0131 oyuncu Aras Bulut \u0130ynemli\u2019nin, babas\u0131 Cengiz \u0130yinemli hayat\u0131n\u0131 kaybetti. Bunun \u00fczerine Cengiz \u0130ynemli\u2019nin kim oldu\u011fu merak edilmeye ba\u015fland\u0131. Peki, Aras Bulut \u0130ynemli\u2019nin babas\u0131 Cengiz \u0130ynemli kimdir? Cengiz \u0130ynemli ka\u00e7 ya\u015f\u0131nda hayat\u0131n\u0131 kaybetti? Cengiz \u0130ynemli\u2019nin hastal\u0131\u011f\u0131 neydi? Cengiz \u0130ynemli hakk\u0131nda merak edilenleri sizin i\u00e7in ara\u015ft\u0131rd\u0131k. \u0130\u015fte Cengiz \u0130ynemli hakk\u0131nda merak edilenler\u2026<\/p>\n<hr \/>\n<h3>CENG\u0130Z \u0130YNEML\u0130 K\u0130MD\u0130R?<\/h3>\n<p>\u015eimdilerde Show TV ekranlar\u0131nda \u201cDeha\u201d dizisiyle izleyici kar\u015f\u0131s\u0131na ge\u00e7en Aras Bulut \u0130ynemli\u2019nin bug\u00fcn babas\u0131 Cengiz \u0130ynemli\u2019yi kaybetti\u011fi \u00f6\u011frenildi. Bunun \u00fczerine ba\u015far\u0131l\u0131 oyuncunun babas\u0131n\u0131n kim oldu\u011fu merak edildi. Aras Bulut \u0130ynemli\u2019nin babas\u0131 Cengiz \u0130ynemli hakk\u0131nda pek fazla bir \u015fey bulunmuyor.<\/p>\n<p><img loading=\"lazy\" decoding=\"async\" class=\"alignnone wp-image-127770\" src=\"https:\/\/www.tgrthaber.com\/mavikadin\/wp-content\/uploads\/Cengiz-Iynemli-3-1024x576.jpg\" alt=\"Aras Bulut \u0130ynemli\u2019nin babas\u0131 Cengiz \u0130ynemli kimdir? \" width=\"1208\" height=\"680\" title=\"\" srcset=\"https:\/\/www.tgrthaber.com\/mavikadin\/wp-content\/uploads\/Cengiz-Iynemli-3-1024x576.jpg 1024w, https:\/\/www.tgrthaber.com\/mavikadin\/wp-content\/uploads\/Cengiz-Iynemli-3-300x169.jpg 300w, https:\/\/www.tgrthaber.com\/mavikadin\/wp-content\/uploads\/Cengiz-Iynemli-3-768x432.jpg 768w, https:\/\/www.tgrthaber.com\/mavikadin\/wp-content\/uploads\/Cengiz-Iynemli-3-1536x864.jpg 1536w, https:\/\/www.tgrthaber.com\/mavikadin\/wp-content\/uploads\/Cengiz-Iynemli-3.jpg 1600w\" sizes=\"(max-width: 1208px) 100vw, 1208px\" \/><\/p>\n<hr \/>\n<p>\u00d6zel hayat\u0131 ve mesle\u011fi hakk\u0131nda bilgi bulunmayan Cengiz \u0130ynemli, \u00fcnl\u00fc oyuncu Aras Bulut \u0130ynemli\u2019nin babas\u0131 olarak tan\u0131n\u0131yor. Cengiz \u0130ynemli\u2019nin \u00f6zellikle oyunculuk alan\u0131na dair herhangi bir bilgiye rastlanmamaktad\u0131r. Cengiz \u0130ynemli\u2019nin, Sevtap \u0130ynemli ile evli oldu\u011fu ve bu evliliklerinden 3 \u00e7ocuklar\u0131n\u0131n d\u00fcnyaya geldi\u011fi bilinmektedir.<\/p>\n<p><img loading=\"lazy\" decoding=\"async\" class=\"alignnone wp-image-127776\" src=\"https:\/\/www.tgrthaber.com\/mavikadin\/wp-content\/uploads\/Cengiz-Iynemli-1024x576.jpg\" alt=\"Aras Bulut \u0130ynemli\u2019nin babas\u0131 Cengiz \u0130ynemli kimdir? \" width=\"1208\" height=\"680\" title=\"\" srcset=\"https:\/\/www.tgrthaber.com\/mavikadin\/wp-content\/uploads\/Cengiz-Iynemli-1024x576.jpg 1024w, https:\/\/www.tgrthaber.com\/mavikadin\/wp-content\/uploads\/Cengiz-Iynemli-300x169.jpg 300w, https:\/\/www.tgrthaber.com\/mavikadin\/wp-content\/uploads\/Cengiz-Iynemli-768x432.jpg 768w, https:\/\/www.tgrthaber.com\/mavikadin\/wp-content\/uploads\/Cengiz-Iynemli-1536x864.jpg 1536w, https:\/\/www.tgrthaber.com\/mavikadin\/wp-content\/uploads\/Cengiz-Iynemli.jpg 1600w\" sizes=\"(max-width: 1208px) 100vw, 1208px\" \/><\/p>\n<hr \/>\n<p>Cengiz \u0130ynemli ve Sevtap \u0130ynemli\u2019nin Aras Bulut \u0130ynemli, Ye\u015fim \u0130ynemli ve Or\u00e7un \u0130ynemli ad\u0131ndan 3 \u00e7ocu\u011fu vard\u0131r. 3 karde\u015f olan Aras Bulut \u0130ynemli\u2019nin a\u011fabeyi tiyatrocu, ablas\u0131 ses sanat\u00e7\u0131s\u0131 ve kendisi oyuncudur. Bununla birlikte \u0130ynemli ailesinin \u0130zmir\u2019de ya\u015fad\u0131\u011f\u0131 bilinmektedir.<\/p>\n<h3>CENG\u0130Z \u0130YNEML\u0130 KA\u00c7 YA\u015eINDA HAYATINI KAYBETT\u0130?<\/h3>\n<p>Show TV ekranlar\u0131nda izleyici ile bulu\u015fan Deha dizisinde Devran karakteriyle dikkatleri \u00fczerine \u00e7eken ba\u015far\u0131l\u0131 oyuncu Aras Bulut \u0130ynemli, 76 ya\u015f\u0131ndaki babas\u0131 Cengiz \u0130ynemli\u2019nin hayat\u0131n\u0131 kaybetti\u011fini sosyal medya hesab\u0131ndan duyurdu.<\/p>\n<p><img loading=\"lazy\" decoding=\"async\" class=\"alignnone wp-image-127771\" src=\"https:\/\/www.tgrthaber.com\/mavikadin\/wp-content\/uploads\/Cengiz-Iynemli-5-1024x576.jpg\" alt=\"Aras Bulut \u0130ynemli\u2019nin babas\u0131 Cengiz \u0130ynemli kimdir? \" width=\"1208\" height=\"680\" title=\"\" srcset=\"https:\/\/www.tgrthaber.com\/mavikadin\/wp-content\/uploads\/Cengiz-Iynemli-5-1024x576.jpg 1024w, https:\/\/www.tgrthaber.com\/mavikadin\/wp-content\/uploads\/Cengiz-Iynemli-5-300x169.jpg 300w, https:\/\/www.tgrthaber.com\/mavikadin\/wp-content\/uploads\/Cengiz-Iynemli-5-768x432.jpg 768w, https:\/\/www.tgrthaber.com\/mavikadin\/wp-content\/uploads\/Cengiz-Iynemli-5-1536x864.jpg 1536w, https:\/\/www.tgrthaber.com\/mavikadin\/wp-content\/uploads\/Cengiz-Iynemli-5.jpg 1600w\" sizes=\"(max-width: 1208px) 100vw, 1208px\" \/><\/p>\n<hr \/>\n<p>Babas\u0131n\u0131n vefat haberiyle sars\u0131lan \u0130ynemli, yapt\u0131\u011f\u0131 duyuruda: \u201cMerhum Ali \u0130ynemli ve Merhume \u0130smet \u0130ynemli\u2019nin o\u011flu, Atilla, Osman ve Yavuz\u2019un karde\u015fleri, Sevtap Daner \u0130ynemli\u2019nin k\u0131ymetli e\u015fi, Or\u00e7un, Ye\u015fim ve Aras Bulut\u2019un sevgili babalar\u0131, Tu\u011fra ve Ada\u2019n\u0131n biricik dedeleri Cengiz \u0130ynemli Hakk\u2019\u0131n rahmetine kavu\u015fmu\u015ftur.\u201d ifadelerine yer verdi.<\/p>\n<h3>CENG\u0130Z \u0130YNEML\u0130\u2019N\u0130N HASTALI\u011eI NEYD\u0130?<\/h3>\n<p>\u00dcnl\u00fc ve ba\u015far\u0131l\u0131 oyuncu Aras Bulut \u0130ynemli, 2 y\u0131ld\u0131r kanser tedavisi g\u00f6ren babas\u0131 Cengiz \u0130ynemli 76 ya\u015f\u0131nda hayat\u0131n\u0131 kaybetti. Cengiz \u0130ynemli\u2019nin bug\u00fcn (31 Ocak Cuma) Kilyos camiinde ikindi namaz\u0131n\u0131 m\u00fcteakip k\u0131l\u0131nacak olan cenaze namaz\u0131n\u0131n ard\u0131ndan Kilyos Mezarl\u0131\u011f\u0131\u2019na defnedilece\u011fi a\u00e7\u0131kland\u0131.<\/p>\n","protected":false},"excerpt":{"rendered":"<p>Ba\u015far\u0131l\u0131 oyuncu Aras Bulut \u0130ynemli\u2019nin, babas\u0131 Cengiz \u0130yinemli 76 ya\u015f\u0131nda hayat\u0131n\u0131 kaybetti. Bunun \u00fczerine Cengiz \u0130ynemli\u2019nin kim oldu\u011fu merak edildi. Peki, Cengiz \u0130ynemli kimdir? \u0130\u015fte detaylar\u2026 <\/p>\n","protected":false},"author":26,"featured_media":127772,"comment_status":"closed","ping_status":"closed","sticky":false,"template":"","format":"standard","meta":{"rank_math_lock_modified_date":false,"footnotes":""},"categories":[491],"tags":[2793,9494],"class_list":["post-127767","post","type-post","status-publish","format-standard","has-post-thumbnail","hentry","category-biyografi","tag-aras-bulut-iynemli","tag-cengiz-iynemli"],"_links":{"self":[{"href":"https:\/\/www.tgrthaber.com\/mavikadin\/wp-json\/wp\/v2\/posts\/127767"}],"collection":[{"href":"https:\/\/www.tgrthaber.com\/mavikadin\/wp-json\/wp\/v2\/posts"}],"about":[{"href":"https:\/\/www.tgrthaber.com\/mavikadin\/wp-json\/wp\/v2\/types\/post"}],"author":[{"embeddable":true,"href":"https:\/\/www.tgrthaber.com\/mavikadin\/wp-json\/wp\/v2\/users\/26"}],"replies":[{"embeddable":true,"href":"https:\/\/www.tgrthaber.com\/mavikadin\/wp-json\/wp\/v2\/comments?post=127767"}],"version-history":[{"count":3,"href":"https:\/\/www.tgrthaber.com\/mavikadin\/wp-json\/wp\/v2\/posts\/127767\/revisions"}],"predecessor-version":[{"id":127778,"href":"https:\/\/www.tgrthaber.com\/mavikadin\/wp-json\/wp\/v2\/posts\/127767\/revisions\/127778"}],"wp:featuredmedia":[{"embeddable":true,"href":"https:\/\/www.tgrthaber.com\/mavikadin\/wp-json\/wp\/v2\/media\/127772"}],"wp:attachment":[{"href":"https:\/\/www.tgrthaber.com\/mavikadin\/wp-json\/wp\/v2\/media?parent=127767"}],"wp:term":[{"taxonomy":"category","embeddable":true,"href":"https:\/\/www.tgrthaber.com\/mavikadin\/wp-json\/wp\/v2\/categories?post=127767"},{"taxonomy":"post_tag","embeddable":true,"href":"https:\/\/www.tgrthaber.com\/mavikadin\/wp-json\/wp\/v2\/tags?post=127767"}],"curies":[{"name":"wp","href":"https:\/\/api.w.org\/{rel}","templated":true}]}}