{"id":127805,"date":"2025-01-31T14:04:13","date_gmt":"2025-01-31T11:04:13","guid":{"rendered":"https:\/\/www.tgrthaber.com\/mavikadin\/?p=127805"},"modified":"2025-01-31T14:04:13","modified_gmt":"2025-01-31T11:04:13","slug":"zembilli-dizisinin-gulnuru-melis-ozcimen-kimdir-oyuncunun-yasi-ve-kariyeri-merak-edildi","status":"publish","type":"post","link":"https:\/\/www.tgrthaber.com\/mavikadin\/zembilli-dizisinin-gulnuru-melis-ozcimen-kimdir-oyuncunun-yasi-ve-kariyeri-merak-edildi\/","title":{"rendered":"Zembilli dizisinin G\u00fclnur\u2019u Melis \u00d6z\u00e7imen kimdir? Oyuncunun ya\u015f\u0131 ve kariyeri merak edildi"},"content":{"rendered":"<p>ATV ekranlar\u0131n\u0131n b\u00fcy\u00fck bir ilgiyle takip edilen dizisi Zembilli, yay\u0131n hayat\u0131na ge\u00e7ti\u011fimiz haftalarda ba\u015flad\u0131. Yay\u0131nland\u0131\u011f\u0131 g\u00fcnden bu yana b\u00fcy\u00fck bir ilgiyle takip edilen dizi hem konusu hem de g\u00fc\u00e7l\u00fc oyuncu kadrosuyla dikkatleri \u00fczerine \u00e7ekmeyi ba\u015fard\u0131. Bir\u00e7ok ba\u015far\u0131l\u0131 oyuncunun yer ald\u0131\u011f\u0131 diziye gen\u00e7 oyuncular damga vuruyor. Zembilli\u2019de G\u00fclnur karakterini oynayan Melis \u00d6z\u00e7imen\u2019in kim oldu\u011fu da merak ediliyor. Peki, Zembilli dizisinin G\u00fclnur\u2019u Melis \u00d6z\u00e7imen kimdir? Melis \u00d6z\u00e7imen ka\u00e7 ya\u015f\u0131nda, nereli? Melis \u00d6z\u00e7imen hangi dizilerde oynad\u0131? Melis \u00d6z\u00e7imen hakk\u0131nda merak edilenleri sizin i\u00e7in ara\u015ft\u0131rd\u0131k. \u0130\u015fte Melis \u00d6z\u00e7imen hakk\u0131nda bilinmeyenler\u2026<\/p>\n<hr \/>\n<h3>ZEMB\u0130LL\u0130 G\u00dcLNUR K\u0130MD\u0130R?<\/h3>\n<p>Hem konusuyla hem de g\u00fc\u00e7l\u00fc oyuncu kadrosuyla dikkatleri \u00fczerine \u00e7eken Zembilli dizisi, yeni b\u00f6l\u00fcmleriyle seyirciye heyecanl\u0131 anlar ya\u015fatmaya devam ediyor. Cuma g\u00fcnleri izleyici kar\u015f\u0131s\u0131na \u00e7\u0131kan Zembilli dizisi, reytinglerde \u00f6nemli bir ba\u015far\u0131 elde etmeye devam ediyor. Dizinin oyuncu kadrosunda yer alan isimlerin de \u00f6zel hayat\u0131 merak ediliyor. Dizide dikkat \u00e7eken karakterlerden biri olan G\u00fclnur\u2019un kim oldu\u011fu da merak ediliyor. Dizide G\u00fclnur karakterini ba\u015far\u0131l\u0131 oyuncu Melis \u00d6z\u00e7imen oynuyor.<\/p>\n<p><img loading=\"lazy\" decoding=\"async\" class=\"alignnone wp-image-127807\" src=\"https:\/\/www.tgrthaber.com\/mavikadin\/wp-content\/uploads\/Melis-Ozcimen-4-1024x576.jpg\" alt=\"Zembilli dizisinin G\u00fclnur\u2019u Melis \u00d6z\u00e7imen kimdir? \" width=\"1208\" height=\"680\" title=\"\" srcset=\"https:\/\/www.tgrthaber.com\/mavikadin\/wp-content\/uploads\/Melis-Ozcimen-4-1024x576.jpg 1024w, https:\/\/www.tgrthaber.com\/mavikadin\/wp-content\/uploads\/Melis-Ozcimen-4-300x169.jpg 300w, https:\/\/www.tgrthaber.com\/mavikadin\/wp-content\/uploads\/Melis-Ozcimen-4-768x432.jpg 768w, https:\/\/www.tgrthaber.com\/mavikadin\/wp-content\/uploads\/Melis-Ozcimen-4-1536x864.jpg 1536w, https:\/\/www.tgrthaber.com\/mavikadin\/wp-content\/uploads\/Melis-Ozcimen-4.jpg 1600w\" sizes=\"(max-width: 1208px) 100vw, 1208px\" \/><\/p>\n<hr \/>\n<p>Zembilli dizisinde G\u00fclnur karakteri, g\u00f6z\u00fc y\u00fckseklerde olan, herkesi ve her \u015feyi k\u00fc\u00e7\u00fcmseyen bir karakter olarak kar\u015f\u0131m\u0131za \u00e7\u0131k\u0131yor. G\u00fclnur, haval\u0131, al\u0131ml\u0131 ve artistli\u011fe d\u00fc\u015fk\u00fcn tav\u0131rlar\u0131yla \u00f6n plana \u00e7\u0131kmaktad\u0131r. Tek derdi sevilmek olan G\u00fclnur, a\u015fk\u0131n bir oyun olmad\u0131\u011f\u0131n\u0131 \u00f6n\u00fcnde sonunda g\u00f6r\u00fcr.<\/p>\n<h3>MEL\u0130S \u00d6Z\u00c7\u0130MEN K\u0130MD\u0130R?<\/h3>\n<p>Melis \u00d6z\u00e7imen, 5 Eyl\u00fcl 1988 tarihinde \u0130zmir\u2019de d\u00fcnyaya geldi. E\u011fitim hayat\u0131na \u0130zmir\u2019de ba\u015flayan \u00d6z\u00e7imen, ilkokul, ortaokul ve lise e\u011fitimini ba\u015far\u0131yla tamamlad\u0131. Sosyal medyadaki pop\u00fclerli\u011fiyle ad\u0131ndan s\u00f6z ettiren \u00d6z\u00e7imen, TikTok fenomeni olarak makyaj ve g\u00fczellik i\u00e7erikleriyle geni\u015f bir kitleye ula\u015ft\u0131.<\/p>\n<p><img loading=\"lazy\" decoding=\"async\" class=\"alignnone wp-image-127808\" src=\"https:\/\/www.tgrthaber.com\/mavikadin\/wp-content\/uploads\/Melis-Ozcimen-7-1024x576.jpg\" alt=\"Zembilli dizisinin G\u00fclnur\u2019u Melis \u00d6z\u00e7imen kimdir? \" width=\"1208\" height=\"680\" title=\"\" srcset=\"https:\/\/www.tgrthaber.com\/mavikadin\/wp-content\/uploads\/Melis-Ozcimen-7-1024x576.jpg 1024w, https:\/\/www.tgrthaber.com\/mavikadin\/wp-content\/uploads\/Melis-Ozcimen-7-300x169.jpg 300w, https:\/\/www.tgrthaber.com\/mavikadin\/wp-content\/uploads\/Melis-Ozcimen-7-768x432.jpg 768w, https:\/\/www.tgrthaber.com\/mavikadin\/wp-content\/uploads\/Melis-Ozcimen-7-1536x864.jpg 1536w, https:\/\/www.tgrthaber.com\/mavikadin\/wp-content\/uploads\/Melis-Ozcimen-7.jpg 1600w\" sizes=\"(max-width: 1208px) 100vw, 1208px\" \/><\/p>\n<hr \/>\n<p>Sosyal medya fenomenli\u011finin yan\u0131 s\u0131ra kendini oyunculuk sekt\u00f6r\u00fcnde geli\u015ftirmek isteyen Melis \u00d6z\u00e7imen, ald\u0131\u011f\u0131 e\u011fitimlerle ba\u015far\u0131l\u0131 i\u015flere imza att\u0131. Sosyal medya fenomenli\u011finden oyunculu\u011fa uzanan \u00d6z\u00e7imen, gen\u00e7lerin dikkatini \u00e7ekmeyi ba\u015fard\u0131.<\/p>\n<h3>MEL\u0130S \u00d6Z\u00c7\u0130MEN KA\u00c7 YA\u015eINDA, NEREL\u0130?<\/h3>\n<p>Ba\u015far\u0131l\u0131 oyunculu\u011fuyla dikkatleri \u00fczerine \u00e7eken Melis \u00d6z\u00e7imen, \u015fimdilerde 2025 y\u0131l\u0131 itibariyle 36 ya\u015f\u0131nda. \u0130zmir\u2019de do\u011fup b\u00fcy\u00fcyen \u00d6z\u00e7imen, oyunculuk yapmak i\u00e7in Serap Matya\u015f Bilen\u2019den 10 ay boyunca birebir e\u011fitim ald\u0131. TikTok payla\u015f\u0131mlar\u0131yla g\u00fcndeme gelen \u00d6z\u00e7imen, oyunculu\u011fun yan\u0131 s\u0131ra sosyal medya payla\u015f\u0131mlar\u0131na da devam ediyor.<\/p>\n<p><img loading=\"lazy\" decoding=\"async\" class=\"alignnone wp-image-127809\" src=\"https:\/\/www.tgrthaber.com\/mavikadin\/wp-content\/uploads\/Melis-Ozcimen-8-1024x576.jpg\" alt=\"Zembilli dizisinin G\u00fclnur\u2019u Melis \u00d6z\u00e7imen kimdir? \" width=\"1208\" height=\"680\" title=\"\" srcset=\"https:\/\/www.tgrthaber.com\/mavikadin\/wp-content\/uploads\/Melis-Ozcimen-8-1024x576.jpg 1024w, https:\/\/www.tgrthaber.com\/mavikadin\/wp-content\/uploads\/Melis-Ozcimen-8-300x169.jpg 300w, https:\/\/www.tgrthaber.com\/mavikadin\/wp-content\/uploads\/Melis-Ozcimen-8-768x432.jpg 768w, https:\/\/www.tgrthaber.com\/mavikadin\/wp-content\/uploads\/Melis-Ozcimen-8-1536x864.jpg 1536w, https:\/\/www.tgrthaber.com\/mavikadin\/wp-content\/uploads\/Melis-Ozcimen-8.jpg 1600w\" sizes=\"(max-width: 1208px) 100vw, 1208px\" \/><\/p>\n<hr \/>\n<p>TikTok \u00fczerinden a\u011f\u0131rl\u0131kl\u0131 olarak makyaj ile ilgili i\u00e7erikler payla\u015fan Melis \u00d6z\u00e7imen\u2019in yakla\u015f\u0131k 446 binden fazla takip\u00e7isi bulunuyor. Instagram hesab\u0131n\u0131 da aktif olarak kullanan \u00d6z\u00e7imen, 184 bin takip\u00e7isine \u00e7e\u015fitli tarzda i\u00e7erikler \u00fcretiyor.<\/p>\n<h3>MEL\u0130S \u00d6Z\u00c7\u0130MEN KAR\u0130YER\u0130NDE NASIL \u0130LERLED\u0130?<\/h3>\n<p>Serap Matya\u015f Bilen\u2019den ald\u0131\u011f\u0131 oyunculuk e\u011fitiminin ard\u0131ndan ilk oyunculuk deneyimini 2021 y\u0131l\u0131nda \u201cHi\u00e7\u201d dizisindeki \u201cPeri\u201d karakteriyle ger\u00e7ekle\u015ftiren \u00d6z\u00e7imen, oyunculuk sekt\u00f6r\u00fcne h\u0131zl\u0131 bir giri\u015f yapt\u0131. Daha sonra 2022 y\u0131l\u0131nda \u201cEtkileyici\u201d dizisinde \u201cG\u00f6k\u00e7e\u201d karakterini oynayan \u00d6z\u00e7imen, \u201cAh Nerede\u201d dizisinde \u201cSera\u201d karakterini oynad\u0131.<\/p>\n<p><img loading=\"lazy\" decoding=\"async\" class=\"alignnone wp-image-127810\" src=\"https:\/\/www.tgrthaber.com\/mavikadin\/wp-content\/uploads\/Melis-Ozcimen-3-1024x576.jpg\" alt=\"Zembilli dizisinin G\u00fclnur\u2019u Melis \u00d6z\u00e7imen kimdir? \" width=\"1208\" height=\"680\" title=\"\" srcset=\"https:\/\/www.tgrthaber.com\/mavikadin\/wp-content\/uploads\/Melis-Ozcimen-3-1024x576.jpg 1024w, https:\/\/www.tgrthaber.com\/mavikadin\/wp-content\/uploads\/Melis-Ozcimen-3-300x169.jpg 300w, https:\/\/www.tgrthaber.com\/mavikadin\/wp-content\/uploads\/Melis-Ozcimen-3-768x432.jpg 768w, https:\/\/www.tgrthaber.com\/mavikadin\/wp-content\/uploads\/Melis-Ozcimen-3-1536x864.jpg 1536w, https:\/\/www.tgrthaber.com\/mavikadin\/wp-content\/uploads\/Melis-Ozcimen-3.jpg 1600w\" sizes=\"(max-width: 1208px) 100vw, 1208px\" \/><\/p>\n<hr \/>\n<p>Bir\u00e7ok ba\u015far\u0131l\u0131 projede yer almay\u0131 ba\u015faran Melis \u00d6z\u00e7imen, oyunculuk alan\u0131nda kendini geli\u015ftirerek ad\u0131ndan s\u00f6z ettirmeyi ba\u015fard\u0131. \u015eimdilerde ise ATV ekranlar\u0131n\u0131n sevilen dizisi Zembilli\u2019de G\u00fclnur karakteriyle izleyici kar\u015f\u0131s\u0131na \u00e7\u0131kan \u00d6z\u00e7imen, seyirciden tam puan al\u0131yor. \u00d6z\u00e7imen\u2019in ilerleyen s\u00fcre\u00e7teki oyunculuk performans\u0131 ise merak ediliyor.<\/p>\n<h3>MEL\u0130S \u00d6Z\u00c7\u0130MEN\u2019\u0130N YER ALDI\u011eI PROJELER<\/h3>\n<p>\u00c7akallarla Dans 7<\/p>\n<p>Zembilli<\/p>\n<p>Kader Oyunlar\u0131<\/p>\n<p>Krali\u00e7e<\/p>\n<p>Ah Nerede<\/p>\n<p>Etkileyici<\/p>\n<p>Hi\u00e7<\/p>\n","protected":false},"excerpt":{"rendered":"<p>ATV ekranlar\u0131nda izleyici kar\u015f\u0131s\u0131na \u00e7\u0131kan Zembilli dizisinde G\u00fclnur karakterinin kim oldu\u011fu merak ediliyor. Peki, Zembilli dizisinin G\u00fclnur\u2019u Melis \u00d6z\u00e7imen kimdir? \u0130\u015fte detaylar\u2026 <\/p>\n","protected":false},"author":26,"featured_media":127806,"comment_status":"closed","ping_status":"closed","sticky":false,"template":"","format":"standard","meta":{"rank_math_lock_modified_date":false,"footnotes":""},"categories":[491],"tags":[9501,4317,5497,4319,9502],"class_list":["post-127805","post","type-post","status-publish","format-standard","has-post-thumbnail","hentry","category-biyografi","tag-melis-ozcimen","tag-zembilli","tag-zembilli-dizi","tag-zembilli-dizisi","tag-zembilli-gulnur"],"_links":{"self":[{"href":"https:\/\/www.tgrthaber.com\/mavikadin\/wp-json\/wp\/v2\/posts\/127805"}],"collection":[{"href":"https:\/\/www.tgrthaber.com\/mavikadin\/wp-json\/wp\/v2\/posts"}],"about":[{"href":"https:\/\/www.tgrthaber.com\/mavikadin\/wp-json\/wp\/v2\/types\/post"}],"author":[{"embeddable":true,"href":"https:\/\/www.tgrthaber.com\/mavikadin\/wp-json\/wp\/v2\/users\/26"}],"replies":[{"embeddable":true,"href":"https:\/\/www.tgrthaber.com\/mavikadin\/wp-json\/wp\/v2\/comments?post=127805"}],"version-history":[{"count":2,"href":"https:\/\/www.tgrthaber.com\/mavikadin\/wp-json\/wp\/v2\/posts\/127805\/revisions"}],"predecessor-version":[{"id":127812,"href":"https:\/\/www.tgrthaber.com\/mavikadin\/wp-json\/wp\/v2\/posts\/127805\/revisions\/127812"}],"wp:featuredmedia":[{"embeddable":true,"href":"https:\/\/www.tgrthaber.com\/mavikadin\/wp-json\/wp\/v2\/media\/127806"}],"wp:attachment":[{"href":"https:\/\/www.tgrthaber.com\/mavikadin\/wp-json\/wp\/v2\/media?parent=127805"}],"wp:term":[{"taxonomy":"category","embeddable":true,"href":"https:\/\/www.tgrthaber.com\/mavikadin\/wp-json\/wp\/v2\/categories?post=127805"},{"taxonomy":"post_tag","embeddable":true,"href":"https:\/\/www.tgrthaber.com\/mavikadin\/wp-json\/wp\/v2\/tags?post=127805"}],"curies":[{"name":"wp","href":"https:\/\/api.w.org\/{rel}","templated":true}]}}