{"id":127813,"date":"2025-01-31T14:19:23","date_gmt":"2025-01-31T11:19:23","guid":{"rendered":"https:\/\/www.tgrthaber.com\/mavikadin\/?p=127813"},"modified":"2025-01-31T14:19:35","modified_gmt":"2025-01-31T11:19:35","slug":"zembilli-muezzin-vahit-kimdir-aykut-yilmazin-yasi-ve-kariyeri-arastiriliyor","status":"publish","type":"post","link":"https:\/\/www.tgrthaber.com\/mavikadin\/zembilli-muezzin-vahit-kimdir-aykut-yilmazin-yasi-ve-kariyeri-arastiriliyor\/","title":{"rendered":"Zembilli M\u00fcezzin Vahit kimdir? Aykut Y\u0131lmaz\u2019\u0131n ya\u015f\u0131 ve kariyeri ara\u015ft\u0131r\u0131l\u0131yor"},"content":{"rendered":"<p>ATV ekranlar\u0131n\u0131n b\u00fcy\u00fck bir ilgiyle takip edilen dizisi Zembilli yeni b\u00f6l\u00fcmleriyle yay\u0131nlanmaya devam ediyor. Hem konusu hem de g\u00fc\u00e7l\u00fc oyuncu kadrosuyla dikkatleri \u00fczerine \u00e7eken dizide oyuncular\u0131n \u00f6zel hayatlar\u0131 da merak ediliyor. Zembilli dizisinde M\u00fcezzin Vahit\u2019in de kim oldu\u011fu izleyici taraf\u0131ndan ara\u015ft\u0131r\u0131l\u0131yor. Peki, Zembilli M\u00fcezzin Vahit kimdir? Zembilli dizisinin Vahit\u2019i Aykut Y\u0131lmaz kimdir? Aykut Y\u0131lmaz ka\u00e7 ya\u015f\u0131nda, hangi dizilerde oynad\u0131? Aykut Y\u0131lmaz hakk\u0131nda merak edilenleri sizin i\u00e7in ara\u015ft\u0131rd\u0131k. \u0130\u015fte Aykut Y\u0131lmaz hakk\u0131nda bilinmeyenler\u2026<\/p>\n<hr \/>\n<h3>ZEMB\u0130LL\u0130 M\u00dcEZZ\u0130N VAH\u0130T K\u0130MD\u0130R?<\/h3>\n<p>ATV ekranlar\u0131nda cuma ak\u015famlar\u0131 izleyici ile bulu\u015fan Zembilli dizisi, b\u00fcy\u00fck bir ilgiyle takip ediliyor. Dizi hem konusu hem de oyuncu kadrosuyla dikkat \u00e7ekiyor. Birbirinden ba\u015far\u0131l\u0131 isimlerin yer ald\u0131\u011f\u0131 dizide gen\u00e7 oyuncularda dikkat \u00e7ekiyor. Dizinin dikkat \u00e7eken karakterleri aras\u0131nda \u201cM\u00fcezzin Vahit\u201d yer al\u0131yor. Dizinin sempatik ve saf karakterlerinden biri olan Vahit\u2019in kim oldu\u011fu da merak ediliyor. Vahit karakterini ba\u015far\u0131l\u0131 oyuncu Aykut Y\u0131lmaz oynuyor.<\/p>\n<p><img loading=\"lazy\" decoding=\"async\" class=\"alignnone wp-image-127814\" src=\"https:\/\/www.tgrthaber.com\/mavikadin\/wp-content\/uploads\/Aykut-Yilmaz-1-1024x576.jpg\" alt=\"Zembilli M\u00fcezzin Vahit kimdir? \" width=\"1208\" height=\"680\" title=\"\" srcset=\"https:\/\/www.tgrthaber.com\/mavikadin\/wp-content\/uploads\/Aykut-Yilmaz-1-1024x576.jpg 1024w, https:\/\/www.tgrthaber.com\/mavikadin\/wp-content\/uploads\/Aykut-Yilmaz-1-300x169.jpg 300w, https:\/\/www.tgrthaber.com\/mavikadin\/wp-content\/uploads\/Aykut-Yilmaz-1-768x432.jpg 768w, https:\/\/www.tgrthaber.com\/mavikadin\/wp-content\/uploads\/Aykut-Yilmaz-1-1536x864.jpg 1536w, https:\/\/www.tgrthaber.com\/mavikadin\/wp-content\/uploads\/Aykut-Yilmaz-1.jpg 1600w\" sizes=\"(max-width: 1208px) 100vw, 1208px\" \/><\/p>\n<hr \/>\n<p>Zembilli dizisinde Vahit karakteri, kasaban\u0131n m\u00fcezzini, g\u00f6nl\u00fc g\u00fczel, m\u00fcbarek bir ki\u015fi olarak kar\u015f\u0131m\u0131za \u00e7\u0131k\u0131yor. M\u00fcezzinlik yapt\u0131\u011f\u0131 kasabada kimsesi olmayan Vahit\u2019in karde\u015fim dedi\u011fi dostlar\u0131 vard\u0131r. M\u00fcezzin Vahit, olduk\u00e7a \u00e7ekingen ve saf bir karakterdir. Vahit\u2019in kasabada dostlar\u0131n\u0131n yan\u0131 s\u0131ra y\u00fcz\u00fcne bakmaya bile cesaret edemedi\u011fi bir sevdi\u011fi vard\u0131r. \u0130yi niyetli olu\u015fu ve kimseye hay\u0131r diyemedi\u011fi i\u00e7in ba\u015f\u0131na gelmeyen kalmayan Vahit, ne olursa olsun iyi ve saf d\u00fc\u015f\u00fcnceli olmaktan vazge\u00e7mez. Maneviyat\u0131 y\u00fcksek olan Vahit, y\u00fcre\u011findeki ilahi a\u015fkla imam olmaya \u00e7al\u0131\u015f\u0131rken, sesinin g\u00fczelli\u011fi ve Kadir\u2019in hayali y\u00fcz\u00fcnden me\u015fhur olur.<\/p>\n<p><img loading=\"lazy\" decoding=\"async\" class=\"alignnone wp-image-127818\" src=\"https:\/\/www.tgrthaber.com\/mavikadin\/wp-content\/uploads\/Aykut-Yilmaz-3-1024x576.jpg\" alt=\"Zembilli M\u00fcezzin Vahit kimdir? \" width=\"1208\" height=\"680\" title=\"\" srcset=\"https:\/\/www.tgrthaber.com\/mavikadin\/wp-content\/uploads\/Aykut-Yilmaz-3-1024x576.jpg 1024w, https:\/\/www.tgrthaber.com\/mavikadin\/wp-content\/uploads\/Aykut-Yilmaz-3-300x169.jpg 300w, https:\/\/www.tgrthaber.com\/mavikadin\/wp-content\/uploads\/Aykut-Yilmaz-3-768x432.jpg 768w, https:\/\/www.tgrthaber.com\/mavikadin\/wp-content\/uploads\/Aykut-Yilmaz-3-1536x864.jpg 1536w, https:\/\/www.tgrthaber.com\/mavikadin\/wp-content\/uploads\/Aykut-Yilmaz-3.jpg 1600w\" sizes=\"(max-width: 1208px) 100vw, 1208px\" \/><\/p>\n<hr \/>\n<h3>AYKUT YILMAZ K\u0130MD\u0130R?<\/h3>\n<p>Aykut Y\u0131lmaz, 31 Mart 1991 tarihinde \u0130stanbul\u2019da d\u00fcnyaya geldi. \u0130lkokul, ortaokul ve lise e\u011fitimini ba\u015far\u0131yla tamamlayan Y\u0131lmaz, y\u00fcksek\u00f6\u011frenimini \u0130stanbul K\u00fclt\u00fcr \u00dcniversitesi Sinem ve Televizyon B\u00f6l\u00fcm\u00fc\u2019nde tamamlayarak mezun oldu.<\/p>\n<p><img loading=\"lazy\" decoding=\"async\" class=\"alignnone wp-image-127817\" src=\"https:\/\/www.tgrthaber.com\/mavikadin\/wp-content\/uploads\/Aykut-Yilmaz-4-1024x576.jpg\" alt=\"Zembilli M\u00fcezzin Vahit kimdir? \" width=\"1208\" height=\"680\" title=\"\" srcset=\"https:\/\/www.tgrthaber.com\/mavikadin\/wp-content\/uploads\/Aykut-Yilmaz-4-1024x576.jpg 1024w, https:\/\/www.tgrthaber.com\/mavikadin\/wp-content\/uploads\/Aykut-Yilmaz-4-300x169.jpg 300w, https:\/\/www.tgrthaber.com\/mavikadin\/wp-content\/uploads\/Aykut-Yilmaz-4-768x432.jpg 768w, https:\/\/www.tgrthaber.com\/mavikadin\/wp-content\/uploads\/Aykut-Yilmaz-4-1536x864.jpg 1536w, https:\/\/www.tgrthaber.com\/mavikadin\/wp-content\/uploads\/Aykut-Yilmaz-4.jpg 1600w\" sizes=\"(max-width: 1208px) 100vw, 1208px\" \/><\/p>\n<hr \/>\n<p>Oyunculu\u011fa k\u00fc\u00e7\u00fck ya\u015flardayken merak salan Aykut Y\u0131lmaz, lise e\u011fitimi ald\u0131\u011f\u0131 s\u0131rada \u00e7e\u015fitli tiyatro oyunlar\u0131nda kendini g\u00f6stermi\u015ftir. Tiyatro ve sinemaya b\u00fcy\u00fck bir ilgi duyan Y\u0131lmaz, oyunculuk alan\u0131nda kendini geli\u015ftirmi\u015f ve ad\u0131ndan s\u00f6z ettirmi\u015ftir.<\/p>\n<h3>AYKUT YILMAZ KA\u00c7 YA\u015eINDA?<\/h3>\n<p>\u015eimdilerde 33 ya\u015f\u0131nda olan ba\u015far\u0131l\u0131 oyuncu Aykut Y\u0131lmaz, ilk sinema deneyimini 2008 y\u0131l\u0131nda \u201cBa\u015fka Semtin \u00c7ocuklar\u0131\u201d adl\u0131 filmde rol alarak ger\u00e7ekle\u015ftirdi. Daha sonra \u201cLale Devri\u201d dizisinde \u201cKerem Ta\u015fk\u0131ran\u201d karakterini oynayan Y\u0131lmaz, seyirciden tam puan ald\u0131.<\/p>\n<p><img loading=\"lazy\" decoding=\"async\" class=\"alignnone wp-image-127816\" src=\"https:\/\/www.tgrthaber.com\/mavikadin\/wp-content\/uploads\/Aykut-Yilmaz-6-1024x576.jpg\" alt=\"Zembilli M\u00fcezzin Vahit kimdir? \" width=\"1208\" height=\"680\" title=\"\" srcset=\"https:\/\/www.tgrthaber.com\/mavikadin\/wp-content\/uploads\/Aykut-Yilmaz-6-1024x576.jpg 1024w, https:\/\/www.tgrthaber.com\/mavikadin\/wp-content\/uploads\/Aykut-Yilmaz-6-300x169.jpg 300w, https:\/\/www.tgrthaber.com\/mavikadin\/wp-content\/uploads\/Aykut-Yilmaz-6-768x432.jpg 768w, https:\/\/www.tgrthaber.com\/mavikadin\/wp-content\/uploads\/Aykut-Yilmaz-6-1536x864.jpg 1536w, https:\/\/www.tgrthaber.com\/mavikadin\/wp-content\/uploads\/Aykut-Yilmaz-6.jpg 1600w\" sizes=\"(max-width: 1208px) 100vw, 1208px\" \/><\/p>\n<hr \/>\n<p>Ba\u015far\u0131l\u0131 oyunculuk performans\u0131yla dikkatleri \u00fczerine toplayan Aykut Y\u0131lmaz, \u201cKuzgun\u201d adl\u0131 dizide \u201cSel\u00e7uk\u201d karakterini oynad\u0131. Kuzgun dizisinin ard\u0131ndan \u201cYaln\u0131z Kurt\u201d dizisiyle izleyici kar\u015f\u0131s\u0131na \u00e7\u0131kan Y\u0131lmaz, son olarak NOW TV ekranlar\u0131nda izleyici kar\u015f\u0131s\u0131na \u00e7\u0131kan \u201cHudutsuz Sevda\u201d dizisinde yer ald\u0131. \u015eimdilerde ise ATV ekranlar\u0131nda yay\u0131nlanan \u201cZembilli\u201d dizisinde \u201cVahit\u201d karakterini oynayan Y\u0131lmaz, m\u00fcezzin rol\u00fcyle seyirciden tam puan al\u0131yor.<\/p>\n<p><img loading=\"lazy\" decoding=\"async\" class=\"alignnone wp-image-127819\" src=\"https:\/\/www.tgrthaber.com\/mavikadin\/wp-content\/uploads\/Aykut-Yilmaz-5-1024x576.jpg\" alt=\"Zembilli M\u00fcezzin Vahit kimdir? \" width=\"1208\" height=\"680\" title=\"\" srcset=\"https:\/\/www.tgrthaber.com\/mavikadin\/wp-content\/uploads\/Aykut-Yilmaz-5-1024x576.jpg 1024w, https:\/\/www.tgrthaber.com\/mavikadin\/wp-content\/uploads\/Aykut-Yilmaz-5-300x169.jpg 300w, https:\/\/www.tgrthaber.com\/mavikadin\/wp-content\/uploads\/Aykut-Yilmaz-5-768x432.jpg 768w, https:\/\/www.tgrthaber.com\/mavikadin\/wp-content\/uploads\/Aykut-Yilmaz-5-1536x864.jpg 1536w, https:\/\/www.tgrthaber.com\/mavikadin\/wp-content\/uploads\/Aykut-Yilmaz-5.jpg 1600w\" sizes=\"(max-width: 1208px) 100vw, 1208px\" \/><\/p>\n<hr \/>\n<h3>AYKUT YILMAZ SES\u0130N\u0130N G\u00dcZELL\u0130\u011e\u0130YLE D\u0130KKAT \u00c7EK\u0130YOR!<\/h3>\n<p>Aykut Y\u0131lmaz, oyunculuk kariyerinin yan\u0131 s\u0131ra sosyal medyada yapt\u0131\u011f\u0131 payla\u015f\u0131mlarla da g\u00fcndeme geliyor. Sosyal medya hesaplar\u0131n\u0131 da olduk\u00e7a s\u0131k kullanan Y\u0131lmaz, m\u00fczi\u011fe kar\u015f\u0131da olduk\u00e7a ilgili. Y\u0131lmaz, gitar \u00e7alarak \u015fark\u0131 s\u00f6yledi\u011fi anlar\u0131 Instagram \u00fczerinden takip\u00e7ileriyle payla\u015f\u0131yor. Sesinin g\u00fczelli\u011fiyle herkesi etkileyen Y\u0131lmaz, Zembilli dizisinde de sesini kullan\u0131yor. G\u00fczel sesiyle m\u00fcezzinlik yapan Y\u0131lmaz, dikkatleri \u00fczerine \u00e7ekiyor.<\/p>\n<h3>AYKUT YILMAZ HANG\u0130 D\u0130Z\u0130 VE F\u0130LMLERDE OYNADI?<\/h3>\n<p>Zembilli<\/p>\n<p>Hudutsuz Sevda<\/p>\n<p>Yaln\u0131z Kurt<\/p>\n<p>Ben Bu Cihana S\u0131\u011fmazsam<\/p>\n<p>Kuzgun<\/p>\n<p>Lale Devri<\/p>\n<p>Acil A\u015fk Aran\u0131yor<\/p>\n<p>Ba\u015fka Semtin \u00c7ocuklar\u0131<\/p>\n","protected":false},"excerpt":{"rendered":"<p>ATV ekranlar\u0131nda izleyici kar\u015f\u0131s\u0131na \u00e7\u0131kan Zembilli dizisinde Vahit karakterinin kim oldu\u011fu merak edildi. Peki, Zembilli M\u00fcezzin Vahit kimdir? Zembilli dizisinin Vahit\u2019i Aykut Y\u0131lmaz kimdir? \u0130\u015fte detaylar\u2026 <\/p>\n","protected":false},"author":26,"featured_media":127815,"comment_status":"closed","ping_status":"closed","sticky":false,"template":"","format":"standard","meta":{"rank_math_lock_modified_date":false,"footnotes":""},"categories":[491],"tags":[9503,4317,5497,4319,9504],"class_list":["post-127813","post","type-post","status-publish","format-standard","has-post-thumbnail","hentry","category-biyografi","tag-aykut-yilmaz","tag-zembilli","tag-zembilli-dizi","tag-zembilli-dizisi","tag-zembilli-vahit"],"_links":{"self":[{"href":"https:\/\/www.tgrthaber.com\/mavikadin\/wp-json\/wp\/v2\/posts\/127813"}],"collection":[{"href":"https:\/\/www.tgrthaber.com\/mavikadin\/wp-json\/wp\/v2\/posts"}],"about":[{"href":"https:\/\/www.tgrthaber.com\/mavikadin\/wp-json\/wp\/v2\/types\/post"}],"author":[{"embeddable":true,"href":"https:\/\/www.tgrthaber.com\/mavikadin\/wp-json\/wp\/v2\/users\/26"}],"replies":[{"embeddable":true,"href":"https:\/\/www.tgrthaber.com\/mavikadin\/wp-json\/wp\/v2\/comments?post=127813"}],"version-history":[{"count":2,"href":"https:\/\/www.tgrthaber.com\/mavikadin\/wp-json\/wp\/v2\/posts\/127813\/revisions"}],"predecessor-version":[{"id":127821,"href":"https:\/\/www.tgrthaber.com\/mavikadin\/wp-json\/wp\/v2\/posts\/127813\/revisions\/127821"}],"wp:featuredmedia":[{"embeddable":true,"href":"https:\/\/www.tgrthaber.com\/mavikadin\/wp-json\/wp\/v2\/media\/127815"}],"wp:attachment":[{"href":"https:\/\/www.tgrthaber.com\/mavikadin\/wp-json\/wp\/v2\/media?parent=127813"}],"wp:term":[{"taxonomy":"category","embeddable":true,"href":"https:\/\/www.tgrthaber.com\/mavikadin\/wp-json\/wp\/v2\/categories?post=127813"},{"taxonomy":"post_tag","embeddable":true,"href":"https:\/\/www.tgrthaber.com\/mavikadin\/wp-json\/wp\/v2\/tags?post=127813"}],"curies":[{"name":"wp","href":"https:\/\/api.w.org\/{rel}","templated":true}]}}