{"id":127852,"date":"2025-01-31T15:27:26","date_gmt":"2025-01-31T12:27:26","guid":{"rendered":"https:\/\/www.tgrthaber.com\/mavikadin\/?p=127852"},"modified":"2025-01-31T15:27:26","modified_gmt":"2025-01-31T12:27:26","slug":"sosyal-medyada-buyuk-bir-un-kazanan-eren-karayilan-kimdir-eren-karayilanin-babasi-kimdir","status":"publish","type":"post","link":"https:\/\/www.tgrthaber.com\/mavikadin\/sosyal-medyada-buyuk-bir-un-kazanan-eren-karayilan-kimdir-eren-karayilanin-babasi-kimdir\/","title":{"rendered":"Sosyal medyada b\u00fcy\u00fck bir \u00fcn kazanan Eren Karay\u0131lan kimdir? Eren Karay\u0131lan\u2019\u0131n babas\u0131 kimdir?"},"content":{"rendered":"<p>Son zamanlarda sosyal medyada yo\u011fun bir ilgi g\u00f6ren Eren Karay\u0131lan\u2019\u0131n kim oldu\u011fu merak ediliyor. \u0130stanbul\u2019un \u00e7e\u015fitli caddelerinde \u015fark\u0131 s\u00f6ylemesiyle bilinen Eren Karay\u0131lan, g\u00fc\u00e7l\u00fc sesiyle dikkatleri \u00fczerine topluyor. Peki, Eren Karay\u0131lan kimdir? Eren Karay\u0131lan ka\u00e7 ya\u015f\u0131nda, nereli? Eren Karay\u0131lan\u2019\u0131n babas\u0131 kimdir? Eren Karay\u0131lan\u2019\u0131n annesi \u00f6ld\u00fc m\u00fc? Eren Karay\u0131lan\u2019\u0131n hayat\u0131na dair bilinmeyenleri sizin i\u00e7in ara\u015ft\u0131rd\u0131k. \u0130\u015fte Eren Karay\u0131lan hakk\u0131nda merak edilenler\u2026<\/p>\n<hr \/>\n<h3>EREN KARAYILAN K\u0130MD\u0130R?<\/h3>\n<p>\u015eimdilerde sosyal medyada yo\u011fun ilgi g\u00f6ren Eren Karay\u0131lan, 30 Eyl\u00fcl 2003 tarihinde \u0130stanbul\u2019da d\u00fcnyaya geldi. Sosyal medyan\u0131n g\u00fcndemine \u201cAnd\u0131 Ney Lan\u201d repli\u011fi ile oturan Karay\u0131lan, \u0130stanbul sokaklar\u0131nda s\u00f6yledi\u011fi \u015fark\u0131larla g\u00fcndeme geliyor. G\u00fc\u00e7l\u00fc sesi ve ba\u015far\u0131l\u0131 performans\u0131yla dikkatleri \u00fczerine \u00e7eken Karay\u0131lan, daha 21-22 ya\u015flar\u0131nda olmas\u0131na ra\u011fmen dimdik duru\u015fuyla sosyal medya kullan\u0131c\u0131lar\u0131 taraf\u0131ndan taktir ediliyor. Eren Karay\u0131lan\u2019\u0131n kendisinden 1 ya\u015f k\u00fc\u00e7\u00fck Sultan Karay\u0131lan ad\u0131nda bir k\u0131z karde\u015fi vard\u0131r.<\/p>\n<p><img loading=\"lazy\" decoding=\"async\" class=\"alignnone wp-image-127856\" src=\"https:\/\/www.tgrthaber.com\/mavikadin\/wp-content\/uploads\/Eren-Karayilan-5-1024x576.jpg\" alt=\"Eren Karay\u0131lan kimdir? \" width=\"1208\" height=\"680\" title=\"\" srcset=\"https:\/\/www.tgrthaber.com\/mavikadin\/wp-content\/uploads\/Eren-Karayilan-5-1024x576.jpg 1024w, https:\/\/www.tgrthaber.com\/mavikadin\/wp-content\/uploads\/Eren-Karayilan-5-300x169.jpg 300w, https:\/\/www.tgrthaber.com\/mavikadin\/wp-content\/uploads\/Eren-Karayilan-5-768x432.jpg 768w, https:\/\/www.tgrthaber.com\/mavikadin\/wp-content\/uploads\/Eren-Karayilan-5-1536x864.jpg 1536w, https:\/\/www.tgrthaber.com\/mavikadin\/wp-content\/uploads\/Eren-Karayilan-5.jpg 1600w\" sizes=\"(max-width: 1208px) 100vw, 1208px\" \/><\/p>\n<hr \/>\n<p>Sosyal medyada \u201cAnd\u0131 Ney Lan\u201d ve \u201c\u015eey mi Dostum\u201d replikleriyle b\u00fcy\u00fck bir \u00fcn kazanan Eren Karay\u0131lan, g\u00fc\u00e7l\u00fc sesiyle de herkesi etkilemeyi ba\u015far\u0131yor. \u0130stanbul\u2019un \u00e7e\u015fitli sokaklar\u0131nda, metrob\u00fcste, caddelerde yer ve zaman fark etmeksizin \u015fark\u0131 s\u00f6yleyen Karay\u0131lan, sesi ve piyano \u00e7alma yetene\u011fiyle ad\u0131ndan s\u00f6z ettiriyor. \u0130stanbul do\u011fumlu Karay\u0131lan\u2019\u0131n nereli oldu\u011fu ise bilinmiyor.<\/p>\n<p><img loading=\"lazy\" decoding=\"async\" class=\"alignnone wp-image-127857\" src=\"https:\/\/www.tgrthaber.com\/mavikadin\/wp-content\/uploads\/Eren-Karayilan-7-1024x576.jpg\" alt=\"Eren Karay\u0131lan kimdir? \" width=\"1208\" height=\"680\" title=\"\" srcset=\"https:\/\/www.tgrthaber.com\/mavikadin\/wp-content\/uploads\/Eren-Karayilan-7-1024x576.jpg 1024w, https:\/\/www.tgrthaber.com\/mavikadin\/wp-content\/uploads\/Eren-Karayilan-7-300x169.jpg 300w, https:\/\/www.tgrthaber.com\/mavikadin\/wp-content\/uploads\/Eren-Karayilan-7-768x432.jpg 768w, https:\/\/www.tgrthaber.com\/mavikadin\/wp-content\/uploads\/Eren-Karayilan-7-1536x864.jpg 1536w, https:\/\/www.tgrthaber.com\/mavikadin\/wp-content\/uploads\/Eren-Karayilan-7.jpg 1600w\" sizes=\"(max-width: 1208px) 100vw, 1208px\" \/><\/p>\n<hr \/>\n<h3>EREN KARAYILAN\u2019IN BABASI K\u0130MD\u0130R?<\/h3>\n<p>Muhte\u015fem sesi ve sosyal medya payla\u015f\u0131mlar\u0131yla g\u00fcndeme gelen Eren Karay\u0131lan\u2019\u0131n babas\u0131n\u0131n kim oldu\u011fu merak ediliyor. Olduk\u00e7a trajik ve etkileyici bir hayat hikayesi olan Karay\u0131lan\u2019\u0131n \u00f6z babas\u0131n\u0131n kim oldu\u011fu bilinmiyor. K\u00fc\u00e7\u00fck ya\u015flarda anne ve babas\u0131 bo\u015fanan Eren Karay\u0131lan\u2019\u0131n \u00f6z babas\u0131 hakk\u0131nda yaln\u0131zca isminin \u201cTahir\u201d oldu\u011fu biliniyor.<\/p>\n<p><img loading=\"lazy\" decoding=\"async\" class=\"alignnone wp-image-127862\" src=\"https:\/\/www.tgrthaber.com\/mavikadin\/wp-content\/uploads\/Eren-Karayilan-8-1024x576.jpg\" alt=\"Eren Karay\u0131lan kimdir? \" width=\"1208\" height=\"680\" title=\"\" srcset=\"https:\/\/www.tgrthaber.com\/mavikadin\/wp-content\/uploads\/Eren-Karayilan-8-1024x576.jpg 1024w, https:\/\/www.tgrthaber.com\/mavikadin\/wp-content\/uploads\/Eren-Karayilan-8-300x169.jpg 300w, https:\/\/www.tgrthaber.com\/mavikadin\/wp-content\/uploads\/Eren-Karayilan-8-768x432.jpg 768w, https:\/\/www.tgrthaber.com\/mavikadin\/wp-content\/uploads\/Eren-Karayilan-8-1536x864.jpg 1536w, https:\/\/www.tgrthaber.com\/mavikadin\/wp-content\/uploads\/Eren-Karayilan-8.jpg 1600w\" sizes=\"(max-width: 1208px) 100vw, 1208px\" \/><\/p>\n<hr \/>\n<h3>EREN KARAYILAN\u2019IN ANNES\u0130 K\u0130M, \u00d6LD\u00dc M\u00dc?<\/h3>\n<p>Sesi kadar hayat hikayesi de olduk\u00e7a ac\u0131kl\u0131 olan Eren Karay\u0131lan\u2019\u0131n annesi N\u00fclber, ikinci evlili\u011finde e\u015fini kendini savunmaya \u00e7al\u0131\u015f\u0131rken \u00f6ld\u00fcrm\u00fc\u015ft\u00fcr. E\u015finin \u00f6l\u00fcm\u00fcne sebep olan N\u00fclber, 8 y\u0131l boyunca cezaevinde kalm\u0131\u015f ve sonras\u0131nda tahliye olmu\u015ftur. N\u00fclber\u2019in cezaevinden \u00f6nce ve sonra ya\u015fad\u0131klar\u0131 psikolojisini bozmu\u015f ve kendisini derdinden sarsm\u0131\u015ft\u0131r.<\/p>\n<p><img loading=\"lazy\" decoding=\"async\" class=\"alignnone wp-image-127858\" src=\"https:\/\/www.tgrthaber.com\/mavikadin\/wp-content\/uploads\/Eren-Karayilan-6-1024x576.jpg\" alt=\"Eren Karay\u0131lan kimdir? \" width=\"1208\" height=\"680\" title=\"\" srcset=\"https:\/\/www.tgrthaber.com\/mavikadin\/wp-content\/uploads\/Eren-Karayilan-6-1024x576.jpg 1024w, https:\/\/www.tgrthaber.com\/mavikadin\/wp-content\/uploads\/Eren-Karayilan-6-300x169.jpg 300w, https:\/\/www.tgrthaber.com\/mavikadin\/wp-content\/uploads\/Eren-Karayilan-6-768x432.jpg 768w, https:\/\/www.tgrthaber.com\/mavikadin\/wp-content\/uploads\/Eren-Karayilan-6-1536x864.jpg 1536w, https:\/\/www.tgrthaber.com\/mavikadin\/wp-content\/uploads\/Eren-Karayilan-6.jpg 1600w\" sizes=\"(max-width: 1208px) 100vw, 1208px\" \/><\/p>\n<hr \/>\n<p>Cezaevinden \u00e7\u0131kan N\u00fclber, hastal\u0131k \u00fczerine hastal\u0131k ya\u015fam\u0131\u015f ve sa\u00e7lar\u0131 d\u00f6k\u00fclm\u00fc\u015ft\u00fcr. N\u00fclber Karay\u0131lan, 2021 y\u0131l\u0131n\u0131n haziran ay\u0131nda bayg\u0131nl\u0131k nedeniyle kald\u0131r\u0131ld\u0131\u011f\u0131 hastanede beyin \u00f6l\u00fcm\u00fcn\u00fcn ger\u00e7ekle\u015fmesiyle hayata g\u00f6zlerini yummu\u015ftur.<\/p>\n<h3>EREN KARAYILAN\u2019IN ACI DOLU HAYAT H\u0130KAYES\u0130<\/h3>\n<p>\u015eimdilerde bulundu\u011fu konuma b\u00fcy\u00fck m\u00fccadeleler vererek gelen Eren Karay\u0131lan\u2019\u0131n annesi Nilber ve babas\u0131 Tahir, 5 ya\u015f\u0131ndayken bo\u015fanm\u0131\u015ft\u0131r. Karay\u0131lan\u2019\u0131n annesi N\u00fclber, bir s\u00fcre sonra Ye\u015fil\u00e7am oyuncusu Remzi Ekmek\u00e7i ile d\u00fcnya evine girmi\u015ftir. Karay\u0131lan\u2019\u0131n \u00fcvey babas\u0131 Ekmek\u00e7i, yasad\u0131\u015f\u0131 i\u015flere bula\u015fm\u0131\u015f ve aileye \u015fiddet uygulamaya ba\u015flam\u0131\u015ft\u0131r. G\u00fcn ge\u00e7tik\u00e7e \u015fiddetin boyutu artm\u0131\u015f ve Ekmek\u00e7i Karay\u0131lan\u2019\u0131n annesi N\u00fclber\u2019i omzundan b\u0131\u00e7aklam\u0131\u015ft\u0131r.<\/p>\n<p><img loading=\"lazy\" decoding=\"async\" class=\"alignnone wp-image-127860\" src=\"https:\/\/www.tgrthaber.com\/mavikadin\/wp-content\/uploads\/Eren-Karayilan-3-1024x576.jpg\" alt=\"Eren Karay\u0131lan kimdir? \" width=\"1208\" height=\"680\" title=\"\" srcset=\"https:\/\/www.tgrthaber.com\/mavikadin\/wp-content\/uploads\/Eren-Karayilan-3-1024x576.jpg 1024w, https:\/\/www.tgrthaber.com\/mavikadin\/wp-content\/uploads\/Eren-Karayilan-3-300x169.jpg 300w, https:\/\/www.tgrthaber.com\/mavikadin\/wp-content\/uploads\/Eren-Karayilan-3-768x432.jpg 768w, https:\/\/www.tgrthaber.com\/mavikadin\/wp-content\/uploads\/Eren-Karayilan-3-1536x864.jpg 1536w, https:\/\/www.tgrthaber.com\/mavikadin\/wp-content\/uploads\/Eren-Karayilan-3.jpg 1600w\" sizes=\"(max-width: 1208px) 100vw, 1208px\" \/><\/p>\n<hr \/>\n<p>N\u00fclber, kendisinin ve \u00e7ocuklar\u0131n\u0131n ya\u015fad\u0131\u011f\u0131 \u015fiddete daha fazla dayanamam\u0131\u015ft\u0131r. 2011 y\u0131l\u0131nda kendisini ve \u00e7ocuklar\u0131n\u0131 korumak isterken Remzi Ekmek\u00e7i\u2019yi b\u0131\u00e7aklayan N\u00fclber, Ekmek\u00e7i\u2019nin \u00f6l\u00fcm\u00fcne sebep olmu\u015ftur. Ya\u015fanan arbedede \u00fcvey baba Ekmek\u00e7i hayat\u0131n\u0131 kaybetmi\u015f ve olay\u0131n ard\u0131ndan N\u00fclber, cezaevine nakledilmi\u015ftir. 8 y\u0131l boyunca cezevinde yatan anne N\u00fclber, 8 y\u0131l\u0131n sonunda tahliye olmu\u015ftur. Eren ve karde\u015fi Sultan, annelerine kavu\u015fman\u0131n mutlulu\u011funu ya\u015farken, cezaevinden \u00e7\u0131kan N\u00fclber\u2019in sa\u011fl\u0131k durumu git gide k\u00f6t\u00fcle\u015fmi\u015ftir. Sa\u011fl\u0131\u011f\u0131yla beraber sa\u00e7lar\u0131n\u0131 da kaybeden N\u00fclber, sosyal medya kullan\u0131c\u0131lar\u0131 taraf\u0131ndan dalga ge\u00e7ilerek a\u015fa\u011f\u0131lanm\u0131\u015ft\u0131r. Karay\u0131lan, sosyal medyada annesine yap\u0131lan k\u00f6t\u00fc yorumlar y\u00fczden derinden etkilenmi\u015ftir.<\/p>\n<p><img loading=\"lazy\" decoding=\"async\" class=\"alignnone wp-image-127861\" src=\"https:\/\/www.tgrthaber.com\/mavikadin\/wp-content\/uploads\/Eren-Karayilan-2-1024x576.jpg\" alt=\"Eren Karay\u0131lan kimdir? \" width=\"1208\" height=\"680\" title=\"\" srcset=\"https:\/\/www.tgrthaber.com\/mavikadin\/wp-content\/uploads\/Eren-Karayilan-2-1024x576.jpg 1024w, https:\/\/www.tgrthaber.com\/mavikadin\/wp-content\/uploads\/Eren-Karayilan-2-300x169.jpg 300w, https:\/\/www.tgrthaber.com\/mavikadin\/wp-content\/uploads\/Eren-Karayilan-2-768x432.jpg 768w, https:\/\/www.tgrthaber.com\/mavikadin\/wp-content\/uploads\/Eren-Karayilan-2-1536x864.jpg 1536w, https:\/\/www.tgrthaber.com\/mavikadin\/wp-content\/uploads\/Eren-Karayilan-2.jpg 1600w\" sizes=\"(max-width: 1208px) 100vw, 1208px\" \/><\/p>\n<hr \/>\n<p>2011 y\u0131l\u0131nda fenala\u015farak hastaneye kald\u0131r\u0131lan N\u00fclber, beyin kanamas\u0131 nedeniyle tedavi g\u00f6rd\u00fc\u011f\u00fc hastanede 3 g\u00fcn sonra hayat\u0131n\u0131 kaybetmi\u015ftir. Olduk\u00e7a ac\u0131 dolu ve trajik bir \u00e7ocukluk d\u00f6nemi ge\u00e7iren Eren ve Sultan, k\u00fc\u00e7\u00fck ya\u015fta annesiz ve babas\u0131z kalm\u0131\u015ft\u0131r. G\u00fc\u00e7l\u00fc sesiyle g\u00fcndeme gelen Eren, annesinin onun yetene\u011fini gen\u00e7 ya\u015fta fark edip destekledi\u011fini dile getirmi\u015ftir. N\u00fclber Karay\u0131lan, o\u011flunun yetene\u011finin herkes taraf\u0131ndan fark edilmesini istemi\u015ftir.<\/p>\n","protected":false},"excerpt":{"rendered":"<p>Son zamanlarda sosyal medyada yo\u011fun bir ilgi g\u00f6ren Eren Karay\u0131lan\u2019\u0131n kim oldu\u011fu merak ediliyor. Peki, Eren Karay\u0131lan kimdir? Eren Karay\u0131lan\u2019\u0131n babas\u0131 kimdir? \u0130\u015fte Eren Karay\u0131lan hakk\u0131nda bilinmeyenler\u2026<\/p>\n","protected":false},"author":26,"featured_media":127854,"comment_status":"closed","ping_status":"closed","sticky":false,"template":"","format":"standard","meta":{"rank_math_lock_modified_date":false,"footnotes":""},"categories":[491],"tags":[9522,9523,9524],"class_list":["post-127852","post","type-post","status-publish","format-standard","has-post-thumbnail","hentry","category-biyografi","tag-eren-karayilan","tag-eren-karayilan-kimdir","tag-eren-karayilanin-babasi-kimdir"],"_links":{"self":[{"href":"https:\/\/www.tgrthaber.com\/mavikadin\/wp-json\/wp\/v2\/posts\/127852"}],"collection":[{"href":"https:\/\/www.tgrthaber.com\/mavikadin\/wp-json\/wp\/v2\/posts"}],"about":[{"href":"https:\/\/www.tgrthaber.com\/mavikadin\/wp-json\/wp\/v2\/types\/post"}],"author":[{"embeddable":true,"href":"https:\/\/www.tgrthaber.com\/mavikadin\/wp-json\/wp\/v2\/users\/26"}],"replies":[{"embeddable":true,"href":"https:\/\/www.tgrthaber.com\/mavikadin\/wp-json\/wp\/v2\/comments?post=127852"}],"version-history":[{"count":1,"href":"https:\/\/www.tgrthaber.com\/mavikadin\/wp-json\/wp\/v2\/posts\/127852\/revisions"}],"predecessor-version":[{"id":127863,"href":"https:\/\/www.tgrthaber.com\/mavikadin\/wp-json\/wp\/v2\/posts\/127852\/revisions\/127863"}],"wp:featuredmedia":[{"embeddable":true,"href":"https:\/\/www.tgrthaber.com\/mavikadin\/wp-json\/wp\/v2\/media\/127854"}],"wp:attachment":[{"href":"https:\/\/www.tgrthaber.com\/mavikadin\/wp-json\/wp\/v2\/media?parent=127852"}],"wp:term":[{"taxonomy":"category","embeddable":true,"href":"https:\/\/www.tgrthaber.com\/mavikadin\/wp-json\/wp\/v2\/categories?post=127852"},{"taxonomy":"post_tag","embeddable":true,"href":"https:\/\/www.tgrthaber.com\/mavikadin\/wp-json\/wp\/v2\/tags?post=127852"}],"curies":[{"name":"wp","href":"https:\/\/api.w.org\/{rel}","templated":true}]}}