{"id":127885,"date":"2025-01-31T16:32:24","date_gmt":"2025-01-31T13:32:24","guid":{"rendered":"https:\/\/www.tgrthaber.com\/mavikadin\/?p=127885"},"modified":"2025-01-31T16:32:24","modified_gmt":"2025-01-31T13:32:24","slug":"ugur-yucelli-hulya-avsarli-askin-dunku-cocuklari-filmi-bugun-vizyona-girdi-bu-senaryo-insanlari-bulusturan-bir-is-oldu","status":"publish","type":"post","link":"https:\/\/www.tgrthaber.com\/mavikadin\/ugur-yucelli-hulya-avsarli-askin-dunku-cocuklari-filmi-bugun-vizyona-girdi-bu-senaryo-insanlari-bulusturan-bir-is-oldu\/","title":{"rendered":"U\u011fur Y\u00fccel&#8217;li H\u00fclya Av\u015far&#8217;l\u0131 A\u015fk\u0131n D\u00fcnk\u00fc \u00c7ocuklar\u0131 filmi bug\u00fcn vizyona girdi! \u2018Bu senaryo insanlar\u0131 bulu\u015fturan bir i\u015f oldu\u2019"},"content":{"rendered":"<p>H\u00fclya Av\u015far ile U\u011fur Y\u00fccel\u2019in ba\u015frol\u00fcnde yer ald\u0131\u011f\u0131 A\u015fk\u0131n D\u00fcnk\u00fc \u00c7ocuklar\u0131 filmi bug\u00fcn vizyona girdi. 1970\u2019li y\u0131llardan g\u00fcn\u00fcm\u00fcze uzanan s\u0131cac\u0131k bir a\u015fk hikayesini anlatan \u201cA\u015fk\u0131n D\u00fcnk\u00fc \u00c7ocuklar\u0131\u201d filminin galas\u0131 Hali\u00e7 Kongre Merkezi\u2019nde yap\u0131ld\u0131. G\u00f6sterim \u00f6ncesi mutluluklar\u0131n\u0131 anlatan film ekibi gazetecilerin sorular\u0131n\u0131 cevaplad\u0131.<\/p>\n<h3>A\u015eKIN D\u00dcNK\u00dc \u00c7OCUKLARI F\u0130LM\u0130 V\u0130ZYONA G\u0130RD\u0130<\/h3>\n<p>Sinema i\u00e7in s\u00f6ylenecek o kadar g\u00fczel \u015feyler var ki hayatta diyen H\u00fclya Av\u015far, filmle ilgili olarak; \u00a0\u201cBen de bu duyguyla bu filmde bulunmaktan, b\u00f6yle bir kadroyla birlikte olmaktan \u00e7ok mutluyum. Her \u015feyiyle muhte\u015fem bir film oldu. \u0130\u00e7inde de\u011fi\u015fik duygular ta\u015f\u0131yan, herkesin kendinden bir \u015fey bulabilece\u011fi, herkese hitap eden, e\u011flendiren ve ayn\u0131 zamanda h\u00fcz\u00fcnlendiren bir film oldu.\u201d dedi.<\/p>\n<p><img loading=\"lazy\" decoding=\"async\" class=\"alignnone wp-image-127895\" src=\"https:\/\/www.tgrthaber.com\/mavikadin\/wp-content\/uploads\/Askin-Dunku-Cocuklari-4.jpg\" alt=\"\" width=\"1208\" height=\"680\" title=\"\" srcset=\"https:\/\/www.tgrthaber.com\/mavikadin\/wp-content\/uploads\/Askin-Dunku-Cocuklari-4.jpg 1920w, https:\/\/www.tgrthaber.com\/mavikadin\/wp-content\/uploads\/Askin-Dunku-Cocuklari-4-300x169.jpg 300w, https:\/\/www.tgrthaber.com\/mavikadin\/wp-content\/uploads\/Askin-Dunku-Cocuklari-4-1024x576.jpg 1024w, https:\/\/www.tgrthaber.com\/mavikadin\/wp-content\/uploads\/Askin-Dunku-Cocuklari-4-768x432.jpg 768w, https:\/\/www.tgrthaber.com\/mavikadin\/wp-content\/uploads\/Askin-Dunku-Cocuklari-4-1536x864.jpg 1536w\" sizes=\"(max-width: 1208px) 100vw, 1208px\" \/><\/p>\n<hr \/>\n<h3>\u201cA\u015eK G\u00d6N\u00dcL \u0130\u015e\u0130D\u0130R\u201d<\/h3>\n<p>Filmde hepimizin ya\u015fad\u0131\u011f\u0131 bir a\u015fk hikayesi var \u015feklinde konu\u015fan ba\u015frol oyuncusu U\u011fur Y\u00fccel, \u201cArif karakteri hayat\u0131 boyunca bir kad\u0131n\u0131 bekliyor. A\u015fk g\u00fcnl\u00fck bir \u015fey de\u011fildir, a\u015fk g\u00f6n\u00fcl i\u015fidir o y\u00fczden beklersin. Filmimiz hem aktirist filmlerine hem \u0130talyan filmlerine benziyor. \u00dcnye\u2019de de \u00e7ok g\u00fczel g\u00fcnlerimiz ge\u00e7ti, ekibimiz de harikayd\u0131.\u201d \u0130fadelerini kulland\u0131.<\/p>\n<h3>\u201cBAZI SENARYOLAR \u0130NSANLARI BULU\u015eTURUR\u201d<\/h3>\n<p>Filmin dikkat \u00e7eken oyuncular\u0131ndan Mehmet \u00d6zg\u00fcr \u015fu s\u00f6zleri s\u00f6yledi: \u201cBaz\u0131 senaryolar oyuncular\u0131 bulu\u015fturur, baz\u0131 senaryolar insanlar\u0131 bulu\u015fturur. Bu senaryo insanlar\u0131 bulu\u015fturan bir i\u015f oldu. Ge\u00e7mi\u015fe dair unutmaya y\u00fcz tutmu\u015f nice naif duyguyu bu filmle hat\u0131rlayaca\u011f\u0131m\u0131z\u0131 d\u00fc\u015f\u00fcn\u00fcyorum. Ben i\u00e7inde bulundu\u011fum i\u00e7in b\u00fcy\u00fck keyif duydum.\u201d<\/p>\n<p><img loading=\"lazy\" decoding=\"async\" class=\"alignnone wp-image-127896\" src=\"https:\/\/www.tgrthaber.com\/mavikadin\/wp-content\/uploads\/Askin-Dunku-Cocuklari-3.jpg\" alt=\"\" width=\"1208\" height=\"680\" title=\"\" srcset=\"https:\/\/www.tgrthaber.com\/mavikadin\/wp-content\/uploads\/Askin-Dunku-Cocuklari-3.jpg 1920w, https:\/\/www.tgrthaber.com\/mavikadin\/wp-content\/uploads\/Askin-Dunku-Cocuklari-3-300x169.jpg 300w, https:\/\/www.tgrthaber.com\/mavikadin\/wp-content\/uploads\/Askin-Dunku-Cocuklari-3-1024x576.jpg 1024w, https:\/\/www.tgrthaber.com\/mavikadin\/wp-content\/uploads\/Askin-Dunku-Cocuklari-3-768x432.jpg 768w, https:\/\/www.tgrthaber.com\/mavikadin\/wp-content\/uploads\/Askin-Dunku-Cocuklari-3-1536x864.jpg 1536w\" sizes=\"(max-width: 1208px) 100vw, 1208px\" \/><\/p>\n<hr \/>\n<h3>\u201cHERKES \u00c7OK USTA\u201d<\/h3>\n<p>Film ekibinin uyumundan bahseden Derya Baykal, \u201cHerkes \u00e7ok usta, \u00e7ok k\u0131ymetli oyuncular. Ekip de \u00e7ok g\u00fczel bir birlik oldu, bu birlik de senaryonun \u00f6z\u00fcne \u00e7ok uyum sa\u011flad\u0131. Senaryo \u00e7ok naif, \u00e7ok g\u00fczel bira a\u015fk\u0131 anlat\u0131yor, \u00e7ocuklu\u011fumuza g\u00f6t\u00fcr\u00fcyor ve bizi h\u00fcz\u00fcnlendiriyor. \u00c7ocuklu\u011fumuza d\u00f6n\u00fcyoruz ve o \u00e7ocukluk hi\u00e7 bitmiyor.\u201d \u015feklinde konu\u015ftu.<\/p>\n<p>&nbsp;<\/p>\n","protected":false},"excerpt":{"rendered":"<p>A\u015fk\u0131n D\u00fcnk\u00fc \u00c7ocuklar\u0131 filmi bug\u00fcn vizyona girdi. H\u00fclya Av\u015far ile U\u011fur Y\u00fccel\u2019in ba\u015frol\u00fcnde yer ald\u0131klar\u0131 filmin galas\u0131 ge\u00e7ti\u011fimiz g\u00fcnlerde ger\u00e7ekle\u015ftirilmi\u015fti. \u00a0<\/p>\n","protected":false},"author":5,"featured_media":127898,"comment_status":"closed","ping_status":"closed","sticky":false,"template":"","format":"standard","meta":{"rank_math_lock_modified_date":false,"footnotes":""},"categories":[602],"tags":[5781,271,7590],"class_list":["post-127885","post","type-post","status-publish","format-standard","has-post-thumbnail","hentry","category-diziler","tag-askin-dunku-cocuklari","tag-hulya-avsar","tag-ugur-yucel"],"_links":{"self":[{"href":"https:\/\/www.tgrthaber.com\/mavikadin\/wp-json\/wp\/v2\/posts\/127885"}],"collection":[{"href":"https:\/\/www.tgrthaber.com\/mavikadin\/wp-json\/wp\/v2\/posts"}],"about":[{"href":"https:\/\/www.tgrthaber.com\/mavikadin\/wp-json\/wp\/v2\/types\/post"}],"author":[{"embeddable":true,"href":"https:\/\/www.tgrthaber.com\/mavikadin\/wp-json\/wp\/v2\/users\/5"}],"replies":[{"embeddable":true,"href":"https:\/\/www.tgrthaber.com\/mavikadin\/wp-json\/wp\/v2\/comments?post=127885"}],"version-history":[{"count":2,"href":"https:\/\/www.tgrthaber.com\/mavikadin\/wp-json\/wp\/v2\/posts\/127885\/revisions"}],"predecessor-version":[{"id":127900,"href":"https:\/\/www.tgrthaber.com\/mavikadin\/wp-json\/wp\/v2\/posts\/127885\/revisions\/127900"}],"wp:featuredmedia":[{"embeddable":true,"href":"https:\/\/www.tgrthaber.com\/mavikadin\/wp-json\/wp\/v2\/media\/127898"}],"wp:attachment":[{"href":"https:\/\/www.tgrthaber.com\/mavikadin\/wp-json\/wp\/v2\/media?parent=127885"}],"wp:term":[{"taxonomy":"category","embeddable":true,"href":"https:\/\/www.tgrthaber.com\/mavikadin\/wp-json\/wp\/v2\/categories?post=127885"},{"taxonomy":"post_tag","embeddable":true,"href":"https:\/\/www.tgrthaber.com\/mavikadin\/wp-json\/wp\/v2\/tags?post=127885"}],"curies":[{"name":"wp","href":"https:\/\/api.w.org\/{rel}","templated":true}]}}