{"id":127955,"date":"2025-01-31T21:09:36","date_gmt":"2025-01-31T18:09:36","guid":{"rendered":"https:\/\/www.tgrthaber.com\/mavikadin\/?p=127955"},"modified":"2025-01-31T21:32:09","modified_gmt":"2025-01-31T18:32:09","slug":"muzik-fahir-atakoglu-belgeseline-ozel-geceye-unlu-isimler-akin-etti","status":"publish","type":"post","link":"https:\/\/www.tgrthaber.com\/mavikadin\/muzik-fahir-atakoglu-belgeseline-ozel-geceye-unlu-isimler-akin-etti\/","title":{"rendered":"\u201cM\u00fczik: Fahir Atako\u011flu\u201d belgeseline \u00f6zel geceye \u00fcnl\u00fc isimler ak\u0131n etti!"},"content":{"rendered":"<p>T\u00fcrk sinemas\u0131na ve dizi sekt\u00f6r\u00fcne y\u00fczlerce beste ve \u015fark\u0131lar\u0131na imza atm\u0131\u015f Fahir Atako\u011flu ad\u0131na bu ak\u015fam Atat\u00fcrk K\u00fclt\u00fcr Merkezi\u2019nde \u00f6zel bir gece d\u00fczenleniyor. \u00d6zel gece saat 18:30\u2019da ba\u015flayacak. \u201cM\u00fczik: Fahir Atako\u011flu\u201d belgeseline \u00f6zel yap\u0131lan geceye bir\u00e7ok \u00fcnl\u00fc sanat\u00e7\u0131 ve tiyatrocu kat\u0131ld\u0131.<\/p>\n<h3>FAH\u0130R ATAKO\u011eLU BELGESEL\u0130 \u00d6N G\u00d6STER\u0130M<\/h3>\n<p>Cumhurba\u015fkanl\u0131\u011f\u0131 \u0130leti\u015fim Bakanl\u0131\u011f\u0131 taraf\u0131ndan Atat\u00fcrk K\u00fclt\u00fcr Merkezi\u2019nde ger\u00e7ekle\u015ftirilecek olan \u201cM\u00fczik: Fahir Atako\u011flu\u201d belgeseli \u00f6n g\u00f6sterimi yap\u0131lacak. Gecenin a\u00e7\u0131l\u0131\u015f konu\u015fmas\u0131n\u0131 Cumhurba\u015fkanl\u0131\u011f\u0131 \u0130leti\u015fim Ba\u015fkan\u0131 Fahrettin Altun ve Besteci, Piyanist Fahir Atako\u011flu yer alacak. \u00dcnl\u00fc piyanist Fahir Atako\u011flu a\u00e7\u0131l\u0131\u015f konu\u015fmas\u0131n\u0131 ger\u00e7ekle\u015ftirdikten sonra &#8220;15 Temmuz Destan\u0131 Milletin Zaferi&#8221; konseri verdi.<\/p>\n<p><img loading=\"lazy\" decoding=\"async\" class=\"alignnone wp-image-127957\" src=\"https:\/\/www.tgrthaber.com\/mavikadin\/wp-content\/uploads\/fahir-atakoglu-belgeseli-on-gosterim-300x169.jpg\" alt=\"fahir atako\u011flu belgeseli \u00f6n g\u00f6sterim\" width=\"1208\" height=\"680\" title=\"\" srcset=\"https:\/\/www.tgrthaber.com\/mavikadin\/wp-content\/uploads\/fahir-atakoglu-belgeseli-on-gosterim-300x169.jpg 300w, https:\/\/www.tgrthaber.com\/mavikadin\/wp-content\/uploads\/fahir-atakoglu-belgeseli-on-gosterim-1024x576.jpg 1024w, https:\/\/www.tgrthaber.com\/mavikadin\/wp-content\/uploads\/fahir-atakoglu-belgeseli-on-gosterim-768x432.jpg 768w, https:\/\/www.tgrthaber.com\/mavikadin\/wp-content\/uploads\/fahir-atakoglu-belgeseli-on-gosterim-1536x864.jpg 1536w, https:\/\/www.tgrthaber.com\/mavikadin\/wp-content\/uploads\/fahir-atakoglu-belgeseli-on-gosterim.jpg 1920w\" sizes=\"(max-width: 1208px) 100vw, 1208px\" \/><\/p>\n<hr \/>\n<h3>SER\u0130N\u0130N 3. YAPIMI \u201cM\u00dcZ\u0130K: FAH\u0130R ATAKO\u011eLU\u201d<\/h3>\n<p>Batuhan Tun\u00e7er\u2018in \u00e7ekimlerini \u00fcstlendi\u011fi ve ilk yap\u0131mlar\u0131ndan olan \u2018Devrim\u2019 belgeseli ressam Devrim Erbil\u2019in hayat\u0131n\u0131 konu ald\u0131. Serinin ikinci yap\u0131m\u0131 ise foto\u011fraf sanat\u00e7\u0131s\u0131 \u0130zzet Keribar\u2019\u0131n ya\u015fam\u0131ndan kesitlerin verildi\u011fi \u201cBir Keribar Foto\u011fraf\u0131\u201d belgeseliydi. Serisinin \u00fc\u00e7\u00fcnc\u00fcs\u00fc olan, m\u00fczik insan\u0131 Fahir Atako\u011flu\u2019nun hayat\u0131 ve sanat yolculu\u011funu konu alan \u201cM\u00fczik: Fahir Atako\u011flu\u201d belgeseli bug\u00fcn \u00f6n g\u00f6sterim ile izleyiciyle bulu\u015fuyor.<\/p>\n<p><img loading=\"lazy\" decoding=\"async\" class=\"alignnone wp-image-127960\" src=\"https:\/\/www.tgrthaber.com\/mavikadin\/wp-content\/uploads\/Muzik-Fahir-Atakoglu-belgeseli-300x169.jpg\" alt=\"\u201cM\u00fczik Fahir Atako\u011flu\u201d belgeseli\" width=\"1208\" height=\"680\" title=\"\" srcset=\"https:\/\/www.tgrthaber.com\/mavikadin\/wp-content\/uploads\/Muzik-Fahir-Atakoglu-belgeseli-300x169.jpg 300w, https:\/\/www.tgrthaber.com\/mavikadin\/wp-content\/uploads\/Muzik-Fahir-Atakoglu-belgeseli-1024x576.jpg 1024w, https:\/\/www.tgrthaber.com\/mavikadin\/wp-content\/uploads\/Muzik-Fahir-Atakoglu-belgeseli-768x432.jpg 768w, https:\/\/www.tgrthaber.com\/mavikadin\/wp-content\/uploads\/Muzik-Fahir-Atakoglu-belgeseli-1536x864.jpg 1536w, https:\/\/www.tgrthaber.com\/mavikadin\/wp-content\/uploads\/Muzik-Fahir-Atakoglu-belgeseli.jpg 1920w\" sizes=\"(max-width: 1208px) 100vw, 1208px\" \/><\/p>\n<hr \/>\n<h3>USTA \u0130SM\u0130N HAYATI BELGESEL OLDU<\/h3>\n<p>M\u00fczik d\u00fcnyas\u0131n\u0131n de\u011ferli isimlerinden Fahir Atako\u011flu&#8217;nun hayat\u0131n\u0131 ve kariyerini konu alan belgesel, k\u00fclt\u00fcr ve sanatseverlere unutulmaz bir deneyim vaat ediyor. Y\u00f6netmenli\u011fini Batuhan Tun\u00e7er&#8217;in \u00fcstlendi\u011fi belgeselin yap\u0131mc\u0131l\u0131\u011f\u0131n\u0131 Vildan Mumcu \u00d6zol ve G\u00f6khan Mumcu ger\u00e7ekle\u015ftirirken, senaryo tasar\u0131m\u0131 ve edit\u00f6rl\u00fc\u011f\u00fc Azade Aslan \u00fcstlendi.<\/p>\n<p>G\u00f6rsel \u015f\u00f6lenin ise Ayd\u0131n Kapanc\u0131k taraf\u0131ndan sunulaca\u011f\u0131 belgeselin galas\u0131, 31 Ocak&#8217;ta Atat\u00fcrk K\u00fclt\u00fcr Merkezi&#8217;nde (AKM) ger\u00e7ekle\u015fecek. \u00d6zel etkinlikte Fahir Atako\u011flu, hayranlar\u0131na \u00f6zel bir m\u00fczik se\u00e7kisi sunacak.<\/p>\n<h3>\u00dcNL\u00dc SANAT\u00c7ILAR GALAYA AKIN ETT\u0130!<\/h3>\n<p>\u201cM\u00fczik: Fahir Atako\u011flu\u201d belgeseline \u00f6zel d\u00fczenlenen Atat\u00fcrk K\u00fclt\u00fcr Merkezi\u2019ndeki geceye bir\u00e7ok \u00fcnl\u00fc sanat\u00e7\u0131 ve sinema oyuncusu kat\u0131ld\u0131. Galaya kat\u0131lan isimler aras\u0131nda Emel G\u00f6ksu ve k\u0131z\u0131 Fadik Sevin Atasoy, H\u00fclya Ko\u00e7yi\u011fit, Sibel Ayten, Keremcem ve sevgilisi Sena \u00c7elen gibi isimler galada yer ald\u0131.<\/p>\n<p><img loading=\"lazy\" decoding=\"async\" class=\"alignnone wp-image-127961\" src=\"https:\/\/www.tgrthaber.com\/mavikadin\/wp-content\/uploads\/fahir-atakoglu-300x169.jpg\" alt=\"fahir atako\u011flu\" width=\"1208\" height=\"680\" title=\"\" srcset=\"https:\/\/www.tgrthaber.com\/mavikadin\/wp-content\/uploads\/fahir-atakoglu-300x169.jpg 300w, https:\/\/www.tgrthaber.com\/mavikadin\/wp-content\/uploads\/fahir-atakoglu-1024x576.jpg 1024w, https:\/\/www.tgrthaber.com\/mavikadin\/wp-content\/uploads\/fahir-atakoglu-768x432.jpg 768w, https:\/\/www.tgrthaber.com\/mavikadin\/wp-content\/uploads\/fahir-atakoglu-1536x864.jpg 1536w, https:\/\/www.tgrthaber.com\/mavikadin\/wp-content\/uploads\/fahir-atakoglu.jpg 1920w\" sizes=\"(max-width: 1208px) 100vw, 1208px\" \/><\/p>\n<hr \/>\n<h3>\u201cYARININ SANAT D\u00dcNYASINI \u015eEK\u0130LLEND\u0130RECEK\u201d<\/h3>\n<p>\u201cM\u00fczik: Fahir Atako\u011flu\u201d belgeselinin yap\u0131mc\u0131l\u0131\u011f\u0131n\u0131 \u00fcstlenen Vildan Mumcu, \u00e7ektikleri seriler hakk\u0131nda \u00a0<strong>\u201cBu de\u011ferli sanat insanlar\u0131n\u0131n hik\u00e2yelerini izleyiciyle bulu\u015fturmak, yaln\u0131zca onlar\u0131n sanatlar\u0131na bir sayg\u0131 duru\u015fu de\u011fil, ayn\u0131 zamanda gelece\u011fe \u0131\u015f\u0131k tutacak bir sorumluluk. Gen\u00e7lerin bu hik\u00e2yelerden alaca\u011f\u0131 ilham, yar\u0131n\u0131n sanat d\u00fcnyas\u0131n\u0131 \u015fekillendirecek\u201d<\/strong>\u00a0konu\u015ftu.<\/p>\n","protected":false},"excerpt":{"rendered":"<p>D\u00fcnyaca tan\u0131nan \u00fcnl\u00fc piyanist, besteci ve m\u00fczisyen Fahir Atako\u011flu\u2019nun hayat\u0131n\u0131, sanat yolcu\u011funu ele alan belgesel yap\u0131m\u0131n galas\u0131na bir\u00e7ok \u00fcnl\u00fc isim kat\u0131ld\u0131. Atat\u00fcrk K\u00fclt\u00fcr Merkezi\u2019nde ger\u00e7ekle\u015fen \u201cM\u00fczik: Fahir Atako\u011flu\u201d belgeseline \u00f6zel \u00f6n g\u00f6sterim d\u00fczenlendi. <\/p>\n","protected":false},"author":10,"featured_media":127963,"comment_status":"closed","ping_status":"closed","sticky":false,"template":"","format":"standard","meta":{"rank_math_lock_modified_date":false,"footnotes":""},"categories":[76],"tags":[6911,9559,9557,9558],"class_list":["post-127955","post","type-post","status-publish","format-standard","has-post-thumbnail","hentry","category-magazin","tag-ataturk-kultur-merkezi","tag-cumhurbaskani-iletisim-bakanligi","tag-fahir-atakoglu","tag-muzik-fahir-atakoglu-belgeseli"],"_links":{"self":[{"href":"https:\/\/www.tgrthaber.com\/mavikadin\/wp-json\/wp\/v2\/posts\/127955"}],"collection":[{"href":"https:\/\/www.tgrthaber.com\/mavikadin\/wp-json\/wp\/v2\/posts"}],"about":[{"href":"https:\/\/www.tgrthaber.com\/mavikadin\/wp-json\/wp\/v2\/types\/post"}],"author":[{"embeddable":true,"href":"https:\/\/www.tgrthaber.com\/mavikadin\/wp-json\/wp\/v2\/users\/10"}],"replies":[{"embeddable":true,"href":"https:\/\/www.tgrthaber.com\/mavikadin\/wp-json\/wp\/v2\/comments?post=127955"}],"version-history":[{"count":1,"href":"https:\/\/www.tgrthaber.com\/mavikadin\/wp-json\/wp\/v2\/posts\/127955\/revisions"}],"predecessor-version":[{"id":127964,"href":"https:\/\/www.tgrthaber.com\/mavikadin\/wp-json\/wp\/v2\/posts\/127955\/revisions\/127964"}],"wp:featuredmedia":[{"embeddable":true,"href":"https:\/\/www.tgrthaber.com\/mavikadin\/wp-json\/wp\/v2\/media\/127963"}],"wp:attachment":[{"href":"https:\/\/www.tgrthaber.com\/mavikadin\/wp-json\/wp\/v2\/media?parent=127955"}],"wp:term":[{"taxonomy":"category","embeddable":true,"href":"https:\/\/www.tgrthaber.com\/mavikadin\/wp-json\/wp\/v2\/categories?post=127955"},{"taxonomy":"post_tag","embeddable":true,"href":"https:\/\/www.tgrthaber.com\/mavikadin\/wp-json\/wp\/v2\/tags?post=127955"}],"curies":[{"name":"wp","href":"https:\/\/api.w.org\/{rel}","templated":true}]}}