{"id":127987,"date":"2025-01-31T22:43:16","date_gmt":"2025-01-31T19:43:16","guid":{"rendered":"https:\/\/www.tgrthaber.com\/mavikadin\/?p=127987"},"modified":"2025-01-31T22:43:16","modified_gmt":"2025-01-31T19:43:16","slug":"cevap-gecikmedi-isin-karacadan-turabi-yorumu","status":"publish","type":"post","link":"https:\/\/www.tgrthaber.com\/mavikadin\/cevap-gecikmedi-isin-karacadan-turabi-yorumu\/","title":{"rendered":"Cevap gecikmedi! I\u015f\u0131n Karaca\u2019dan Turabi yorumu!"},"content":{"rendered":"<p>Survivor denilince akla gelen Turbo Turabi, Almanya\u2019daki bir yar\u0131\u015fma program\u0131na kat\u0131larak rakiplerine &#8220;\u015eampiyon olamazs\u0131n diyenler, don&#8217;t muhattap&#8221; diyerek meydan okumu\u015ftu. Son olarak ABD\u2019da \u2018The Challenge All Stars 5\u2019de yar\u0131\u015fan Turabi \u00c7amk\u0131ran, son payla\u015f\u0131m\u0131yla yine dikkatleri \u00fczerine \u00e7ekti.<\/p>\n<h3>TURAB\u0130 YEN\u0130 \u015eARKI \u00c7IKARDI<\/h3>\n<p>Turabi \u00c7amk\u0131ran, sosyal medyada payla\u015ft\u0131\u011f\u0131 \u0130ngilizce \u015fark\u0131s\u0131 ile adeta magazin d\u00fcnyas\u0131n\u0131n g\u00fcndemine bomba gibi d\u00fc\u015ft\u00fc. \u0130ngilizce \u015fark\u0131n\u0131n s\u00f6zleriyle sosyal medya geni\u015f bir yank\u0131 uyand\u0131ran Turabi, \u015fark\u0131c\u0131 olmaya karar m\u0131 verdi? Sorular\u0131n\u0131 akla getirdi. S\u00f6yledi\u011fi \u0130ngilizce \u015fark\u0131n\u0131n s\u00f6zlerini T\u00fcrk\u00e7e \u2019ye \u00e7eviren takip\u00e7iler, adeta \u015fark\u0131n\u0131n s\u00f6zlerini sosyal medyada tart\u0131\u015f\u0131r hale gelmeye ba\u015flad\u0131. Sosyal medyadan gelen kullan\u0131c\u0131 yorumlar\u0131ndan baz\u0131lar\u0131 \u015f\u00f6yle:<\/p>\n<p>\u201c Turabi\u2019nin \u015fark\u0131s\u0131na bak\u0131n hayat\u0131mda bu kadar korkun\u00e7 bir \u015fark\u0131 dinlemedim.\u201d<\/p>\n<p>\u201c\u0130ngilizce \u015fark\u0131y\u0131 arabesk m\u00fczi\u011fiyle ve T\u00fcrk aksan\u0131yla okumu\u015f\u201d<\/p>\n<p><img loading=\"lazy\" decoding=\"async\" class=\"alignnone wp-image-127988\" src=\"https:\/\/www.tgrthaber.com\/mavikadin\/wp-content\/uploads\/isin-karacadan-turabi-yorumu-300x169.jpg\" alt=\"\u0131\u015f\u0131n karacadan turabi yorumu\" width=\"1208\" height=\"680\" title=\"\" srcset=\"https:\/\/www.tgrthaber.com\/mavikadin\/wp-content\/uploads\/isin-karacadan-turabi-yorumu-300x169.jpg 300w, https:\/\/www.tgrthaber.com\/mavikadin\/wp-content\/uploads\/isin-karacadan-turabi-yorumu-1024x576.jpg 1024w, https:\/\/www.tgrthaber.com\/mavikadin\/wp-content\/uploads\/isin-karacadan-turabi-yorumu-768x432.jpg 768w, https:\/\/www.tgrthaber.com\/mavikadin\/wp-content\/uploads\/isin-karacadan-turabi-yorumu-1536x864.jpg 1536w, https:\/\/www.tgrthaber.com\/mavikadin\/wp-content\/uploads\/isin-karacadan-turabi-yorumu.jpg 1920w\" sizes=\"(max-width: 1208px) 100vw, 1208px\" \/><\/p>\n<hr \/>\n<h3>I\u015eIN KARACA\u2019DAN TURAB\u0130\u2019YE YORUM GEC\u0130KMED\u0130!<\/h3>\n<p>Turabi \u00c7amk\u0131ran\u2019\u0131n sosyal medyada yay\u0131nlad\u0131\u011f\u0131 \u0130ngilizce \u015fark\u0131s\u0131 saniyeler i\u00e7erisinde tart\u0131\u015fma konusu oldu. Turabi\u2019nin takip\u00e7ileri ve sosyal medya kullan\u0131c\u0131lar\u0131 taraf\u0131ndan ele\u015ftiri ya\u011fmuruna tutulan \u015fark\u0131ya I\u015f\u0131n Karaca\u2019dan da bir yorum geldi. I\u015f\u0131n Karaca, sosyal medya hesab\u0131ndan Turabi\u2019nin \u015fark\u0131s\u0131 i\u00e7in \u015funlar\u0131 s\u00f6yledi. Karaca, \u201c Hayat\u0131mda dinledi\u011fim en k\u00f6t\u00fc \u0130ngilizce olabilir! Hele i\u00e7eri\u011fi alt yaz\u0131lar\u0131 a\u00e7san\u0131za\u2026\u201d s\u00f6zleriyle Turabi\u2019nin \u015fark\u0131s\u0131n\u0131 k\u00f6t\u00fc buldu\u011funu dile getirdi.<\/p>\n","protected":false},"excerpt":{"rendered":"<p>Survivor yar\u0131\u015fmas\u0131nda 2 kez \u015fampiyon olan Turbo Turabi, bu kez farkl\u0131 bir alanla takip\u00e7ilerinin kar\u015f\u0131s\u0131na \u00e7\u0131kt\u0131. Aksiyonlu yar\u0131\u015fmalarda boy g\u00f6steren ve birincilikler kazanan Turabi\u2019nin hedefinde \u015fark\u0131c\u0131l\u0131k yer ald\u0131. Turabi&#8217;nin \u015fark\u0131 s\u00f6zlerine I\u015f\u0131n Karaca&#8217;dan cevap geldi.<\/p>\n","protected":false},"author":10,"featured_media":127989,"comment_status":"closed","ping_status":"closed","sticky":false,"template":"","format":"standard","meta":{"rank_math_lock_modified_date":false,"footnotes":""},"categories":[76],"tags":[3803,9565,9566],"class_list":["post-127987","post","type-post","status-publish","format-standard","has-post-thumbnail","hentry","category-magazin","tag-isin-karaca","tag-turabi","tag-turabi-sarki"],"_links":{"self":[{"href":"https:\/\/www.tgrthaber.com\/mavikadin\/wp-json\/wp\/v2\/posts\/127987"}],"collection":[{"href":"https:\/\/www.tgrthaber.com\/mavikadin\/wp-json\/wp\/v2\/posts"}],"about":[{"href":"https:\/\/www.tgrthaber.com\/mavikadin\/wp-json\/wp\/v2\/types\/post"}],"author":[{"embeddable":true,"href":"https:\/\/www.tgrthaber.com\/mavikadin\/wp-json\/wp\/v2\/users\/10"}],"replies":[{"embeddable":true,"href":"https:\/\/www.tgrthaber.com\/mavikadin\/wp-json\/wp\/v2\/comments?post=127987"}],"version-history":[{"count":1,"href":"https:\/\/www.tgrthaber.com\/mavikadin\/wp-json\/wp\/v2\/posts\/127987\/revisions"}],"predecessor-version":[{"id":127991,"href":"https:\/\/www.tgrthaber.com\/mavikadin\/wp-json\/wp\/v2\/posts\/127987\/revisions\/127991"}],"wp:featuredmedia":[{"embeddable":true,"href":"https:\/\/www.tgrthaber.com\/mavikadin\/wp-json\/wp\/v2\/media\/127989"}],"wp:attachment":[{"href":"https:\/\/www.tgrthaber.com\/mavikadin\/wp-json\/wp\/v2\/media?parent=127987"}],"wp:term":[{"taxonomy":"category","embeddable":true,"href":"https:\/\/www.tgrthaber.com\/mavikadin\/wp-json\/wp\/v2\/categories?post=127987"},{"taxonomy":"post_tag","embeddable":true,"href":"https:\/\/www.tgrthaber.com\/mavikadin\/wp-json\/wp\/v2\/tags?post=127987"}],"curies":[{"name":"wp","href":"https:\/\/api.w.org\/{rel}","templated":true}]}}