{"id":127994,"date":"2025-01-31T23:15:33","date_gmt":"2025-01-31T20:15:33","guid":{"rendered":"https:\/\/www.tgrthaber.com\/mavikadin\/?p=127994"},"modified":"2025-01-31T23:15:34","modified_gmt":"2025-01-31T20:15:34","slug":"survivor-2025te-duygusal-patlama-almeda-senem-ve-pinarla-kavga-ettikten-sonra-gozyaslarini-tutamadi","status":"publish","type":"post","link":"https:\/\/www.tgrthaber.com\/mavikadin\/survivor-2025te-duygusal-patlama-almeda-senem-ve-pinarla-kavga-ettikten-sonra-gozyaslarini-tutamadi\/","title":{"rendered":"Survivor 2025\u2019te duygusal patlama! Almeda, Senem ve P\u0131nar\u2019la kavga ettikten sonra g\u00f6zya\u015flar\u0131n\u0131 tutamad\u0131!"},"content":{"rendered":"<p class=\"p1\">Survivor 2025\u2019te dokunulmazl\u0131k oyunlar\u0131 ve eleme heyecan\u0131 kadar adadaki gerginlikler de dikkat \u00e7ekiyor. Tart\u0131\u015fmalar\u0131yla s\u0131k s\u0131k g\u00fcndeme gelen Almeda Baylan, daha \u00f6nce Adilhan ve Dil\u015fah ile ya\u015fad\u0131\u011f\u0131 gerilimlerin ard\u0131ndan bu kez Senem ve P\u0131nar\u2019la kar\u015f\u0131 kar\u015f\u0131ya geldi. Adada tansiyonun bir an bile d\u00fc\u015fmedi\u011fi anlarda, Almeda ile Senem ve P\u0131nar aras\u0131ndaki s\u00f6zl\u00fc tart\u0131\u015fma k\u0131sa s\u00fcrede b\u00fcy\u00fcd\u00fc. Kar\u015f\u0131l\u0131kl\u0131 sert ifadeler havada u\u00e7u\u015furken, Almeda ya\u015fananlara daha fazla dayanamayarak g\u00f6zya\u015flar\u0131na bo\u011fuldu.<\/p>\n<h3>SURV\u0130VOR 2025&#8217;TE SULAR DURULMUYOR!<\/h3>\n<p class=\"p1\">Survivor 2025\u2019in 25. b\u00f6l\u00fcm\u00fcnde dokunulmazl\u0131k oyunu b\u00fcy\u00fck bir m\u00fccadeleye sahne oldu. G\u00f6n\u00fcll\u00fcler Mavi Tak\u0131m\u0131 galibiyeti al\u0131rken, kaybeden All Star ekibi eleme potas\u0131na gidecek ilk ismi belirlemek zorunda kald\u0131. Oylama sonucunda Serenay Akta\u015f haftan\u0131n ilk eleme aday\u0131 oldu.<\/p>\n<p><img loading=\"lazy\" decoding=\"async\" class=\"alignnone wp-image-127998 size-large\" src=\"https:\/\/www.tgrthaber.com\/mavikadin\/wp-content\/uploads\/Ekran-Resmi-2025-01-31-23.09.15-1024x653.png\" alt=\"\" width=\"1024\" height=\"653\" title=\"\" srcset=\"https:\/\/www.tgrthaber.com\/mavikadin\/wp-content\/uploads\/Ekran-Resmi-2025-01-31-23.09.15-1024x653.png 1024w, https:\/\/www.tgrthaber.com\/mavikadin\/wp-content\/uploads\/Ekran-Resmi-2025-01-31-23.09.15-300x191.png 300w, https:\/\/www.tgrthaber.com\/mavikadin\/wp-content\/uploads\/Ekran-Resmi-2025-01-31-23.09.15-768x490.png 768w, https:\/\/www.tgrthaber.com\/mavikadin\/wp-content\/uploads\/Ekran-Resmi-2025-01-31-23.09.15.png 1208w\" sizes=\"(max-width: 1024px) 100vw, 1024px\" \/><\/p>\n<hr \/>\n<p class=\"p1\">Ancak adadaki gerilim sadece dokunulmazl\u0131k oyunuyla s\u0131n\u0131rl\u0131 kalmad\u0131. Olayl\u0131 yar\u0131\u015fmac\u0131 olarak bilinen Almeda Baylan, bu kez P\u0131nar ve Senem\u2019le sert bir tart\u0131\u015fmaya girdi. Daha \u00f6nce Dil\u015fah Kurt\u2019la da kavga eden Almeda, ada hayat\u0131nda ya\u015fanan anla\u015fmazl\u0131klar\u0131n merkezinde yer almaya devam ediyor. Tart\u0131\u015fma giderek b\u00fcy\u00fcrken, tak\u0131m arkada\u015flar\u0131 araya girerek yar\u0131\u015fmac\u0131lar\u0131 ay\u0131rmaya \u00e7al\u0131\u015ft\u0131.<\/p>\n<p class=\"p1\">Senem, Almeda\u2019n\u0131n elenmekten korktu\u011funu \u00f6ne s\u00fcrerek iddial\u0131 a\u00e7\u0131klamalar yaparken, Almeda ise \u201cBir hafta kalm\u0131\u015f, gideceksin zaten\u201d s\u00f6zleriyle kar\u015f\u0131l\u0131k verdi. Gerilimin y\u00fckselmesiyle birlikte Senem \u00f6fkeli bir \u015fekilde ba\u011f\u0131rarak adada dola\u015fmaya devam etti. Tart\u0131\u015fmalar\u0131n ard\u0131ndan Almeda g\u00f6zya\u015flar\u0131na hakim olamad\u0131.<\/p>\n<p><img loading=\"lazy\" decoding=\"async\" class=\"alignnone wp-image-127999 size-large\" src=\"https:\/\/www.tgrthaber.com\/mavikadin\/wp-content\/uploads\/Ekran-Resmi-2025-01-31-23.09.23-1024x538.png\" alt=\"\" width=\"1024\" height=\"538\" title=\"\" srcset=\"https:\/\/www.tgrthaber.com\/mavikadin\/wp-content\/uploads\/Ekran-Resmi-2025-01-31-23.09.23-1024x538.png 1024w, https:\/\/www.tgrthaber.com\/mavikadin\/wp-content\/uploads\/Ekran-Resmi-2025-01-31-23.09.23-300x158.png 300w, https:\/\/www.tgrthaber.com\/mavikadin\/wp-content\/uploads\/Ekran-Resmi-2025-01-31-23.09.23-768x403.png 768w, https:\/\/www.tgrthaber.com\/mavikadin\/wp-content\/uploads\/Ekran-Resmi-2025-01-31-23.09.23.png 1268w\" sizes=\"(max-width: 1024px) 100vw, 1024px\" \/><\/p>\n<hr \/>\n<h3 class=\"p1\">ALMEDA A\u011eLAYARAK ANLATTI<\/h3>\n<p class=\"p1\">Olay sonras\u0131 tak\u0131m arkada\u015flar\u0131ndan uzakla\u015fan Almeda, yaln\u0131z kalmak yerine g\u00fcvendi\u011fi isimlerden biri olan Volkan ile dertle\u015fti.<\/p>\n<p class=\"p1\">Tart\u0131\u015fman\u0131n etkisinden \u00e7\u0131kamayan Almeda, Volkan\u2019a ya\u015fananlar\u0131 anlat\u0131rken, \u201cBirden oldu. Ger\u00e7ekten k\u00f6t\u00fc bir \u015fey s\u00f6ylemedim. Tamam, belki ge\u00e7mi\u015fte baz\u0131 hatalar yapt\u0131m ama bu konuda tamamen hakl\u0131y\u0131m. Ger\u00e7ekten k\u00f6t\u00fc bir \u015fey demedim. Barakada oturuyorduk, P\u0131nar aniden ba\u011f\u0131r\u0131p gitti\u201d s\u00f6zleriyle ya\u015fad\u0131\u011f\u0131 \u015fa\u015fk\u0131nl\u0131\u011f\u0131 dile getirdi.<\/p>\n<p><img loading=\"lazy\" decoding=\"async\" class=\"alignnone wp-image-128000 size-large\" src=\"https:\/\/www.tgrthaber.com\/mavikadin\/wp-content\/uploads\/Ekran-Resmi-2025-01-31-23.09.38-1024x654.png\" alt=\"\" width=\"1024\" height=\"654\" title=\"\" srcset=\"https:\/\/www.tgrthaber.com\/mavikadin\/wp-content\/uploads\/Ekran-Resmi-2025-01-31-23.09.38-1024x654.png 1024w, https:\/\/www.tgrthaber.com\/mavikadin\/wp-content\/uploads\/Ekran-Resmi-2025-01-31-23.09.38-300x192.png 300w, https:\/\/www.tgrthaber.com\/mavikadin\/wp-content\/uploads\/Ekran-Resmi-2025-01-31-23.09.38-768x491.png 768w, https:\/\/www.tgrthaber.com\/mavikadin\/wp-content\/uploads\/Ekran-Resmi-2025-01-31-23.09.38.png 1274w\" sizes=\"(max-width: 1024px) 100vw, 1024px\" \/><\/p>\n<hr \/>\n<h3 class=\"p1\">&#8221;ARTIK KALDIRAMIYORUM&#8221;<\/h3>\n<p class=\"p1\">&#8221;A\u00e7\u0131k a\u00e7\u0131k s\u00f6yl\u00fcyor Senem duymuyor musun? Kimse seni istemiyor burada dedi. \u0130stemiyormu\u015fsunuz beni g\u00fcya dedi. \u00c7ok ay\u0131p valla art\u0131k kald\u0131ram\u0131yorum hi\u00e7bir \u015feyi Volkan. Olaya bula\u015fmayay\u0131m diyorum yine beni olay\u0131n i\u00e7ine sokuyorlar bir \u015fekilde&#8221;<\/p>\n<p><img loading=\"lazy\" decoding=\"async\" class=\"alignnone wp-image-128001 size-large\" src=\"https:\/\/www.tgrthaber.com\/mavikadin\/wp-content\/uploads\/Ekran-Resmi-2025-01-31-23.09.45-1024x641.png\" alt=\"\" width=\"1024\" height=\"641\" title=\"\" srcset=\"https:\/\/www.tgrthaber.com\/mavikadin\/wp-content\/uploads\/Ekran-Resmi-2025-01-31-23.09.45-1024x641.png 1024w, https:\/\/www.tgrthaber.com\/mavikadin\/wp-content\/uploads\/Ekran-Resmi-2025-01-31-23.09.45-300x188.png 300w, https:\/\/www.tgrthaber.com\/mavikadin\/wp-content\/uploads\/Ekran-Resmi-2025-01-31-23.09.45-768x481.png 768w, https:\/\/www.tgrthaber.com\/mavikadin\/wp-content\/uploads\/Ekran-Resmi-2025-01-31-23.09.45.png 1294w\" sizes=\"(max-width: 1024px) 100vw, 1024px\" \/><\/p>\n<hr \/>\n<h3 class=\"p1\">&#8221;PS\u0130KOLOJ\u0130M \u0130Y\u0130CE \u00c7\u00d6KT\u00dc&#8221;<\/h3>\n<p class=\"p1\">&#8221;Oyuna gidece\u011fiz ama nas\u0131l \u00e7\u0131kaca\u011f\u0131m diye d\u00fc\u015f\u00fcn\u00fcyorum. \u00c7\u00fcnk\u00fc moral s\u0131f\u0131r. Psikolojim iyice \u00e7\u00f6kt\u00fc. \u00c7ok zorlan\u0131yorum art\u0131k. Psikolojik olarak beni ger\u00e7ekten bitirmeye \u00e7al\u0131\u015fan baz\u0131lar\u0131 var.&#8221;<\/p>\n","protected":false},"excerpt":{"rendered":"<p>Survivor 2025\u2019te rekabet kadar adadaki gerilim de h\u0131z kesmeden devam ediyor. Daha \u00f6nce Adilhan ve Dil\u015fah ile tart\u0131\u015fmalar\u0131yla g\u00fcndeme gelen Almeda, bu kez Senem ve P\u0131nar\u2019la sert bir gerilim ya\u015fad\u0131. Tart\u0131\u015fma k\u0131sa s\u00fcrede b\u00fcy\u00fcrken, Almeda g\u00f6zya\u015flar\u0131na hakim olamayarak duygusal anlar ya\u015fad\u0131.<\/p>\n","protected":false},"author":16,"featured_media":128002,"comment_status":"closed","ping_status":"closed","sticky":false,"template":"","format":"standard","meta":{"rank_math_lock_modified_date":false,"footnotes":""},"categories":[101],"tags":[2728,9568,9567,9569],"class_list":["post-127994","post","type-post","status-publish","format-standard","has-post-thumbnail","hentry","category-kesfet","tag-survivor-2025","tag-survivor-2025-almeda-baylan-agladi","tag-survivor-2025-almeda-senem-pinar-kavgasi","tag-survivor-2025-almeda-senemle-kavga-agladigi-anlar"],"_links":{"self":[{"href":"https:\/\/www.tgrthaber.com\/mavikadin\/wp-json\/wp\/v2\/posts\/127994"}],"collection":[{"href":"https:\/\/www.tgrthaber.com\/mavikadin\/wp-json\/wp\/v2\/posts"}],"about":[{"href":"https:\/\/www.tgrthaber.com\/mavikadin\/wp-json\/wp\/v2\/types\/post"}],"author":[{"embeddable":true,"href":"https:\/\/www.tgrthaber.com\/mavikadin\/wp-json\/wp\/v2\/users\/16"}],"replies":[{"embeddable":true,"href":"https:\/\/www.tgrthaber.com\/mavikadin\/wp-json\/wp\/v2\/comments?post=127994"}],"version-history":[{"count":1,"href":"https:\/\/www.tgrthaber.com\/mavikadin\/wp-json\/wp\/v2\/posts\/127994\/revisions"}],"predecessor-version":[{"id":128004,"href":"https:\/\/www.tgrthaber.com\/mavikadin\/wp-json\/wp\/v2\/posts\/127994\/revisions\/128004"}],"wp:featuredmedia":[{"embeddable":true,"href":"https:\/\/www.tgrthaber.com\/mavikadin\/wp-json\/wp\/v2\/media\/128002"}],"wp:attachment":[{"href":"https:\/\/www.tgrthaber.com\/mavikadin\/wp-json\/wp\/v2\/media?parent=127994"}],"wp:term":[{"taxonomy":"category","embeddable":true,"href":"https:\/\/www.tgrthaber.com\/mavikadin\/wp-json\/wp\/v2\/categories?post=127994"},{"taxonomy":"post_tag","embeddable":true,"href":"https:\/\/www.tgrthaber.com\/mavikadin\/wp-json\/wp\/v2\/tags?post=127994"}],"curies":[{"name":"wp","href":"https:\/\/api.w.org\/{rel}","templated":true}]}}