{"id":128017,"date":"2025-01-31T23:46:55","date_gmt":"2025-01-31T20:46:55","guid":{"rendered":"https:\/\/www.tgrthaber.com\/mavikadin\/?p=128017"},"modified":"2025-01-31T23:47:41","modified_gmt":"2025-01-31T20:47:41","slug":"kardelenlerin-racisi-serhat-kilic-kimdir-serhat-kilic-nereli-rol-aldigi-diziler-hangisi","status":"publish","type":"post","link":"https:\/\/www.tgrthaber.com\/mavikadin\/kardelenlerin-racisi-serhat-kilic-kimdir-serhat-kilic-nereli-rol-aldigi-diziler-hangisi\/","title":{"rendered":"Kardelenler&#8217;in Raci&#8217;si Serhat K\u0131l\u0131\u00e7 kimdir? Serhat K\u0131l\u0131\u00e7 nereli, rol ald\u0131\u011f\u0131 diziler hangisi?"},"content":{"rendered":"<p>Kardelenler&#8217;in Raci&#8217;si Serhat K\u0131l\u0131\u00e7\u2019\u0131n biyografisi merak konusu oldu. ATV ekranlar\u0131nda yeni bir dizi ba\u015fl\u0131yor. Bar\u0131\u015f K\u0131l\u0131, Ahu Ya\u011ftu ve Ayda Aksel gibi isimlerin kadrosunda yer ald\u0131\u011f\u0131 yap\u0131m Pazar ak\u015famlar\u0131 seyirci kar\u015f\u0131s\u0131na \u00e7\u0131k\u0131yor. Dizide Raci Korkmaz rol\u00fcnde olan K\u0131l\u0131\u00e7, performans\u0131 ile dikkatleri \u00fczerine toplad\u0131. Dizi yay\u0131na sosyal medyada da \u00e7ok konu\u015fulanlar aras\u0131nda yerini ald\u0131. Kardelenler&#8217;in Raci&#8217;si Serhat K\u0131l\u0131\u00e7 kimdir? Serhat K\u0131l\u0131\u00e7 nereli, rol ald\u0131\u011f\u0131 diziler hangisi?<\/p>\n<h3>KARDELENLER RAC\u0130 K\u0130MD\u0130R?<\/h3>\n<p>Kardelenler&#8217;in Raci&#8217;si hayat dolu bir adam olarak kar\u015f\u0131m\u0131za \u00e7\u0131k\u0131yor. \u00dc\u00e7ka\u011f\u0131t\u00e7\u0131 bir yap\u0131ya sahip olan Raci, i\u015fleri kendine uygun bir \u015fekilde d\u00f6nd\u00fcrmeye bay\u0131l\u0131r. Tatl\u0131 dili ile insan\u0131 \u0131s\u0131t\u0131r ve kimseye yapt\u0131ramayaca\u011f\u0131 \u015fey yoktur.<\/p>\n<p><img loading=\"lazy\" decoding=\"async\" class=\"alignnone wp-image-128020\" src=\"https:\/\/www.tgrthaber.com\/mavikadin\/wp-content\/uploads\/kardelenler-raci-300x198.jpeg\" alt=\"\" width=\"1280\" height=\"846\" title=\"\" srcset=\"https:\/\/www.tgrthaber.com\/mavikadin\/wp-content\/uploads\/kardelenler-raci-300x198.jpeg 300w, https:\/\/www.tgrthaber.com\/mavikadin\/wp-content\/uploads\/kardelenler-raci.jpeg 620w\" sizes=\"(max-width: 1280px) 100vw, 1280px\" \/><\/p>\n<hr \/>\n<h3>KARDELENLER&#8217;\u0130N RAC\u0130&#8217;S\u0130 SERHAT KILI\u00c7 K\u0130MD\u0130R?<\/h3>\n<p>Oyuncu Serhat K\u0131l\u0131\u00e7, 8 Temmuz 1975 y\u0131l\u0131nda Ankara\u2019da do\u011fmu\u015ftur. Aslen Maltyal\u0131 olan oyuncu Bilkent \u00dcniversitesi- Tiyatro b\u00f6l\u00fcm\u00fcn\u00fc burslu okudu ve buradan y\u00fcksek \u015feref \u00f6\u011frencisi olarak mezun oldu. Pek \u00e7ok devlet tiyatrosunda rol alan ba\u015far\u0131l\u0131 isim Hat\u0131rla Sevgili, Bizim Evin Halleri, Seksenler gibi ad\u0131ndan s\u0131k\u00e7a s\u00f6z ettiren dizilerde yer ald\u0131. \u00d6te yandan K\u0131l\u0131\u00e7, K\u0131\u015f Uykusu adl\u0131 film ile 47. S\u0130YAD \u00f6d\u00fclleri, En iyi yard\u0131mc\u0131 erkek oyuncu adayl\u0131\u011f\u0131na lay\u0131k oldu.<\/p>\n<p><img loading=\"lazy\" decoding=\"async\" class=\"alignnone wp-image-128018\" src=\"https:\/\/www.tgrthaber.com\/mavikadin\/wp-content\/uploads\/kardelenler-1-300x200.jpg\" alt=\"\" width=\"1280\" height=\"854\" title=\"\" srcset=\"https:\/\/www.tgrthaber.com\/mavikadin\/wp-content\/uploads\/kardelenler-1-300x200.jpg 300w, https:\/\/www.tgrthaber.com\/mavikadin\/wp-content\/uploads\/kardelenler-1-768x512.jpg 768w, https:\/\/www.tgrthaber.com\/mavikadin\/wp-content\/uploads\/kardelenler-1.jpg 820w\" sizes=\"(max-width: 1280px) 100vw, 1280px\" \/><\/p>\n<hr \/>\n<p>&nbsp;<\/p>\n<h3>KARDELENLER D\u0130Z\u0130S\u0130 KONUSU NED\u0130R?<\/h3>\n<p>Gen\u00e7 ve usta oyuncular\u0131 bir araya getiren yeni dizi Kardelenler, pazar ak\u015famlar\u0131 ATV&#8217;de ekrana gelecek. Serkan Birinci&#8217;nin y\u00f6netmen koltu\u011funda oturdu\u011fu dizinin senaryosunu ise G\u00fcl Abus Semerci yaz\u0131yor.<\/p>\n<p>Ayda Aksel, Bar\u0131\u015f Falay, Serhat K\u0131l\u0131\u00e7, Ahu Ya\u011ftu, Edip Tepeli gibi isimlerin kadrosundan yer ald\u0131\u011f\u0131 dizi \u015fimdiden ses getirdi.<\/p>\n<p>Kardelenler&#8217;de kazan\u0131n ard\u0131ndan farkl\u0131 hayatlara giden Korkmaz ailesinin uzun y\u0131llar sonra bir araya geli\u015fi ve hesapla\u015fmalar\u0131 konu al\u0131n\u0131yor. Ayr\u0131ca aile \u00fcyelerinin gizli s\u0131rlar\u0131 a\u00e7\u0131\u011fa \u00e7\u0131k\u0131yor ve y\u00fczle\u015fmeler ger\u00e7ekle\u015fiyor. Bu olaylar\u0131n akabinde yetimhaneye verilen torunlar\u0131n hayat\u0131n\u0131 bamba\u015fka bir hal al\u0131yor.<\/p>\n","protected":false},"excerpt":{"rendered":"<p>Kardelenler dizisi ATV\u2019 ekranlar\u0131nda izleyici ile bulu\u015fmaya haz\u0131rlan\u0131yor. Dizinin oyuncu kadrosu merak edildi. Oyuncu Serhat K\u0131l\u0131\u00e7, dizide Raci karakterine hayat verecek. Kardelenler&#8217;in Raci&#8217;si Serhat K\u0131l\u0131\u00e7 kimdir? Serhat K\u0131l\u0131\u00e7 nereli, rol ald\u0131\u011f\u0131 diziler hangisi? \u0130\u015fte Serhat K\u0131l\u0131\u00e7 hakk\u0131nda t\u00fcm merak edilenler&#8230;<\/p>\n","protected":false},"author":33,"featured_media":128019,"comment_status":"closed","ping_status":"closed","sticky":false,"template":"","format":"standard","meta":{"rank_math_lock_modified_date":false,"footnotes":""},"categories":[602],"tags":[9575,9577,9576,9578],"class_list":["post-128017","post","type-post","status-publish","format-standard","has-post-thumbnail","hentry","category-diziler","tag-kardelenler-raci-kimdir","tag-serhat-kilic-dizileri","tag-serhat-kilic-kimdir","tag-serhat-kilic-nereli"],"_links":{"self":[{"href":"https:\/\/www.tgrthaber.com\/mavikadin\/wp-json\/wp\/v2\/posts\/128017"}],"collection":[{"href":"https:\/\/www.tgrthaber.com\/mavikadin\/wp-json\/wp\/v2\/posts"}],"about":[{"href":"https:\/\/www.tgrthaber.com\/mavikadin\/wp-json\/wp\/v2\/types\/post"}],"author":[{"embeddable":true,"href":"https:\/\/www.tgrthaber.com\/mavikadin\/wp-json\/wp\/v2\/users\/33"}],"replies":[{"embeddable":true,"href":"https:\/\/www.tgrthaber.com\/mavikadin\/wp-json\/wp\/v2\/comments?post=128017"}],"version-history":[{"count":2,"href":"https:\/\/www.tgrthaber.com\/mavikadin\/wp-json\/wp\/v2\/posts\/128017\/revisions"}],"predecessor-version":[{"id":128022,"href":"https:\/\/www.tgrthaber.com\/mavikadin\/wp-json\/wp\/v2\/posts\/128017\/revisions\/128022"}],"wp:featuredmedia":[{"embeddable":true,"href":"https:\/\/www.tgrthaber.com\/mavikadin\/wp-json\/wp\/v2\/media\/128019"}],"wp:attachment":[{"href":"https:\/\/www.tgrthaber.com\/mavikadin\/wp-json\/wp\/v2\/media?parent=128017"}],"wp:term":[{"taxonomy":"category","embeddable":true,"href":"https:\/\/www.tgrthaber.com\/mavikadin\/wp-json\/wp\/v2\/categories?post=128017"},{"taxonomy":"post_tag","embeddable":true,"href":"https:\/\/www.tgrthaber.com\/mavikadin\/wp-json\/wp\/v2\/tags?post=128017"}],"curies":[{"name":"wp","href":"https:\/\/api.w.org\/{rel}","templated":true}]}}