{"id":128028,"date":"2025-02-01T00:30:37","date_gmt":"2025-01-31T21:30:37","guid":{"rendered":"https:\/\/www.tgrthaber.com\/mavikadin\/?p=128028"},"modified":"2025-02-01T00:30:37","modified_gmt":"2025-01-31T21:30:37","slug":"kardelenlerin-meneksesi-ahu-yagtu-kimdir-kac-yasinda-ahu-yagtu-kac-kez-evlendi","status":"publish","type":"post","link":"https:\/\/www.tgrthaber.com\/mavikadin\/kardelenlerin-meneksesi-ahu-yagtu-kimdir-kac-yasinda-ahu-yagtu-kac-kez-evlendi\/","title":{"rendered":"Kardelenler&#8217;in Menek\u015fe\u2019si Ahu Ya\u011ftu kimdir, ka\u00e7 ya\u015f\u0131nda? Ahu Ya\u011ftu ka\u00e7 kez evlendi?"},"content":{"rendered":"<p>\u00d6zel hayat\u0131yla s\u0131k s\u0131k g\u00fcndeme gelen oyuncu Ahu Ya\u011ftu, Kardelenler&#8217;in Menek\u015fe\u2019si rol\u00fc ile seyirci kar\u015f\u0131s\u0131na \u00e7\u0131k\u0131yor. \u0130zmir do\u011fumlu g\u00fczel oyuncu bu zamana kadar pek \u00e7ok ba\u015far\u0131l\u0131 yap\u0131mda rol al\u0131rken kendini ispatlam\u0131\u015ft\u0131r. Kardelenler&#8217;in Menek\u015fe\u2019si Ahu Ya\u011ftu kimdir, ka\u00e7 ya\u015f\u0131nda? Ahu Ya\u011ftu ka\u00e7 kez evlendi?<\/p>\n<h3>KARDELENLER MENEK\u015eE K\u0130MD\u0130R?<\/h3>\n<p>Ger\u00e7ek\u00e7i bir hayat m\u00fccadelesini konu alan Kardelenler dizisi yay\u0131n hayat\u0131na ba\u015fl\u0131yor. Dizinin oyuncu kadrosunda Ahu Ya\u011ftu\u2019da yer al\u0131yor. Ya\u011ftu dizide, Menek\u015fe G\u00fcndo\u011fan karakterini oynayacak.<\/p>\n<p>Kardelenler&#8217;in Menek\u015fe\u2019si zenginlii \u00e7ekici b\u00fcy\u00fcs\u00fcne kap\u0131lm\u0131\u015f ve akl\u0131 fikri hep paradad\u0131r. Y\u0131llar boyunca kendi d\u00fc\u015f\u00fcncelerini kaybetmi\u015f Menek\u015fe,\u00a0 kocas\u0131n\u0131n etraf\u0131nda d\u00f6n\u00fcp durmu\u015ftur. Menek\u015fe bu hapis hayat\u0131 kendi elleriyle \u00f6rm\u00fc\u015ft\u00fcr.<\/p>\n<p><img loading=\"lazy\" decoding=\"async\" class=\"alignnone wp-image-128034\" src=\"https:\/\/www.tgrthaber.com\/mavikadin\/wp-content\/uploads\/Ahu-Yagtu-kimdir-300x169.webp\" alt=\"\" width=\"1280\" height=\"720\" title=\"\" srcset=\"https:\/\/www.tgrthaber.com\/mavikadin\/wp-content\/uploads\/Ahu-Yagtu-kimdir-300x169.webp 300w, https:\/\/www.tgrthaber.com\/mavikadin\/wp-content\/uploads\/Ahu-Yagtu-kimdir-1024x576.webp 1024w, https:\/\/www.tgrthaber.com\/mavikadin\/wp-content\/uploads\/Ahu-Yagtu-kimdir-768x432.webp 768w, https:\/\/www.tgrthaber.com\/mavikadin\/wp-content\/uploads\/Ahu-Yagtu-kimdir.webp 1280w\" sizes=\"(max-width: 1280px) 100vw, 1280px\" \/><\/p>\n<hr \/>\n<h3>AHU YA\u011eTU K\u0130MD\u0130R?<\/h3>\n<p>Ahu Ya\u011ftu, 11 Temmuz 1978 y\u0131l\u0131ndan \u0130zmir&#8217;de d\u00fcnyaya geldi. Model olmak umuduyla \u0130zmir&#8217;den \u0130stanbul&#8217;a gelen isim\u00a0 Biri Bizi G\u00f6zetliyor adl\u0131 program ile ilk sunuculuk deneyimi elde etti. \u0130lk evlili\u011fini Cankat Do\u011fan Ak\u00e7ura ile yapt\u0131. Ak\u00e7ura&#8217;dan bo\u015fanan isim \u00fcnl\u00fc komedyen Cem Y\u0131lmaz ile d\u00fcnya evine girdi. 2013 y\u0131l\u0131nda ise Cem Y\u0131lmaz ile yollar\u0131 ay\u0131rd\u0131.<\/p>\n<p>Bir butik sahibi olan Ya\u011ftu, Parampar\u00e7a, Karde\u015flerim, Arif V 2016, A\u015fk ve Ceza gibi yap\u0131mlar rol alm\u0131\u015ft\u0131r.<\/p>\n<h3>AHU YA\u011eTU KA\u00c7 KEZ EVLEND\u0130?<\/h3>\n<p>Ahu Ya\u011ftu\u00a0 2 kez evlenmi\u015ftir. \u0130lk evlili\u011fi 2000-2005 y\u0131llar\u0131 aras\u0131nda Do\u011fan Ak\u00e7ura ile olmu\u015ftur. Ard\u0131ndan \u00fcnl\u00fc komedyen ve oyuncu Cem Y\u0131lmaz ile 2012 ve 2013 y\u0131llar\u0131 aras\u0131nda evli kalm\u0131\u015ft\u0131r.<\/p>\n<p><img loading=\"lazy\" decoding=\"async\" class=\"alignnone wp-image-128035\" src=\"https:\/\/www.tgrthaber.com\/mavikadin\/wp-content\/uploads\/Ahu-Yagtu-300x169.webp\" alt=\"\" width=\"1280\" height=\"720\" title=\"\" srcset=\"https:\/\/www.tgrthaber.com\/mavikadin\/wp-content\/uploads\/Ahu-Yagtu-300x169.webp 300w, https:\/\/www.tgrthaber.com\/mavikadin\/wp-content\/uploads\/Ahu-Yagtu.webp 750w\" sizes=\"(max-width: 1280px) 100vw, 1280px\" \/><\/p>\n<hr \/>\n<h3>KARDELENLER D\u0130Z\u0130S\u0130 OYUNCU KADROSU<\/h3>\n<p>Yeni yay\u0131n hayat\u0131na ATV&#8217;de ba\u015flayacak dizinin oyuncu kadrosundan g\u00fc\u00e7l\u00fc isimler yer al\u0131yor. Ayda Aksel, Bar\u0131\u015f Falay, Serhat K\u0131l\u0131\u00e7, Ahu Ya\u011ftu, Edip Tepeli, Hakan Sal\u0131nm\u0131\u015f, U\u011fur Uzunel, Nur Yazar, Ece Ya\u015far, Hakan Zavlak, Zeynep At\u0131lgan ve Mehmet Fatih Obuz gibi isimlerin yer ald\u0131\u011f\u0131 dizi 2 \u015eubat Pazar ak\u015fam\u0131 seyirci kar\u015f\u0131s\u0131na \u00e7\u0131kacak.<\/p>\n","protected":false},"excerpt":{"rendered":"<p>Ahu Ya\u011ftu, Kardelenler dizisinde canland\u0131rd\u0131\u011f\u0131 Menek\u015fe karakteri ile ekrana geri d\u00f6n\u00fcyor. Gen\u00e7 ve usta oyuncular\u0131 b\u00fcnyesinde bulunduran dizi konusu ile dikkat \u00e7ekti. Yap\u0131m Pazar ak\u015famlar\u0131 saat 20:00\u2019de ATV\u2019de olacak. Kardelenler&#8217;in Menek\u015fe\u2019si Ahu Ya\u011ftu kimdir, ka\u00e7 ya\u015f\u0131nda? Ahu Ya\u011ftu ka\u00e7 kez evlendi?<\/p>\n","protected":false},"author":33,"featured_media":0,"comment_status":"closed","ping_status":"closed","sticky":false,"template":"","format":"standard","meta":{"rank_math_lock_modified_date":false,"footnotes":""},"categories":[602],"tags":[9580,9579,9581],"class_list":["post-128028","post","type-post","status-publish","format-standard","hentry","category-diziler","tag-ahu-yagtu-kac-kez-evlendi","tag-ahu-yagtu-kimdir","tag-kardelenler-menekse-kim"],"_links":{"self":[{"href":"https:\/\/www.tgrthaber.com\/mavikadin\/wp-json\/wp\/v2\/posts\/128028"}],"collection":[{"href":"https:\/\/www.tgrthaber.com\/mavikadin\/wp-json\/wp\/v2\/posts"}],"about":[{"href":"https:\/\/www.tgrthaber.com\/mavikadin\/wp-json\/wp\/v2\/types\/post"}],"author":[{"embeddable":true,"href":"https:\/\/www.tgrthaber.com\/mavikadin\/wp-json\/wp\/v2\/users\/33"}],"replies":[{"embeddable":true,"href":"https:\/\/www.tgrthaber.com\/mavikadin\/wp-json\/wp\/v2\/comments?post=128028"}],"version-history":[{"count":1,"href":"https:\/\/www.tgrthaber.com\/mavikadin\/wp-json\/wp\/v2\/posts\/128028\/revisions"}],"predecessor-version":[{"id":128038,"href":"https:\/\/www.tgrthaber.com\/mavikadin\/wp-json\/wp\/v2\/posts\/128028\/revisions\/128038"}],"wp:attachment":[{"href":"https:\/\/www.tgrthaber.com\/mavikadin\/wp-json\/wp\/v2\/media?parent=128028"}],"wp:term":[{"taxonomy":"category","embeddable":true,"href":"https:\/\/www.tgrthaber.com\/mavikadin\/wp-json\/wp\/v2\/categories?post=128028"},{"taxonomy":"post_tag","embeddable":true,"href":"https:\/\/www.tgrthaber.com\/mavikadin\/wp-json\/wp\/v2\/tags?post=128028"}],"curies":[{"name":"wp","href":"https:\/\/api.w.org\/{rel}","templated":true}]}}