{"id":128045,"date":"2025-02-01T01:17:34","date_gmt":"2025-01-31T22:17:34","guid":{"rendered":"https:\/\/www.tgrthaber.com\/mavikadin\/?p=128045"},"modified":"2025-02-01T01:17:34","modified_gmt":"2025-01-31T22:17:34","slug":"kardelenlerin-hicrani-ayda-aksel-kimdir-ayda-aksel-kac-yasinda-hangi-dizilerde-rol-aldi","status":"publish","type":"post","link":"https:\/\/www.tgrthaber.com\/mavikadin\/kardelenlerin-hicrani-ayda-aksel-kimdir-ayda-aksel-kac-yasinda-hangi-dizilerde-rol-aldi\/","title":{"rendered":"Kardelenler\u2019in Hicran\u2019\u0131 Ayda Aksel kimdir? Ayda Aksel ka\u00e7 ya\u015f\u0131nda, hangi dizilerde rol ald\u0131?"},"content":{"rendered":"<p>Serkan Birinci y\u00f6netmen koltu\u011funda oturdu\u011fu dizi Kardelenler g\u00fc\u00e7l\u00fc kadrosu ile 2 \u015eubat Pazar ak\u015fam\u0131 yay\u0131n hayat\u0131na ba\u015fl\u0131yor. Rol ald\u0131\u011f\u0131 yap\u0131mlar ile ad\u0131ndan s\u00f6z ettiren usta oyuncu Ayda Aksel ise dizide Hicran karakteri ile sevenlerinin kar\u015f\u0131s\u0131na \u00e7\u0131k\u0131yor. Fedakar bir kad\u0131n\u0131 oynayacak olan isim e\u015fi ve be\u015f evlad\u0131n\u0131n mutlulu\u011fu onun i\u00e7in her \u015feydir. Peki, Kardelenler\u2019in Hicran\u2019\u0131 Ayda Aksel kimdir? Ayda Aksel ka\u00e7 ya\u015f\u0131nda, hangi dizilerde rol ald\u0131?<\/p>\n<h3>KARDELENLER H\u0130CRAN K\u0130MD\u0130R?<\/h3>\n<p>Ayda Aksel, Kardelenler dizisinde Hicran karakterini oynayacak. Hicran Korkmaz \u00e7ok sab\u0131rl\u0131 ve fedakar bir kad\u0131nd\u0131r. Onun hayat\u0131nda en \u00f6nemli \u015fey e\u015fi ve \u00e7ocuklar\u0131d\u0131r. Dizide onun hikayesi adanm\u0131\u015fl\u0131\u011f\u0131n bir \u00f6rne\u011fi olarak g\u00f6sterilir.<\/p>\n<p><img loading=\"lazy\" decoding=\"async\" class=\"alignnone wp-image-128057\" src=\"https:\/\/www.tgrthaber.com\/mavikadin\/wp-content\/uploads\/820x547-ayda-aksel-kardelenleri-anlatti-1737449165650-300x200.jpg\" alt=\"\" width=\"1280\" height=\"854\" title=\"\" srcset=\"https:\/\/www.tgrthaber.com\/mavikadin\/wp-content\/uploads\/820x547-ayda-aksel-kardelenleri-anlatti-1737449165650-300x200.jpg 300w, https:\/\/www.tgrthaber.com\/mavikadin\/wp-content\/uploads\/820x547-ayda-aksel-kardelenleri-anlatti-1737449165650-768x512.jpg 768w, https:\/\/www.tgrthaber.com\/mavikadin\/wp-content\/uploads\/820x547-ayda-aksel-kardelenleri-anlatti-1737449165650.jpg 820w\" sizes=\"(max-width: 1280px) 100vw, 1280px\" \/><\/p>\n<hr \/>\n<h3>AYDA AKSEL K\u0130MD\u0130R?<\/h3>\n<p>Ayda Aksel, sinema ve tiyatro oyuncusudur. 1962 \u0130stanbul do\u011fumlu olan isim Mimar Sinan \u00dcniversitesi Tiyatro B\u00f6l\u00fcm\u00fcnde e\u011fitim alm\u0131\u015ft\u0131r. 15 y\u0131l Devlet Tiyatrolar\u0131 Genel M\u00fcd\u00fcrl\u00fc\u011f\u00fcn\u00fcn kadrosunda yer alm\u0131\u015ft\u0131r.<\/p>\n<p>\u0130ki kez evlenen oyuncunun ilk e\u015finden Leyla isminde bir k\u0131z\u0131, ikinci e\u015finden ise Efe ad\u0131nda bir o\u011flu bulunmaktad\u0131r. \u00a0Ayda Aksel, Aile, Baba, Hercai, Hat\u0131rla Sevgili ve G\u00f6n\u00fcl\u00e7elen gibi b\u00fcy\u00fck dizilerde rol alm\u0131\u015ft\u0131r.<\/p>\n<p><img loading=\"lazy\" decoding=\"async\" class=\"alignnone wp-image-128059\" src=\"https:\/\/www.tgrthaber.com\/mavikadin\/wp-content\/uploads\/ayda-1-300x200.jpg\" alt=\"\" width=\"1280\" height=\"853\" title=\"\" srcset=\"https:\/\/www.tgrthaber.com\/mavikadin\/wp-content\/uploads\/ayda-1-300x200.jpg 300w, https:\/\/www.tgrthaber.com\/mavikadin\/wp-content\/uploads\/ayda-1.jpg 600w\" sizes=\"(max-width: 1280px) 100vw, 1280px\" \/><\/p>\n<hr \/>\n<h3>KARDELENLER OYUNCU KADROSUNDA K\u0130MLER VAR?<\/h3>\n<p>Usta ve gen\u00e7 isimlerin bir araya geldi\u011fi Kardelenler dizisinin oyuncu kadrosu belli oldu. Dizinin oyunlar\u0131 aras\u0131nda Ayda Aksel, Bar\u0131\u015f Falay, Serhat K\u0131l\u0131\u00e7, Ahu Ya\u011ftu, Edip Tepeli, Hakan Sal\u0131nm\u0131\u015f, U\u011fur Uzunel, Nur Yazar, Ece Ya\u015far, Hakan Zavlak, Zeynep At\u0131lgan ve Mehmet Fatih Obuz gibi yetenekler yer al\u0131yor.<\/p>\n<p>Korkmaz ailesinin ya\u015fayaca\u011f\u0131 zorlu ve s\u0131r dolu hayat\u0131 g\u00f6zler \u00f6n\u00fcne serecek olan dizi g\u00fc\u00e7l\u00fc atmosferi ve oyunculuklar\u0131yla reytinglerde zirvede rol almak i\u00e7in yar\u0131\u015facak. Ger\u00e7ek\u00e7i bir hayat m\u00fccadelesi g\u00f6zler \u00f6n\u00fcne seren Kardelenler dizisi 2 \u015eubat Pazar ak\u015fam\u0131 ATV&#8217;de saat 20:00&#8217;de seyircisinin kar\u015f\u0131s\u0131na \u00e7\u0131kacak.<\/p>\n","protected":false},"excerpt":{"rendered":"<p>Usta oyuncu Ayda Aksel, Kardelenler dizisi ile ekranlara geri d\u00f6n\u00fcyor. 2 \u015eubat Pazar ak\u015fam\u0131 seyirci ile bulu\u015facak olan dizinin konusu ise \u015fimdiden merak edildi. Kardelenler\u2019in Hicran\u2019\u0131 Ayda Aksel kimdir? Ayda Aksel ka\u00e7 ya\u015f\u0131nda, hangi dizilerde rol ald\u0131?<\/p>\n","protected":false},"author":33,"featured_media":128058,"comment_status":"closed","ping_status":"closed","sticky":false,"template":"","format":"standard","meta":{"rank_math_lock_modified_date":false,"footnotes":""},"categories":[602],"tags":[9591,9589,9590],"class_list":["post-128045","post","type-post","status-publish","format-standard","has-post-thumbnail","hentry","category-diziler","tag-ayda-aksel-kac-yasinda","tag-ayda-aksel-kimdir","tag-kardelenler-hicran-kimdir"],"_links":{"self":[{"href":"https:\/\/www.tgrthaber.com\/mavikadin\/wp-json\/wp\/v2\/posts\/128045"}],"collection":[{"href":"https:\/\/www.tgrthaber.com\/mavikadin\/wp-json\/wp\/v2\/posts"}],"about":[{"href":"https:\/\/www.tgrthaber.com\/mavikadin\/wp-json\/wp\/v2\/types\/post"}],"author":[{"embeddable":true,"href":"https:\/\/www.tgrthaber.com\/mavikadin\/wp-json\/wp\/v2\/users\/33"}],"replies":[{"embeddable":true,"href":"https:\/\/www.tgrthaber.com\/mavikadin\/wp-json\/wp\/v2\/comments?post=128045"}],"version-history":[{"count":2,"href":"https:\/\/www.tgrthaber.com\/mavikadin\/wp-json\/wp\/v2\/posts\/128045\/revisions"}],"predecessor-version":[{"id":128061,"href":"https:\/\/www.tgrthaber.com\/mavikadin\/wp-json\/wp\/v2\/posts\/128045\/revisions\/128061"}],"wp:featuredmedia":[{"embeddable":true,"href":"https:\/\/www.tgrthaber.com\/mavikadin\/wp-json\/wp\/v2\/media\/128058"}],"wp:attachment":[{"href":"https:\/\/www.tgrthaber.com\/mavikadin\/wp-json\/wp\/v2\/media?parent=128045"}],"wp:term":[{"taxonomy":"category","embeddable":true,"href":"https:\/\/www.tgrthaber.com\/mavikadin\/wp-json\/wp\/v2\/categories?post=128045"},{"taxonomy":"post_tag","embeddable":true,"href":"https:\/\/www.tgrthaber.com\/mavikadin\/wp-json\/wp\/v2\/tags?post=128045"}],"curies":[{"name":"wp","href":"https:\/\/api.w.org\/{rel}","templated":true}]}}