{"id":128155,"date":"2025-02-01T13:42:59","date_gmt":"2025-02-01T10:42:59","guid":{"rendered":"https:\/\/www.tgrthaber.com\/mavikadin\/?p=128155"},"modified":"2025-02-01T13:54:57","modified_gmt":"2025-02-01T10:54:57","slug":"uzak-sehir-dizisine-bomba-transfer-anil-ilter-geliyor","status":"publish","type":"post","link":"https:\/\/www.tgrthaber.com\/mavikadin\/uzak-sehir-dizisine-bomba-transfer-anil-ilter-geliyor\/","title":{"rendered":"Uzak \u015eehir dizisine bomba transfer! An\u0131l \u0130lter geliyor"},"content":{"rendered":"<p>Mardin\u2019in masals\u0131 atmosferinde \u00e7ekilen Uzak \u015eehir dizisine bomba bir transfer geliyor. G\u00fc\u00e7l\u00fc oyuncu kadrosuyla dikkat \u00e7eken Uzak \u015eehir\u2019e ba\u015far\u0131l\u0131 oyuncu An\u0131l \u0130lter\u2019in dahil olmas\u0131 planlan\u0131yor.<\/p>\n<h3>UZAK \u015eEH\u0130R D\u0130Z\u0130S\u0130NE BOMBA TRANSFER<\/h3>\n<p>Uzak \u015eehir bu hafta ekrana gelen son b\u00f6l\u00fcm\u00fcyle 15 reytingi ge\u00e7erek yeni bir rekora daha imza att\u0131. Ozan Akbaba ile Sinem \u00dcnsal\u2019\u0131n ba\u015frollerini payla\u015ft\u0131\u011f\u0131 diziye iddial\u0131 bir ismin gelecek olmas\u0131 diziye olan beklentileri de art\u0131rd\u0131.<\/p>\n<h3><img loading=\"lazy\" decoding=\"async\" class=\"alignnone wp-image-128157\" src=\"https:\/\/www.tgrthaber.com\/mavikadin\/wp-content\/uploads\/Uzak-Sehir-1-5.jpg\" alt=\"\" width=\"1208\" height=\"680\" title=\"\" srcset=\"https:\/\/www.tgrthaber.com\/mavikadin\/wp-content\/uploads\/Uzak-Sehir-1-5.jpg 1920w, https:\/\/www.tgrthaber.com\/mavikadin\/wp-content\/uploads\/Uzak-Sehir-1-5-300x169.jpg 300w, https:\/\/www.tgrthaber.com\/mavikadin\/wp-content\/uploads\/Uzak-Sehir-1-5-1024x576.jpg 1024w, https:\/\/www.tgrthaber.com\/mavikadin\/wp-content\/uploads\/Uzak-Sehir-1-5-768x432.jpg 768w, https:\/\/www.tgrthaber.com\/mavikadin\/wp-content\/uploads\/Uzak-Sehir-1-5-1536x864.jpg 1536w\" sizes=\"(max-width: 1208px) 100vw, 1208px\" \/><\/h3>\n<hr \/>\n<h3>C\u0130HAN ALBORA&#8217;YA RAK\u0130P GEL\u0130YOR<\/h3>\n<p>Kulislerden gelen bilgiye g\u00f6re bu rol\u00fc An\u0131l \u0130lter \u00fcstlenecek. \u0130lter, Kanada\u2019dan gelecek olan Doktor U\u011fur karakterini oynayacak.<\/p>\n<p><img loading=\"lazy\" decoding=\"async\" class=\"alignnone wp-image-128158\" src=\"https:\/\/www.tgrthaber.com\/mavikadin\/wp-content\/uploads\/Uzak-Sehir-3-4.jpg\" alt=\"\" width=\"1208\" height=\"680\" title=\"\" srcset=\"https:\/\/www.tgrthaber.com\/mavikadin\/wp-content\/uploads\/Uzak-Sehir-3-4.jpg 1920w, https:\/\/www.tgrthaber.com\/mavikadin\/wp-content\/uploads\/Uzak-Sehir-3-4-300x169.jpg 300w, https:\/\/www.tgrthaber.com\/mavikadin\/wp-content\/uploads\/Uzak-Sehir-3-4-1024x576.jpg 1024w, https:\/\/www.tgrthaber.com\/mavikadin\/wp-content\/uploads\/Uzak-Sehir-3-4-768x432.jpg 768w, https:\/\/www.tgrthaber.com\/mavikadin\/wp-content\/uploads\/Uzak-Sehir-3-4-1536x864.jpg 1536w\" sizes=\"(max-width: 1208px) 100vw, 1208px\" \/><\/p>\n<hr \/>\n<p>Ge\u00e7ti\u011fimiz sezon Gaddar\u2019da seyirci kar\u015f\u0131s\u0131na \u00e7\u0131kan \u0130lter Uzak \u015eehir\u2019de U\u011fur karakteriyle Cihan Albora\u2019ya rakip olacak.<\/p>\n<p>G\u00fclizar Irmak\u2019\u0131n yazd\u0131\u011f\u0131 Ahmet Kat\u0131ks\u0131z, Emre Aybek ve Y\u0131ld\u0131z A\u015fanbo\u011fa\u2019n\u0131n y\u00f6netti\u011fi dizinin g\u00f6r\u00fcnt\u00fc y\u00f6netmenli\u011fini Ferhat Ayan yap\u0131yor.<\/p>\n","protected":false},"excerpt":{"rendered":"<p>Son zamanlar\u0131n reyting rekortmeni Uzak \u015eehir dizisine bomba bir transfer geliyor. Mardin\u2019in masals\u0131 atmosferinde \u00e7ekilen diziye An\u0131l \u0130lter dahil olacak.<\/p>\n","protected":false},"author":5,"featured_media":128156,"comment_status":"closed","ping_status":"closed","sticky":false,"template":"","format":"standard","meta":{"rank_math_lock_modified_date":false,"footnotes":""},"categories":[602],"tags":[9606,2293,9605],"class_list":["post-128155","post","type-post","status-publish","format-standard","has-post-thumbnail","hentry","category-diziler","tag-anil-ilter","tag-uzak-sehir","tag-uzak-sehir-ugur"],"_links":{"self":[{"href":"https:\/\/www.tgrthaber.com\/mavikadin\/wp-json\/wp\/v2\/posts\/128155"}],"collection":[{"href":"https:\/\/www.tgrthaber.com\/mavikadin\/wp-json\/wp\/v2\/posts"}],"about":[{"href":"https:\/\/www.tgrthaber.com\/mavikadin\/wp-json\/wp\/v2\/types\/post"}],"author":[{"embeddable":true,"href":"https:\/\/www.tgrthaber.com\/mavikadin\/wp-json\/wp\/v2\/users\/5"}],"replies":[{"embeddable":true,"href":"https:\/\/www.tgrthaber.com\/mavikadin\/wp-json\/wp\/v2\/comments?post=128155"}],"version-history":[{"count":1,"href":"https:\/\/www.tgrthaber.com\/mavikadin\/wp-json\/wp\/v2\/posts\/128155\/revisions"}],"predecessor-version":[{"id":128159,"href":"https:\/\/www.tgrthaber.com\/mavikadin\/wp-json\/wp\/v2\/posts\/128155\/revisions\/128159"}],"wp:featuredmedia":[{"embeddable":true,"href":"https:\/\/www.tgrthaber.com\/mavikadin\/wp-json\/wp\/v2\/media\/128156"}],"wp:attachment":[{"href":"https:\/\/www.tgrthaber.com\/mavikadin\/wp-json\/wp\/v2\/media?parent=128155"}],"wp:term":[{"taxonomy":"category","embeddable":true,"href":"https:\/\/www.tgrthaber.com\/mavikadin\/wp-json\/wp\/v2\/categories?post=128155"},{"taxonomy":"post_tag","embeddable":true,"href":"https:\/\/www.tgrthaber.com\/mavikadin\/wp-json\/wp\/v2\/tags?post=128155"}],"curies":[{"name":"wp","href":"https:\/\/api.w.org\/{rel}","templated":true}]}}