{"id":128178,"date":"2025-02-01T15:05:02","date_gmt":"2025-02-01T12:05:02","guid":{"rendered":"https:\/\/www.tgrthaber.com\/mavikadin\/?p=128178"},"modified":"2025-02-01T15:05:19","modified_gmt":"2025-02-01T12:05:19","slug":"ahmet-mumtaz-taylanin-o-cevabi-karsisinda-hulya-avsar-yine-pot-kirdi-hic-yakistiramadim","status":"publish","type":"post","link":"https:\/\/www.tgrthaber.com\/mavikadin\/ahmet-mumtaz-taylanin-o-cevabi-karsisinda-hulya-avsar-yine-pot-kirdi-hic-yakistiramadim\/","title":{"rendered":"Ahmet M\u00fcmtaz Taylan&#8217;\u0131n o cevab\u0131 kar\u015f\u0131s\u0131nda H\u00fclya Av\u015far pot k\u0131rd\u0131: &#8220;Hi\u00e7 yak\u0131\u015ft\u0131ramad\u0131m!&#8221;"},"content":{"rendered":"<p>Youtube kanal\u0131nda yay\u0131nlanan ve sunuculu\u011funu H\u00fclya Av\u015far&#8217;\u0131n \u00fcstlendi\u011fi program\u0131n bu hafta ki \u00f6zel konu\u011fu Cuma ak\u015famlar\u0131 Show TV ekranlar\u0131na gelen fenomen dizi K\u0131z\u0131lc\u0131k \u015eerbeti oyuncusu Ahmet M\u00fcmtaz Taylan oldu.<\/p>\n<p>Dizide &#8216;Abdullah&#8217; karakterini oynayan usta oyuncu Ahmet M\u00fcmtaz Taylan, program s\u0131ras\u0131nda kendi \u00f6zel hayat\u0131na dair \u015fa\u015f\u0131rtan a\u00e7\u0131klamalarda bulundu.<\/p>\n<p>Ger\u00e7ek hayat\u0131nda bir sevgilisinin oldu\u011funu gayet ola\u011fan bir \u015fekilde ifade eder iken H\u00fclya Av\u015far&#8217;\u0131n bunu \u00f6\u011frenmesi kar\u015f\u0131s\u0131nda ya\u015fad\u0131\u011f\u0131 \u015fa\u015fk\u0131nl\u0131kla verdi\u011fi cevap olay oldu.<\/p>\n<h3>OYUNCU AHMET M\u00dcMTAZ TAYLAN&#8217;IN O CEVABI KAR\u015eISINDA AV\u015eAR KEND\u0130N\u0130 TUTAMADI!<\/h3>\n<p>Sinema sekt\u00f6r\u00fcyle ilgili konu\u015fmay\u0131 da ihmal etmeyen oyuncu Ahmet M\u00fcmtaz Taylan, \u00f6zel hayat\u0131nda bir k\u0131z arkada\u015f\u0131n\u0131n oldu\u011funu &#8220;Y\u00f6netmensiz bir i\u015f \u015fefsiz orkestraya benzer. Kurguya giden y\u00f6netmenler de var.<\/p>\n<p><img loading=\"lazy\" decoding=\"async\" class=\"alignnone wp-image-69516\" src=\"https:\/\/www.tgrthaber.com\/mavikadin\/wp-content\/uploads\/2024\/09\/kizilcik-serbeti-nin-yeni-abdullah-i-ahmet-mumtaz-taylan-dan-ilk-kare.jpg\" alt=\"\" width=\"1208\" height=\"680\" title=\"\" srcset=\"https:\/\/www.tgrthaber.com\/mavikadin\/wp-content\/uploads\/2024\/09\/kizilcik-serbeti-nin-yeni-abdullah-i-ahmet-mumtaz-taylan-dan-ilk-kare.jpg 1600w, https:\/\/www.tgrthaber.com\/mavikadin\/wp-content\/uploads\/2024\/09\/kizilcik-serbeti-nin-yeni-abdullah-i-ahmet-mumtaz-taylan-dan-ilk-kare-300x169.jpg 300w, https:\/\/www.tgrthaber.com\/mavikadin\/wp-content\/uploads\/2024\/09\/kizilcik-serbeti-nin-yeni-abdullah-i-ahmet-mumtaz-taylan-dan-ilk-kare-1024x576.jpg 1024w, https:\/\/www.tgrthaber.com\/mavikadin\/wp-content\/uploads\/2024\/09\/kizilcik-serbeti-nin-yeni-abdullah-i-ahmet-mumtaz-taylan-dan-ilk-kare-768x432.jpg 768w, https:\/\/www.tgrthaber.com\/mavikadin\/wp-content\/uploads\/2024\/09\/kizilcik-serbeti-nin-yeni-abdullah-i-ahmet-mumtaz-taylan-dan-ilk-kare-1536x864.jpg 1536w, https:\/\/www.tgrthaber.com\/mavikadin\/wp-content\/uploads\/2024\/09\/kizilcik-serbeti-nin-yeni-abdullah-i-ahmet-mumtaz-taylan-dan-ilk-kare-533x300.jpg 533w, https:\/\/www.tgrthaber.com\/mavikadin\/wp-content\/uploads\/2024\/09\/kizilcik-serbeti-nin-yeni-abdullah-i-ahmet-mumtaz-taylan-dan-ilk-kare-600x338.jpg 600w, https:\/\/www.tgrthaber.com\/mavikadin\/wp-content\/uploads\/2024\/09\/kizilcik-serbeti-nin-yeni-abdullah-i-ahmet-mumtaz-taylan-dan-ilk-kare-30x16.jpg 30w, https:\/\/www.tgrthaber.com\/mavikadin\/wp-content\/uploads\/2024\/09\/kizilcik-serbeti-nin-yeni-abdullah-i-ahmet-mumtaz-taylan-dan-ilk-kare-18x10.jpg 18w\" sizes=\"(max-width: 1208px) 100vw, 1208px\" \/><\/p>\n<hr \/>\n<p>Benim k\u0131z arkada\u015f\u0131m y\u00f6netmen. K\u0131z arkada\u015f\u0131m televizyon y\u00f6netmeni&#8221; s\u00f6zleriyle anlatt\u0131.<\/p>\n<p>Sunucu H\u00fclya Av\u015far ise bu cevap kar\u015f\u0131s\u0131nda \u015foka girerek &#8220;Senin k\u0131z arkada\u015f\u0131n m\u0131 var, hi\u00e7 yak\u0131\u015ft\u0131ramad\u0131m&#8221; diyerek kahkaha att\u0131.<\/p>\n<h3>KIZILCIK \u015eERBET\u0130 D\u0130Z\u0130S\u0130NDEK\u0130 ROL\u00dc \u0130\u00c7\u0130N KONU\u015eAN OYUNCUDAN TANRI\u00d6\u011eEN A\u00c7IKLAMASI<\/h3>\n<p>Ekranlar\u0131n sevilen dizisi olup her b\u00f6l\u00fcm\u00fc ile izleyiciyi ekrana kilitlemeyi ba\u015faran K\u0131z\u0131lc\u0131k \u015eerbetinde rol alan Ahmet M\u00fcmtez Taylan,<\/p>\n<p>&#8220;Abdullah \u00dcnal karakteri i\u00e7in \u00f6nce bana gelmi\u015flerdi. Sa\u011fl\u0131k durumum \u00e7ok iyi de\u011fildi. O sene bana gelen projeleri reddettikten sonra a\u00e7\u0131k kalp ameliyat\u0131 oldum.<\/p>\n<p><img loading=\"lazy\" decoding=\"async\" class=\"alignnone size-full wp-image-128179\" src=\"https:\/\/www.tgrthaber.com\/mavikadin\/wp-content\/uploads\/vcvc-1.png\" alt=\"\" width=\"763\" height=\"418\" title=\"\" srcset=\"https:\/\/www.tgrthaber.com\/mavikadin\/wp-content\/uploads\/vcvc-1.png 763w, https:\/\/www.tgrthaber.com\/mavikadin\/wp-content\/uploads\/vcvc-1-300x164.png 300w\" sizes=\"(max-width: 763px) 100vw, 763px\" \/><\/p>\n<p>Settar oynad\u0131, ola\u011fan\u00fcst\u00fc de oynad\u0131. Hayat i\u015fte o rahats\u0131zland\u0131. Ben zaten Settar rol\u00fc yapmaya gitmedim. Abdullah olmaya gittim&#8221; a\u00e7\u0131klamas\u0131nda bulundu.<\/p>\n<h3>\u00dcNL\u00dc OYUNCU AHMET M\u00dcMTAZ TAYLAN&#8217;DAN \u0130T\u0130RAF! &#8220;F\u0130Z\u0130KEN \u00c7OK GER\u0130LEM\u0130\u015eT\u0130M&#8221;<\/h3>\n<p>&#8220;Ameliyat olal\u0131 2 y\u0131la yakla\u015ft\u0131&#8221; diye belirten \u00fcnl\u00fc oyuncu Ahmet M\u00fcmtaz Taylan, &#8220;Ge\u00e7en sene fiziken \u00e7ok gerilemi\u015ftim. Alkol yok benim hayat\u0131mda. Bir sene \u00f6nce bitti bu i\u015f \u00e7ok k\u00f6t\u00fcy\u00fcm diyordum, a\u011f\u0131r bir ameliyat by pass&#8221; ifadelerinde bulundu.<\/p>\n","protected":false},"excerpt":{"rendered":"<p>H\u00fclya Av\u015far&#8217;\u0131n Youtube kanal\u0131nda yay\u0131nlanan program\u0131nda sevgilisinin oldu\u011funu a\u00e7\u0131klayan oyuncu Ahmet M\u00fcmtaz Taylan&#8217;\u0131n cevab\u0131 kar\u015f\u0131s\u0131nda Av\u015far \u015foka u\u011frad\u0131.<\/p>\n","protected":false},"author":27,"featured_media":128180,"comment_status":"closed","ping_status":"closed","sticky":false,"template":"","format":"standard","meta":{"rank_math_lock_modified_date":false,"footnotes":""},"categories":[76],"tags":[2580,9611,4113,133],"class_list":["post-128178","post","type-post","status-publish","format-standard","has-post-thumbnail","hentry","category-magazin","tag-ahmet-mumtaz-taylan","tag-ahmet-mumtaz-taylanin-sevgilisi","tag-kizilcik-serbeti-dizisi","tag-magazin"],"_links":{"self":[{"href":"https:\/\/www.tgrthaber.com\/mavikadin\/wp-json\/wp\/v2\/posts\/128178"}],"collection":[{"href":"https:\/\/www.tgrthaber.com\/mavikadin\/wp-json\/wp\/v2\/posts"}],"about":[{"href":"https:\/\/www.tgrthaber.com\/mavikadin\/wp-json\/wp\/v2\/types\/post"}],"author":[{"embeddable":true,"href":"https:\/\/www.tgrthaber.com\/mavikadin\/wp-json\/wp\/v2\/users\/27"}],"replies":[{"embeddable":true,"href":"https:\/\/www.tgrthaber.com\/mavikadin\/wp-json\/wp\/v2\/comments?post=128178"}],"version-history":[{"count":3,"href":"https:\/\/www.tgrthaber.com\/mavikadin\/wp-json\/wp\/v2\/posts\/128178\/revisions"}],"predecessor-version":[{"id":128183,"href":"https:\/\/www.tgrthaber.com\/mavikadin\/wp-json\/wp\/v2\/posts\/128178\/revisions\/128183"}],"wp:featuredmedia":[{"embeddable":true,"href":"https:\/\/www.tgrthaber.com\/mavikadin\/wp-json\/wp\/v2\/media\/128180"}],"wp:attachment":[{"href":"https:\/\/www.tgrthaber.com\/mavikadin\/wp-json\/wp\/v2\/media?parent=128178"}],"wp:term":[{"taxonomy":"category","embeddable":true,"href":"https:\/\/www.tgrthaber.com\/mavikadin\/wp-json\/wp\/v2\/categories?post=128178"},{"taxonomy":"post_tag","embeddable":true,"href":"https:\/\/www.tgrthaber.com\/mavikadin\/wp-json\/wp\/v2\/tags?post=128178"}],"curies":[{"name":"wp","href":"https:\/\/api.w.org\/{rel}","templated":true}]}}