{"id":128195,"date":"2025-02-01T16:06:33","date_gmt":"2025-02-01T13:06:33","guid":{"rendered":"https:\/\/www.tgrthaber.com\/mavikadin\/?p=128195"},"modified":"2025-02-01T16:06:56","modified_gmt":"2025-02-01T13:06:56","slug":"yanginda-evi-kul-olan-turabi-popstar-oluyor-pop-piyasasini-alt-ust-edecegim","status":"publish","type":"post","link":"https:\/\/www.tgrthaber.com\/mavikadin\/yanginda-evi-kul-olan-turabi-popstar-oluyor-pop-piyasasini-alt-ust-edecegim\/","title":{"rendered":"Yang\u0131nda evi k\u00fcl olan Turabi popstar yolunda! &#8220;Pop piyasas\u0131n\u0131 alt \u00fcst edece\u011fim!&#8221;"},"content":{"rendered":"<p>TV8 kanal\u0131n\u0131n adrenalin dolu sevilen yar\u0131\u015fma programlar\u0131ndan biri olan Survivor&#8217;\u0131n eski sezon sevilen yar\u0131\u015fmac\u0131lar\u0131ndan Turabi \u00c7amk\u0131ran, hakk\u0131nda en \u00e7ok merak edilen o soruyu sosyal medya hesab\u0131ndan cevaplad\u0131.<\/p>\n<p>Survivor&#8217;a kat\u0131l\u0131p kat\u0131lmayaca\u011f\u0131 konusunda meraklar\u0131 gideren eski yar\u0131\u015fmac\u0131 ayn\u0131 zamanda sosyal medya hesab\u0131ndan yeni \u015fark\u0131s\u0131n\u0131 da sevenlerine duyurdu.<\/p>\n<h3>TURAB\u0130 CAMKIRAN&#8217;DAN SURV\u0130VOR CEVABI! &#8220;ARTIK SORMAYIN&#8221; D\u0130YEREK BIKKILI\u011eINI D\u0130LE GET\u0130RD\u0130&#8230;<\/h3>\n<p>Acun Il\u0131cal\u0131&#8217;n\u0131n sunuculu\u011funu ve yap\u0131mc\u0131l\u0131\u011f\u0131n\u0131 \u00fcstlendi\u011fi Survivor 2025 program\u0131 i\u00e7in eski sezon yar\u0131\u015fmac\u0131lar\u0131ndan olan Turabi \u00c7amk\u0131ran&#8217;a yar\u0131\u015fmaya kat\u0131l\u0131p kat\u0131lmayaca\u011f\u0131 takip\u00e7ileri taraf\u0131ndan s\u0131kl\u0131kla soruluyordu.<\/p>\n<p><img loading=\"lazy\" decoding=\"async\" class=\"alignnone wp-image-127937\" src=\"https:\/\/www.tgrthaber.com\/mavikadin\/wp-content\/uploads\/Turabi-Camkiran-Survivora-neden-gelemedigini-acikladi-Sarki-cikarmaya-hazirlaniyor.png\" alt=\"\" width=\"1208\" height=\"680\" title=\"\" srcset=\"https:\/\/www.tgrthaber.com\/mavikadin\/wp-content\/uploads\/Turabi-Camkiran-Survivora-neden-gelemedigini-acikladi-Sarki-cikarmaya-hazirlaniyor.png 1920w, https:\/\/www.tgrthaber.com\/mavikadin\/wp-content\/uploads\/Turabi-Camkiran-Survivora-neden-gelemedigini-acikladi-Sarki-cikarmaya-hazirlaniyor-300x169.png 300w, https:\/\/www.tgrthaber.com\/mavikadin\/wp-content\/uploads\/Turabi-Camkiran-Survivora-neden-gelemedigini-acikladi-Sarki-cikarmaya-hazirlaniyor-1024x576.png 1024w, https:\/\/www.tgrthaber.com\/mavikadin\/wp-content\/uploads\/Turabi-Camkiran-Survivora-neden-gelemedigini-acikladi-Sarki-cikarmaya-hazirlaniyor-768x432.png 768w, https:\/\/www.tgrthaber.com\/mavikadin\/wp-content\/uploads\/Turabi-Camkiran-Survivora-neden-gelemedigini-acikladi-Sarki-cikarmaya-hazirlaniyor-1536x864.png 1536w\" sizes=\"(max-width: 1208px) 100vw, 1208px\" \/><\/p>\n<hr \/>\n<p>Bundan sonra Survivor&#8217;a kat\u0131lmayaca\u011f\u0131n\u0131 dile getiren Turabi \u00c7amk\u0131ran, \u015fimdilerde yeni hedefini ise \u015f\u00f6yle m\u00fcjdeledi:<\/p>\n<h3>HAYRANLARINI \u015eOKA U\u011eRATTI! TURAB\u0130&#8217;DEN \u015eARKICILIK \u00c7IKI\u015eI: &#8220;BEN POPSTAR OLACA\u011eIM&#8221;<\/h3>\n<p>&#8220;Survivor&#8217;a gelemiyorum arkada\u015flar. Sormaktan vazge\u00e7in. Ben \u015fark\u0131c\u0131 olaca\u011f\u0131m, popstar olaca\u011f\u0131m. \u0130lk \u0130ngilizce par\u00e7am yay\u0131nda&#8221;<\/p>\n<p>Turbo Turabi ayr\u0131ca &#8216;Wine Me, Dine Me!&#8217; ad\u0131ndaki yeni par\u00e7as\u0131n\u0131 y\u00fcksek takip\u00e7ili sosyal medya hesab\u0131nda yay\u0131nlad\u0131. \u00dcnl\u00fc isim Turabi Camk\u0131ran, takip\u00e7ileri ile \u015fark\u0131y\u0131 yay\u0131nlar yay\u0131nlamaz sosyal medyan\u0131n g\u00fcndemine oturdu.<\/p>\n<p><img loading=\"lazy\" decoding=\"async\" class=\"alignnone wp-image-128197\" src=\"https:\/\/www.tgrthaber.com\/mavikadin\/wp-content\/uploads\/ii-2.png\" alt=\"\" width=\"1208\" height=\"658\" title=\"\" srcset=\"https:\/\/www.tgrthaber.com\/mavikadin\/wp-content\/uploads\/ii-2.png 912w, https:\/\/www.tgrthaber.com\/mavikadin\/wp-content\/uploads\/ii-2-300x163.png 300w, https:\/\/www.tgrthaber.com\/mavikadin\/wp-content\/uploads\/ii-2-768x419.png 768w\" sizes=\"(max-width: 1208px) 100vw, 1208px\" \/><\/p>\n<hr \/>\n<p>\u015eark\u0131 \u00e7\u0131karan Turabi&#8217;nin par\u00e7as\u0131 sosyal medyada ilgi g\u00f6r\u00fcr iken \u00fcnl\u00fc isim Turabi Camk\u0131ran, aktif kulland\u0131\u011f\u0131 sosyal medya hesab\u0131ndan yeni bir g\u00f6nderi payla\u015f\u0131m\u0131nda bulunarak,<\/p>\n<p>&#8220;\u015eaka gibi ya. \u0130nan\u0131lmaz patlad\u0131 bu par\u00e7a. \u015eu an inan\u0131lmaz ama d\u00fcnyan\u0131n en pop\u00fcler tv \u015fovlar\u0131ndan teklifler ya\u011f\u0131yor menajere. D\u00fcnyan\u0131n en pop\u00fcler ve dijital mecra \u015fovlar\u0131nda saz\u0131mla beraber bir turneye haz\u0131r olun. Benimle \u015fovda d\u00fcet yapmak isteyenleri duyunca kafay\u0131 yiyeceksiniz&#8221; dedi.<\/p>\n<h3>TURAB\u0130, YANGIN PAYLA\u015eIMINDA HER \u015eEY\u0130N\u0130 KAYBETT\u0130\u011e\u0130N\u0130 S\u00d6YLEM\u0130\u015eT\u0130&#8230;<\/h3>\n<p>Sosyal medya hesab\u0131ndan g\u00f6nderi yay\u0131nlayan \u00c7amk\u0131ran; &#8220;Evim arabam yanm\u0131\u015f. Her \u015feyim k\u00fcl olmu\u015f. Bir telefonum, bir s\u0131rt \u00e7antam ve sa\u011fl\u0131ks\u0131z v\u00fccudumdan ba\u015fka bir \u015feyim kalmad\u0131. Yine s\u0131f\u0131rdan ba\u015flayaca\u011f\u0131z. Neyse ki s\u0131f\u0131r geldi\u011fim yer. Yabanc\u0131l\u0131k \u00e7ekmeyece\u011fim.&#8221; ifadelerini kullanm\u0131\u015ft\u0131..<\/p>\n","protected":false},"excerpt":{"rendered":"<p>Los Angeles&#8217;de \u00e7\u0131kan yang\u0131nda evini kaybeden \u00fcnl\u00fc isim Turabi Camk\u0131ran, yeni hedefi olan \u015fark\u0131c\u0131l\u0131\u011fa soyununca sosyal medya \u00e7alkaland\u0131. Turabi sosyal medya hesab\u0131ndan yeni \u015fark\u0131s\u0131n\u0131 i\u015fte b\u00f6yle duyurdu&#8230;<\/p>\n","protected":false},"author":27,"featured_media":128196,"comment_status":"closed","ping_status":"closed","sticky":false,"template":"","format":"standard","meta":{"rank_math_lock_modified_date":false,"footnotes":""},"categories":[76],"tags":[2366,9613,9548,9566],"class_list":["post-128195","post","type-post","status-publish","format-standard","has-post-thumbnail","hentry","category-magazin","tag-survivor","tag-turabi-camkiran","tag-turabi-camkiran-sarki-cikariyor","tag-turabi-sarki"],"_links":{"self":[{"href":"https:\/\/www.tgrthaber.com\/mavikadin\/wp-json\/wp\/v2\/posts\/128195"}],"collection":[{"href":"https:\/\/www.tgrthaber.com\/mavikadin\/wp-json\/wp\/v2\/posts"}],"about":[{"href":"https:\/\/www.tgrthaber.com\/mavikadin\/wp-json\/wp\/v2\/types\/post"}],"author":[{"embeddable":true,"href":"https:\/\/www.tgrthaber.com\/mavikadin\/wp-json\/wp\/v2\/users\/27"}],"replies":[{"embeddable":true,"href":"https:\/\/www.tgrthaber.com\/mavikadin\/wp-json\/wp\/v2\/comments?post=128195"}],"version-history":[{"count":4,"href":"https:\/\/www.tgrthaber.com\/mavikadin\/wp-json\/wp\/v2\/posts\/128195\/revisions"}],"predecessor-version":[{"id":128201,"href":"https:\/\/www.tgrthaber.com\/mavikadin\/wp-json\/wp\/v2\/posts\/128195\/revisions\/128201"}],"wp:featuredmedia":[{"embeddable":true,"href":"https:\/\/www.tgrthaber.com\/mavikadin\/wp-json\/wp\/v2\/media\/128196"}],"wp:attachment":[{"href":"https:\/\/www.tgrthaber.com\/mavikadin\/wp-json\/wp\/v2\/media?parent=128195"}],"wp:term":[{"taxonomy":"category","embeddable":true,"href":"https:\/\/www.tgrthaber.com\/mavikadin\/wp-json\/wp\/v2\/categories?post=128195"},{"taxonomy":"post_tag","embeddable":true,"href":"https:\/\/www.tgrthaber.com\/mavikadin\/wp-json\/wp\/v2\/tags?post=128195"}],"curies":[{"name":"wp","href":"https:\/\/api.w.org\/{rel}","templated":true}]}}