{"id":128202,"date":"2025-02-01T16:22:07","date_gmt":"2025-02-01T13:22:07","guid":{"rendered":"https:\/\/www.tgrthaber.com\/mavikadin\/?p=128202"},"modified":"2025-02-01T16:22:16","modified_gmt":"2025-02-01T13:22:16","slug":"rafet-el-romandan-14-subat-isyani-kendisinden-24-yas-kucuk-sevgilisi-ile-yolunu-ayirdi","status":"publish","type":"post","link":"https:\/\/www.tgrthaber.com\/mavikadin\/rafet-el-romandan-14-subat-isyani-kendisinden-24-yas-kucuk-sevgilisi-ile-yolunu-ayirdi\/","title":{"rendered":"Rafet El Roman&#8217;dan 14 \u015eubat isyan\u0131! Kendisinden 24 ya\u015f k\u00fc\u00e7\u00fck sevgilisi ile yolunu ay\u0131rd\u0131"},"content":{"rendered":"<p>Magazin g\u00fcndeminde en son bir zamanlar beraber \u00e7al\u0131\u015ft\u0131\u011f\u0131 ve kendisinin sayesinde \u00fcnl\u00fc oldu\u011funu s\u00f6yleyen Yusuf G\u00fcney i\u00e7in Rafet El Roman, \u015fark\u0131 ve a\u00e7\u0131klamalar\u0131n\u0131n yan\u0131 s\u0131ra \u00f6zel hayat\u0131yla da g\u00fcndemden kendini d\u00fc\u015f\u00fcrm\u00fcyor.<\/p>\n<p>Kendisinden 24 ya\u015f k\u00fc\u00e7\u00fck olan k\u0131z arkada\u015f\u0131 ile yollar\u0131n\u0131 ay\u0131rmak durumda kald\u0131\u011f\u0131n\u0131 a\u00e7\u0131klayan \u015fark\u0131c\u0131 El Roman,\u00a0 konu hakk\u0131nda d\u00fc\u015f\u00fcncelerini dile getirdi.<\/p>\n<h3>\u015eARKICI RAFET EL ROMAN 14 \u015eUBAT&#8217;I YALNIZ GE\u00c7\u0130RECEK!<\/h3>\n<p>Kendisinden ya\u015f\u00e7a k\u00fc\u00e7\u00fck olan sevgilisi ile ili\u015fkisini bitirdi\u011fini s\u00f6yleyen \u015fark\u0131c\u0131 Rafet El Roman,\u00a0 \u201c14 \u015eubat\u2019\u0131 sahnede ve yaln\u0131z ge\u00e7irece\u011fim. \u00dczg\u00fcn de\u011filim ama tuhaf. Ben de isterdim sevdi\u011fim kad\u0131na s\u00fcrpriz yap\u0131p hediye almak.\u00a0 Ama \u00e7ok derin a\u015f\u0131k olup tutkuyla ba\u011flanmak da istemiyorum. Art\u0131k keyif adam\u0131 oldum\u201d dedi.<\/p>\n<p><img loading=\"lazy\" decoding=\"async\" class=\"alignnone wp-image-90452\" src=\"https:\/\/www.tgrthaber.com\/mavikadin\/wp-content\/uploads\/rafet-el-roman-dan-sasirtan-aciklama-bilmedigim-bir-cocugum-var-mi-yok-mu-bilmiyorum.jpg\" alt=\"\" width=\"1208\" height=\"679\" title=\"\" srcset=\"https:\/\/www.tgrthaber.com\/mavikadin\/wp-content\/uploads\/rafet-el-roman-dan-sasirtan-aciklama-bilmedigim-bir-cocugum-var-mi-yok-mu-bilmiyorum.jpg 2000w, https:\/\/www.tgrthaber.com\/mavikadin\/wp-content\/uploads\/rafet-el-roman-dan-sasirtan-aciklama-bilmedigim-bir-cocugum-var-mi-yok-mu-bilmiyorum-300x169.jpg 300w, https:\/\/www.tgrthaber.com\/mavikadin\/wp-content\/uploads\/rafet-el-roman-dan-sasirtan-aciklama-bilmedigim-bir-cocugum-var-mi-yok-mu-bilmiyorum-1024x575.jpg 1024w, https:\/\/www.tgrthaber.com\/mavikadin\/wp-content\/uploads\/rafet-el-roman-dan-sasirtan-aciklama-bilmedigim-bir-cocugum-var-mi-yok-mu-bilmiyorum-768x432.jpg 768w, https:\/\/www.tgrthaber.com\/mavikadin\/wp-content\/uploads\/rafet-el-roman-dan-sasirtan-aciklama-bilmedigim-bir-cocugum-var-mi-yok-mu-bilmiyorum-1536x863.jpg 1536w\" sizes=\"(max-width: 1208px) 100vw, 1208px\" \/><\/p>\n<hr \/>\n<p>A\u015fk hayat\u0131nda ba\u015far\u0131s\u0131z olan \u015fark\u0131c\u0131 El Roman s\u00f6zlerine \u015funlar\u0131 da ekledi:<\/p>\n<p>&#8220;A\u015fkla ilgili limitimi doldurdum. Ac\u0131 \u00e7ekmek istemiyorum. Herkesin bu hayatta evlili\u011fi bir kere tatmas\u0131 gerekti\u011fini d\u00fc\u015f\u00fcn\u00fcyorum. Evlili\u011fe kar\u015f\u0131 \u00f6nyarg\u0131l\u0131 de\u011filim. H\u00e2l\u00e2 fl\u00f6rt etmeyi severim. Sosyal medyadan evlilik teklifi al\u0131yorum. Ama ciddiye alm\u0131yorum. Loto oynasam, 6\u2019y\u0131 daha kolay bulurum!&#8221;<\/p>\n<h3>RAFET EL ROMAN&#8217;DAN YUSUF G\u00dcNEY&#8217;E ELE\u015eT\u0130R\u0130!<\/h3>\n<p>2008 y\u0131l\u0131nda beraber yapt\u0131klar\u0131 d\u00fcetle sesini duyuran \u015fark\u0131c\u0131 Yusuf G\u00fcney i\u00e7in El Roman, \u201cBin takla att\u0131 bana ula\u015fmak i\u00e7in. Kulisime geldi, \u2018Abi bir \u015fark\u0131 yazd\u0131m, dinler misin?\u2019 dedi. \u015eark\u0131y\u0131 s\u00f6yledi, \u015fa\u015f\u0131rd\u0131m kald\u0131m.<\/p>\n<p><img loading=\"lazy\" decoding=\"async\" class=\"alignnone wp-image-128208\" src=\"https:\/\/www.tgrthaber.com\/mavikadin\/wp-content\/uploads\/gfgg-2.png\" alt=\"\" width=\"1208\" height=\"658\" title=\"\" srcset=\"https:\/\/www.tgrthaber.com\/mavikadin\/wp-content\/uploads\/gfgg-2.png 913w, https:\/\/www.tgrthaber.com\/mavikadin\/wp-content\/uploads\/gfgg-2-300x163.png 300w, https:\/\/www.tgrthaber.com\/mavikadin\/wp-content\/uploads\/gfgg-2-768x418.png 768w\" sizes=\"(max-width: 1208px) 100vw, 1208px\" \/><\/p>\n<hr \/>\n<p>\u2018Ne i\u015f yap\u0131yorsun?\u2019 deyince \u2018D\u00f6nerciyim\u2019 dedi. \u2018\u015eark\u0131y\u0131 beraber okuyal\u0131m, sen de ad\u0131m at m\u00fczik piyasas\u0131na\u2019 dedim. 5 y\u0131l kontratl\u0131 devam ettik. 1.5 milyon dolar kazand\u0131k sayesinde.\u201d ifadesinde bulunmu\u015ftu.<\/p>\n<p>Ayr\u0131ca \u015fark\u0131c\u0131 G\u00fcney\u2019in \u015f\u00f6hreti kald\u0131ramad\u0131\u011f\u0131n\u0131 d\u00fc\u015f\u00fcnen Roman, \u201cTan\u0131nmaya ba\u015flay\u0131nca \u00f6fke kontrol\u00fc sorunu ya\u015fad\u0131. Ben teknolojiye ve fizi\u011fe inan\u0131yorum, \u00f6yle uzayl\u0131lara filan inanmam. Yusuf\u2019a tavsiyem; madem uzayl\u0131larla ha\u015fir ne\u015fir oluyor, oradan yeni bir \u015fark\u0131 bulsun getirsin de m\u00fczi\u011fe d\u00f6ns\u00fcn. Umar\u0131m do\u011fru yolu bulur.\u201d tavsiyesinde bulunmu\u015ftu.<\/p>\n","protected":false},"excerpt":{"rendered":"<p>Kendisinden 24 ya\u015f k\u00fc\u00e7\u00fck sevgilisi ile yollar\u0131n\u0131 ay\u0131rd\u0131\u011f\u0131 i\u00e7in \u00fczg\u00fcnl\u00fc\u011f\u00fcn\u00fc dile getiren \u015fark\u0131c\u0131 Rafet El Roman, 14 \u015fubat\u0131 tek ba\u015f\u0131na ge\u00e7irece\u011fini s\u00f6yledi.<\/p>\n","protected":false},"author":27,"featured_media":128210,"comment_status":"closed","ping_status":"closed","sticky":false,"template":"","format":"standard","meta":{"rank_math_lock_modified_date":false,"footnotes":""},"categories":[76],"tags":[133,4955,4954],"class_list":["post-128202","post","type-post","status-publish","format-standard","has-post-thumbnail","hentry","category-magazin","tag-magazin","tag-rafet-el-roman","tag-yusuf-guney"],"_links":{"self":[{"href":"https:\/\/www.tgrthaber.com\/mavikadin\/wp-json\/wp\/v2\/posts\/128202"}],"collection":[{"href":"https:\/\/www.tgrthaber.com\/mavikadin\/wp-json\/wp\/v2\/posts"}],"about":[{"href":"https:\/\/www.tgrthaber.com\/mavikadin\/wp-json\/wp\/v2\/types\/post"}],"author":[{"embeddable":true,"href":"https:\/\/www.tgrthaber.com\/mavikadin\/wp-json\/wp\/v2\/users\/27"}],"replies":[{"embeddable":true,"href":"https:\/\/www.tgrthaber.com\/mavikadin\/wp-json\/wp\/v2\/comments?post=128202"}],"version-history":[{"count":3,"href":"https:\/\/www.tgrthaber.com\/mavikadin\/wp-json\/wp\/v2\/posts\/128202\/revisions"}],"predecessor-version":[{"id":128213,"href":"https:\/\/www.tgrthaber.com\/mavikadin\/wp-json\/wp\/v2\/posts\/128202\/revisions\/128213"}],"wp:featuredmedia":[{"embeddable":true,"href":"https:\/\/www.tgrthaber.com\/mavikadin\/wp-json\/wp\/v2\/media\/128210"}],"wp:attachment":[{"href":"https:\/\/www.tgrthaber.com\/mavikadin\/wp-json\/wp\/v2\/media?parent=128202"}],"wp:term":[{"taxonomy":"category","embeddable":true,"href":"https:\/\/www.tgrthaber.com\/mavikadin\/wp-json\/wp\/v2\/categories?post=128202"},{"taxonomy":"post_tag","embeddable":true,"href":"https:\/\/www.tgrthaber.com\/mavikadin\/wp-json\/wp\/v2\/tags?post=128202"}],"curies":[{"name":"wp","href":"https:\/\/api.w.org\/{rel}","templated":true}]}}