{"id":128214,"date":"2025-02-01T16:54:20","date_gmt":"2025-02-01T13:54:20","guid":{"rendered":"https:\/\/www.tgrthaber.com\/mavikadin\/?p=128214"},"modified":"2025-02-01T18:06:23","modified_gmt":"2025-02-01T15:06:23","slug":"umut-akyurek-yillar-sonra-ferdi-tayfur-ile-anisini-anlatti-yuce-gonullu-bir-insan-oldugunu-herkes-gorsun","status":"publish","type":"post","link":"https:\/\/www.tgrthaber.com\/mavikadin\/umut-akyurek-yillar-sonra-ferdi-tayfur-ile-anisini-anlatti-yuce-gonullu-bir-insan-oldugunu-herkes-gorsun\/","title":{"rendered":"Umut Aky\u00fcrek, Ferdi Tayfur ile an\u0131s\u0131n\u0131 anlatt\u0131: Y\u00fcce g\u00f6n\u00fcll\u00fc bir insan oldu\u011funu herkes g\u00f6rs\u00fcn"},"content":{"rendered":"<p>Tam bir ay \u00f6nce b\u00f6brek ve karaci\u011fer yetmezli\u011fi sebebi ile hayata g\u00f6zlerini yuman usta sanat\u00e7\u0131 Ferdi Tayfur&#8217;un \u00f6l\u00fcm\u00fc herkesi derin bir yasa bo\u011fmu\u015ftu.<\/p>\n<p>\u00d6l\u00fcm\u00fcnden bu yana hala gerek dizilerde \u015fark\u0131lar\u0131 ile gerek de usta sanat\u00e7\u0131ya hitaben yap\u0131lan payla\u015f\u0131mlarla g\u00fcndemde olan Ferdi Tayfur i\u00e7in \u00fcnl\u00fc \u015fark\u0131c\u0131 Umut Aky\u00fcrek de sosyal medya hesab\u0131ndan payla\u015f\u0131mda bulundu.<\/p>\n<h3>MERHUM SANAT\u00c7ININ KL\u0130B\u0130NDE OYNAYAN \u015eARKICI UMUT AKY\u00dcREK&#8217;TEN FERD\u0130 TAYFUR PAYLA\u015eIMI<\/h3>\n<p>\u00dcnl\u00fc \u015fark\u0131c\u0131 Umut Aky\u00fcrek Instagram hesab\u0131ndan yay\u0131nlad\u0131\u011f\u0131 payla\u015f\u0131m\u0131na, &#8220;Ne kadar y\u00fcce g\u00f6n\u00fcll\u00fc bir insan oldu\u011funu herkes bir kere daha g\u00f6rs\u00fcn&#8221; notunu d\u00fc\u015ferek hayranlar\u0131n\u0131 1994 y\u0131l\u0131na g\u00f6t\u00fcrd\u00fc.<\/p>\n<p><img loading=\"lazy\" decoding=\"async\" class=\"alignnone wp-image-57289\" src=\"https:\/\/www.tgrthaber.com\/mavikadin\/wp-content\/uploads\/2024\/09\/umut-akyurek-bambaska-biri-oldu-degisimiyle-agizlari-acikta-birakti.jpg\" alt=\"\" width=\"1208\" height=\"634\" title=\"\" srcset=\"https:\/\/www.tgrthaber.com\/mavikadin\/wp-content\/uploads\/2024\/09\/umut-akyurek-bambaska-biri-oldu-degisimiyle-agizlari-acikta-birakti.jpg 1200w, https:\/\/www.tgrthaber.com\/mavikadin\/wp-content\/uploads\/2024\/09\/umut-akyurek-bambaska-biri-oldu-degisimiyle-agizlari-acikta-birakti-300x158.jpg 300w, https:\/\/www.tgrthaber.com\/mavikadin\/wp-content\/uploads\/2024\/09\/umut-akyurek-bambaska-biri-oldu-degisimiyle-agizlari-acikta-birakti-1024x538.jpg 1024w, https:\/\/www.tgrthaber.com\/mavikadin\/wp-content\/uploads\/2024\/09\/umut-akyurek-bambaska-biri-oldu-degisimiyle-agizlari-acikta-birakti-768x403.jpg 768w, https:\/\/www.tgrthaber.com\/mavikadin\/wp-content\/uploads\/2024\/09\/umut-akyurek-bambaska-biri-oldu-degisimiyle-agizlari-acikta-birakti-571x300.jpg 571w, https:\/\/www.tgrthaber.com\/mavikadin\/wp-content\/uploads\/2024\/09\/umut-akyurek-bambaska-biri-oldu-degisimiyle-agizlari-acikta-birakti-600x315.jpg 600w, https:\/\/www.tgrthaber.com\/mavikadin\/wp-content\/uploads\/2024\/09\/umut-akyurek-bambaska-biri-oldu-degisimiyle-agizlari-acikta-birakti-30x16.jpg 30w, https:\/\/www.tgrthaber.com\/mavikadin\/wp-content\/uploads\/2024\/09\/umut-akyurek-bambaska-biri-oldu-degisimiyle-agizlari-acikta-birakti-19x10.jpg 19w\" sizes=\"(max-width: 1208px) 100vw, 1208px\" \/><\/p>\n<hr \/>\n<p>Milyonlarca hayran\u0131 olarak arabeskin kral\u0131 olarak an\u0131lan merhum sanat\u00e7\u0131 Ferdi Tayfur&#8217;un unutulmaz konserinde gen\u00e7lere destek oldu\u011funun alt\u0131n\u0131 \u00e7izen \u015fark\u0131c\u0131 Umut Aky\u00fcrek, sahneye \u00e7\u0131kt\u0131\u011f\u0131 an\u0131 takip\u00e7ileri ile yay\u0131nlad\u0131.<\/p>\n<h3>\u015eARKICI UMUT AKY\u00dcREK&#8217;DEN \u00c7OK KIYMETL\u0130 FERD\u0130 TAYFUR ANISI!<\/h3>\n<p>Fadimenin D\u00fc\u011f\u00fcn\u00fc&#8217;n\u00fcn klibinde &#8216;Fadime&#8217;yi oynayan ve usta sanat\u00e7\u0131 Ferdi Tayfur&#8217;u her zaman sevdi\u011finden bahseden \u015fark\u0131c\u0131 Aky\u00fcrek, payla\u015f\u0131m\u0131nda \u015fu ifadelere yer verdi:<\/p>\n<p>&#8220;Sene 1994. Ferdi abinin o me\u015fhur h\u0131nca h\u0131n\u00e7 dolu G\u00fclhane konseri. Sahneye 20 ya\u015f\u0131ndaki Umut&#8217;u davet ediyor, gen\u00e7lere destek olan, payla\u015fmay\u0131 bilen, egosunun nefsinin firavunu olmayan bence tek sanat\u00e7\u0131yd\u0131. Ne kadar y\u00fcce g\u00f6n\u00fcll\u00fc bir insan oldu\u011funu herkes bir kere daha g\u00f6rs\u00fcn. O zaman bana kendi eserlerinden olu\u015fan bir kaset yapm\u0131\u015ft\u0131.<\/p>\n<p>\u0130\u00e7im yanar, neyleyim sen yoksan e\u011fer, hay\u0131rs\u0131z ve nicelerinden olu\u015fan. Kapak foto\u011fraflar\u0131 bile \u00e7ekilmi\u015fti. Ama benim i\u00e7imde bir huzursuzluk vard\u0131 zira \u0130T\u00dc T\u00fcrk m\u00fczi\u011fi konservatuvar \u00f6\u011frencisi olarak arabesk bir alb\u00fcmle \u00e7\u0131k\u0131\u015f yapmak i\u00e7ime sinmiyordu.<\/p>\n<p>Utana s\u0131k\u0131la bu durumu Ferdi abime anlatt\u0131m. O kadar anlay\u0131\u015fla kar\u015f\u0131lad\u0131 ki ne k\u0131r\u0131ld\u0131, ne k\u00fcst\u00fc hatta vokalistli\u011fine devam ettim. \u00c7ok de\u011ferli bir an\u0131.&#8221;<\/p>\n","protected":false},"excerpt":{"rendered":"<p>\u015eark\u0131c\u0131 Umut Aky\u00fcrek, vefat eden usta sanat\u00e7\u0131 Ferdi Tayfur ile ya\u015fad\u0131\u011f\u0131 \u00e7ok de\u011ferli bir hat\u0131radan bahsetti.<\/p>\n","protected":false},"author":27,"featured_media":128224,"comment_status":"closed","ping_status":"closed","sticky":false,"template":"","format":"standard","meta":{"rank_math_lock_modified_date":false,"footnotes":""},"categories":[76],"tags":[4326,133,2417],"class_list":["post-128214","post","type-post","status-publish","format-standard","has-post-thumbnail","hentry","category-magazin","tag-ferdi-tayfur","tag-magazin","tag-umut-akyurek"],"_links":{"self":[{"href":"https:\/\/www.tgrthaber.com\/mavikadin\/wp-json\/wp\/v2\/posts\/128214"}],"collection":[{"href":"https:\/\/www.tgrthaber.com\/mavikadin\/wp-json\/wp\/v2\/posts"}],"about":[{"href":"https:\/\/www.tgrthaber.com\/mavikadin\/wp-json\/wp\/v2\/types\/post"}],"author":[{"embeddable":true,"href":"https:\/\/www.tgrthaber.com\/mavikadin\/wp-json\/wp\/v2\/users\/27"}],"replies":[{"embeddable":true,"href":"https:\/\/www.tgrthaber.com\/mavikadin\/wp-json\/wp\/v2\/comments?post=128214"}],"version-history":[{"count":3,"href":"https:\/\/www.tgrthaber.com\/mavikadin\/wp-json\/wp\/v2\/posts\/128214\/revisions"}],"predecessor-version":[{"id":128228,"href":"https:\/\/www.tgrthaber.com\/mavikadin\/wp-json\/wp\/v2\/posts\/128214\/revisions\/128228"}],"wp:featuredmedia":[{"embeddable":true,"href":"https:\/\/www.tgrthaber.com\/mavikadin\/wp-json\/wp\/v2\/media\/128224"}],"wp:attachment":[{"href":"https:\/\/www.tgrthaber.com\/mavikadin\/wp-json\/wp\/v2\/media?parent=128214"}],"wp:term":[{"taxonomy":"category","embeddable":true,"href":"https:\/\/www.tgrthaber.com\/mavikadin\/wp-json\/wp\/v2\/categories?post=128214"},{"taxonomy":"post_tag","embeddable":true,"href":"https:\/\/www.tgrthaber.com\/mavikadin\/wp-json\/wp\/v2\/tags?post=128214"}],"curies":[{"name":"wp","href":"https:\/\/api.w.org\/{rel}","templated":true}]}}