{"id":128245,"date":"2025-02-01T17:56:25","date_gmt":"2025-02-01T14:56:25","guid":{"rendered":"https:\/\/www.tgrthaber.com\/mavikadin\/?p=128245"},"modified":"2025-02-01T17:56:58","modified_gmt":"2025-02-01T14:56:58","slug":"esref-ruya-dizisinde-sok-eden-ayrilik-deniz-hamzaoglunun-ayrilma-nedeni-belli-oldu","status":"publish","type":"post","link":"https:\/\/www.tgrthaber.com\/mavikadin\/esref-ruya-dizisinde-sok-eden-ayrilik-deniz-hamzaoglunun-ayrilma-nedeni-belli-oldu\/","title":{"rendered":"E\u015fref R\u00fcya dizisinde \u015fok eden ayr\u0131l\u0131k! Deniz Hamzao\u011flu\u2019nun ayr\u0131lma nedeni belli oldu!"},"content":{"rendered":"<p>E\u015fref R\u00fcya dizisi g\u00fc\u00e7l\u00fc oyuncu kadrosuyla ekranlara \u00e7\u0131kmaya haz\u0131rlan\u0131rken \u015fok eden bir ayr\u0131l\u0131k ya\u015fand\u0131. Dizinin sete \u00e7\u0131kmas\u0131 i\u00e7in haz\u0131rl\u0131klar\u0131 devam ederken, E\u015fref R\u00fcya\u2019da \u2018M\u00fcsl\u00fcm\u2019 rol\u00fcn\u00fc oynamaktan vazge\u00e7ti. Yap\u0131m ekibi ile yapt\u0131\u011f\u0131 anla\u015fma \u015fartlar\u0131nda anla\u015famayan Deniz Hamzao\u011flu, \u00e7ekimler ba\u015flamadan ekipten ayr\u0131ld\u0131. Peki, E\u015fref R\u00fcya dizisi M\u00fcsl\u00fcm rol\u00fcn\u00fc kim oynayacak? Hangi sanat\u00e7\u0131 ile anla\u015fma sa\u011flanacak?<\/p>\n<h3>E\u015eREF R\u00dcYA PROVALARI BA\u015eLAYACAKTI<\/h3>\n<p>Demet \u00d6zdemir, \u00c7a\u011fatay Ulusoy, B\u00fc\u015fra Develi ve Necip Memili gibi \u00fcnl\u00fc oyuncular\u0131n yer ald\u0131\u011f\u0131 E\u015fref R\u00fcya dizisinin 4 \u015eubat\u2019ta senaryo okuma provalar\u0131 ba\u015flayacak. Okuma provalar\u0131n\u0131n s\u00fcresi 6 \u015eubat\u2019ta kadar devam etmesi planlan\u0131yor. 2025 y\u0131l\u0131n\u0131n en iddial\u0131 dizileri aras\u0131nda yer almaya haz\u0131rlanan E\u015fref R\u00fcya dizisinde provalar\u0131n \u00f6ncesinde beklenmeyen bir ayr\u0131l\u0131k ya\u015fand\u0131. M\u00fcsl\u00fcm, karakterini oynayacak olan Deniz Hamzao\u011flu\u2019nun ekipten ayr\u0131ld\u0131\u011f\u0131 haberi geldi.<\/p>\n<p><img loading=\"lazy\" decoding=\"async\" class=\"alignnone wp-image-128246\" src=\"https:\/\/www.tgrthaber.com\/mavikadin\/wp-content\/uploads\/deniz-hamzaoglu-esref-ruya-300x169.jpg\" alt=\"deniz hamzao\u011flu e\u015fref r\u00fcya\" width=\"1208\" height=\"680\" title=\"\" srcset=\"https:\/\/www.tgrthaber.com\/mavikadin\/wp-content\/uploads\/deniz-hamzaoglu-esref-ruya-300x169.jpg 300w, https:\/\/www.tgrthaber.com\/mavikadin\/wp-content\/uploads\/deniz-hamzaoglu-esref-ruya-1024x576.jpg 1024w, https:\/\/www.tgrthaber.com\/mavikadin\/wp-content\/uploads\/deniz-hamzaoglu-esref-ruya-768x432.jpg 768w, https:\/\/www.tgrthaber.com\/mavikadin\/wp-content\/uploads\/deniz-hamzaoglu-esref-ruya-1536x864.jpg 1536w, https:\/\/www.tgrthaber.com\/mavikadin\/wp-content\/uploads\/deniz-hamzaoglu-esref-ruya.jpg 1920w\" sizes=\"(max-width: 1208px) 100vw, 1208px\" \/><\/p>\n<hr \/>\n<h3>DEN\u0130Z HAMZAO\u011eLU D\u0130Z\u0130DEN AYRILMA KARARI ALDI<\/h3>\n<p>Kalpazan dizisinde Bayram karakterini oynayan Deniz Hamzao\u011flu, yap\u0131m\u0131n final yapmas\u0131 ard\u0131ndan bir\u00e7ok projeden teklif gelmeye ba\u015flad\u0131. Hamzao\u011flu\u2019na gelen teklifler aras\u0131nda TRT\u2019nin tabii platformunda yay\u0131nlanmas\u0131 planlanan Kardan Ayd\u0131nl\u0131k dizisini anla\u015ft\u0131. Dijital platformunda yay\u0131nlanacak olan dizinin yan\u0131 s\u0131ra Kanal D\u2019de yay\u0131nlanmas\u0131 kararla\u015ft\u0131r\u0131lan E\u015fref R\u00fcya dizisinin ekibinde olmak i\u00e7in anla\u015fma sa\u011flanm\u0131\u015ft\u0131. Birsen Altunta\u015f\u2019\u0131n haberine g\u00f6re Deniz Hamzao\u011flu, E\u015fref R\u00fcya dizisinin yap\u0131m ekibi ile konu\u015ftuklar\u0131 s\u00f6zle\u015fme \u015fartlar\u0131nda anla\u015f\u0131lmay\u0131nca ayr\u0131lma karar\u0131 ald\u0131.<\/p>\n<p><img loading=\"lazy\" decoding=\"async\" class=\"alignnone wp-image-128248\" src=\"https:\/\/www.tgrthaber.com\/mavikadin\/wp-content\/uploads\/esref-ruya-deniz-hamzaoglu-300x169.jpg\" alt=\"e\u015fref r\u00fcya deniz hamzao\u011flu\" width=\"1208\" height=\"680\" title=\"\" srcset=\"https:\/\/www.tgrthaber.com\/mavikadin\/wp-content\/uploads\/esref-ruya-deniz-hamzaoglu-300x169.jpg 300w, https:\/\/www.tgrthaber.com\/mavikadin\/wp-content\/uploads\/esref-ruya-deniz-hamzaoglu-1024x576.jpg 1024w, https:\/\/www.tgrthaber.com\/mavikadin\/wp-content\/uploads\/esref-ruya-deniz-hamzaoglu-768x432.jpg 768w, https:\/\/www.tgrthaber.com\/mavikadin\/wp-content\/uploads\/esref-ruya-deniz-hamzaoglu-1536x864.jpg 1536w, https:\/\/www.tgrthaber.com\/mavikadin\/wp-content\/uploads\/esref-ruya-deniz-hamzaoglu.jpg 1920w\" sizes=\"(max-width: 1208px) 100vw, 1208px\" \/><\/p>\n<hr \/>\n<h3>E\u015eREF R\u00dcYA D\u0130Z\u0130S\u0130 NE ZAMAN YAYINLANACAK?<\/h3>\n<p>Senaryosunu Ethem \u00d6z\u0131\u015f\u0131k\u2019\u0131n yazd\u0131\u011f\u0131, Ulu\u00e7 Bayraktar\u2019\u0131n y\u00f6netmen koltu\u011funa oturaca\u011f\u0131 E\u015fref R\u00fcya dizisinin ne zaman yay\u0131nlanaca\u011f\u0131 konusunda herhangi bir bilgi bulunmamaktad\u0131r. Dizinin prova sonras\u0131 yap\u0131lacak olan \u00e7ekimlerinin ard\u0131ndan Kanal D \u2018de ne zaman ba\u015flayaca\u011f\u0131 belli olacakt\u0131r.<\/p>\n","protected":false},"excerpt":{"rendered":"<p>Ba\u015frollerini Demet \u00d6zdemir ve \u00c7a\u011fatay Ulusoy\u2019un ald\u0131\u011f\u0131 E\u015fref Pa\u015fa dizisinden beklenmeyen bir ayr\u0131l\u0131k ya\u015fand\u0131. Dizi ekibi sete \u00e7\u0131kmadan s\u00f6zle\u015fmeden anla\u015famayan Deniz Hamzao\u011flu, E\u015fref R\u00fcya ekibinden ayr\u0131lma karar\u0131 ald\u0131. <\/p>\n","protected":false},"author":10,"featured_media":128249,"comment_status":"closed","ping_status":"closed","sticky":false,"template":"","format":"standard","meta":{"rank_math_lock_modified_date":false,"footnotes":""},"categories":[602],"tags":[9621,4756,9620],"class_list":["post-128245","post","type-post","status-publish","format-standard","has-post-thumbnail","hentry","category-diziler","tag-deniz-hamzaoglu","tag-esref-ruya-dizisi","tag-esref-ruya-dizisi-ayrilik"],"_links":{"self":[{"href":"https:\/\/www.tgrthaber.com\/mavikadin\/wp-json\/wp\/v2\/posts\/128245"}],"collection":[{"href":"https:\/\/www.tgrthaber.com\/mavikadin\/wp-json\/wp\/v2\/posts"}],"about":[{"href":"https:\/\/www.tgrthaber.com\/mavikadin\/wp-json\/wp\/v2\/types\/post"}],"author":[{"embeddable":true,"href":"https:\/\/www.tgrthaber.com\/mavikadin\/wp-json\/wp\/v2\/users\/10"}],"replies":[{"embeddable":true,"href":"https:\/\/www.tgrthaber.com\/mavikadin\/wp-json\/wp\/v2\/comments?post=128245"}],"version-history":[{"count":1,"href":"https:\/\/www.tgrthaber.com\/mavikadin\/wp-json\/wp\/v2\/posts\/128245\/revisions"}],"predecessor-version":[{"id":128251,"href":"https:\/\/www.tgrthaber.com\/mavikadin\/wp-json\/wp\/v2\/posts\/128245\/revisions\/128251"}],"wp:featuredmedia":[{"embeddable":true,"href":"https:\/\/www.tgrthaber.com\/mavikadin\/wp-json\/wp\/v2\/media\/128249"}],"wp:attachment":[{"href":"https:\/\/www.tgrthaber.com\/mavikadin\/wp-json\/wp\/v2\/media?parent=128245"}],"wp:term":[{"taxonomy":"category","embeddable":true,"href":"https:\/\/www.tgrthaber.com\/mavikadin\/wp-json\/wp\/v2\/categories?post=128245"},{"taxonomy":"post_tag","embeddable":true,"href":"https:\/\/www.tgrthaber.com\/mavikadin\/wp-json\/wp\/v2\/tags?post=128245"}],"curies":[{"name":"wp","href":"https:\/\/api.w.org\/{rel}","templated":true}]}}