{"id":128288,"date":"2025-02-01T22:13:40","date_gmt":"2025-02-01T19:13:40","guid":{"rendered":"https:\/\/www.tgrthaber.com\/mavikadin\/?p=128288"},"modified":"2025-02-01T22:13:40","modified_gmt":"2025-02-01T19:13:40","slug":"gonul-dagi-dizisinin-164-bolumunde-muzik-soleni-yasanacak-zumre-megreliden-muzik-ziyafeti","status":"publish","type":"post","link":"https:\/\/www.tgrthaber.com\/mavikadin\/gonul-dagi-dizisinin-164-bolumunde-muzik-soleni-yasanacak-zumre-megreliden-muzik-ziyafeti\/","title":{"rendered":"G\u00f6n\u00fcl Da\u011f\u0131 dizisinin 164. B\u00f6l\u00fcm\u00fcnde m\u00fczik \u015f\u00f6leni ya\u015fanacak! Z\u00fcmre Me\u011freli\u2019den m\u00fczik ziyafeti!"},"content":{"rendered":"<p>Her b\u00f6l\u00fcm\u00fcyle izleyenleri hem h\u00fcz\u00fcnlendiren hem de tebess\u00fcm ettiren G\u00f6n\u00fcl Da\u011f\u0131 dizisi Cumartesi ak\u015famlar\u0131na damga vurmaya devam ediyor. TRT 1\u2019de saat 20:00\u2019da ekranlara gelen G\u00f6n\u00fcl Da\u011f\u0131 dizisi 164. B\u00f6l\u00fcm\u00fcnde Bozk\u0131r\u0131n tezenesi Ne\u015fet Erta\u015f \u015fark\u0131s\u0131na yer verecek. Ekranlara gelecek yeni b\u00f6l\u00fcmde Ne\u015fet Erta\u015f\u2019\u0131n \u015fark\u0131s\u0131n\u0131 ba\u011flamada Engin Arslan, klarnette Semih Ert\u00fcrk e\u015fli\u011finde Z\u00fcmre Me\u011freli\u2019den keyifli bir dinleme sunacak.<\/p>\n<h3>\u201cORTA ANADOLU M\u00dcZ\u0130K K\u00dcLT\u00dcR\u00dcNDEN ES\u0130NLEN\u0130YORUZ\u2026\u201d<\/h3>\n<p>Orta Anadolu\u2019nun hikayesini anlatan G\u00f6n\u00fcl Da\u011f\u0131 dizisi her hafta \u201cBozk\u0131r\u0131n Tezenesi\u201d olarak nitelendirilen Ne\u015fet Erta\u015f\u2019\u0131n \u015fark\u0131lar\u0131na yer veriyor. Her b\u00f6l\u00fcm\u00fcnde seslendiren Ne\u015fet Erta\u015f t\u00fcrk\u00fcleri sosyal medyada izlenme rekorlar\u0131 k\u0131rmaya devam ediyor. G\u00f6n\u00fcl Da\u011f\u0131 m\u00fcziklerini haz\u0131rlayan Engin Arslan sosyal medyada be\u011feni ya\u011fmuruna tutulan G\u00f6n\u00fcl Da\u011f\u0131 dizisinin m\u00fczikleri i\u00e7in \u015funlar\u0131 s\u00f6yledi. Engin Arslan, \u201c Hepimizin kendimizden bir \u015feyler buldu\u011fu G\u00f6n\u00fcl Da\u011f\u0131, m\u00fczikleriyle birle\u015fince ortaya \u00e7ok i\u00e7ten, samimi ve duygu dolu bir dizi \u00e7\u0131k\u0131yor. M\u00fczikleri, 2 m\u00fczisyen arkada\u015f\u0131mla birlikte yap\u0131yoruz. Murat Ba\u015faran (Mayki), Sunay \u00d6zg\u00fcr\u2019le birlikte her b\u00f6l\u00fcm i\u00e7in Orta Anadolu m\u00fczik k\u00fclt\u00fcr\u00fcnden esinlenerek olu\u015fturdu\u011fumuz temalar dizimizin ilgi oda\u011f\u0131 oluyor. \u201c diyerek dizinin m\u00fcziklerinin olu\u015fma a\u015famas\u0131n\u0131 a\u00e7\u0131klad\u0131.<\/p>\n<p><img loading=\"lazy\" decoding=\"async\" class=\"alignnone wp-image-128290\" src=\"https:\/\/www.tgrthaber.com\/mavikadin\/wp-content\/uploads\/gonul-dagi-dizisi-164-bolum-300x169.jpg\" alt=\"g\u00f6n\u00fcl da\u011f\u0131 dizisi 164 b\u00f6l\u00fcm\" width=\"1208\" height=\"680\" title=\"\" srcset=\"https:\/\/www.tgrthaber.com\/mavikadin\/wp-content\/uploads\/gonul-dagi-dizisi-164-bolum-300x169.jpg 300w, https:\/\/www.tgrthaber.com\/mavikadin\/wp-content\/uploads\/gonul-dagi-dizisi-164-bolum-1024x576.jpg 1024w, https:\/\/www.tgrthaber.com\/mavikadin\/wp-content\/uploads\/gonul-dagi-dizisi-164-bolum-768x432.jpg 768w, https:\/\/www.tgrthaber.com\/mavikadin\/wp-content\/uploads\/gonul-dagi-dizisi-164-bolum-1536x864.jpg 1536w, https:\/\/www.tgrthaber.com\/mavikadin\/wp-content\/uploads\/gonul-dagi-dizisi-164-bolum.jpg 1920w\" sizes=\"(max-width: 1208px) 100vw, 1208px\" \/><\/p>\n<hr \/>\n<h3>\u201cG\u00d6N\u00dcL DA\u011eI\u2019NDAK\u0130 M\u00dcZ\u0130SYEN OYUNCULAR \u00c7OK BA\u015eARILI\u2026\u201d<\/h3>\n<p>G\u00f6n\u00fcl Da\u011f\u0131 dizisinin bu kadar \u00e7ok sevilmesi ve geni\u015f kitleye ula\u015fmas\u0131n\u0131n ard\u0131ndaki s\u0131rr\u0131 s\u00f6yleyen Engin Arslan, dizinin oyuncular\u0131n\u0131n yap\u0131ma olan katk\u0131lar\u0131n\u0131 a\u00e7\u0131klad\u0131. Arslan, \u201cG\u00f6n\u00fcl Da\u011f\u0131\u2019n\u0131n bir ba\u015fka \u00f6nemli \u00f6zelli\u011fi ise m\u00fczisyen oyuncu kadrosudur. \u00d6yk\u00fc G\u00fcrman, Eser Ey\u00fcbo\u011flu, Hazal \u00c7a\u011flar, muhte\u015fem oyunculuklar\u0131n\u0131n yan\u0131 s\u0131ra billur gibi sesleri ve yorumlar\u0131yla b\u00fcy\u00fck ilgi g\u00f6r\u00fcyor. Dizimizin 164. B\u00f6l\u00fcm\u00fcnde izleyenlerin be\u011fenisini toplayacak bir sahnemiz var ki burada da Elif (Z\u00fcmre Me\u011freli) m\u00fckemmel performans\u0131 ile izleyenlerden tam not alacak. Veysel (Semih Ert\u00fcrk) klarnet \u00e7alacak, ba\u011flamada ben var\u0131m. Z\u00fcmre Me\u011freli, \u201cG\u00f6ky\u00fcz\u00fcnde T\u00fcten Olsam\u201d t\u00fcrk\u00fcs\u00fcn\u00fc ba\u015far\u0131yla seslendirdi. Sanat\u00e7\u0131, sesinin g\u00fczelli\u011finin yan\u0131s\u0131ra okudu\u011fu esere de ruh kat\u0131yor. 5.sezondur dizimizde bir\u00e7ok b\u00f6l\u00fcmde Anadolu ezgilerini seslendiren Eser Ey\u00fcbo\u011flu, \u00d6yk\u00fc G\u00fcrman ve Hazal \u00c7a\u011flar da ba\u015far\u0131l\u0131 yorumlar\u0131yla izleyicilerin takdirlerini toplad\u0131lar.\u201d diyerek dizinin m\u00fcziklerinin sosyal medyada pop\u00fcler olma sebeplerinden birini daha a\u00e7\u0131klam\u0131\u015f oldu.<\/p>\n<p><img loading=\"lazy\" decoding=\"async\" class=\"alignnone wp-image-128289\" src=\"https:\/\/www.tgrthaber.com\/mavikadin\/wp-content\/uploads\/Gonul-Dagi-dizisinin-164.-Bolumunde-muzik-soleni-yasanacak-300x169.jpg\" alt=\"G\u00f6n\u00fcl Da\u011f\u0131 dizisinin 164. B\u00f6l\u00fcm\u00fcnde m\u00fczik \u015f\u00f6leni ya\u015fanacak!\" width=\"1208\" height=\"680\" title=\"\" srcset=\"https:\/\/www.tgrthaber.com\/mavikadin\/wp-content\/uploads\/Gonul-Dagi-dizisinin-164.-Bolumunde-muzik-soleni-yasanacak-300x169.jpg 300w, https:\/\/www.tgrthaber.com\/mavikadin\/wp-content\/uploads\/Gonul-Dagi-dizisinin-164.-Bolumunde-muzik-soleni-yasanacak-1024x576.jpg 1024w, https:\/\/www.tgrthaber.com\/mavikadin\/wp-content\/uploads\/Gonul-Dagi-dizisinin-164.-Bolumunde-muzik-soleni-yasanacak-768x432.jpg 768w, https:\/\/www.tgrthaber.com\/mavikadin\/wp-content\/uploads\/Gonul-Dagi-dizisinin-164.-Bolumunde-muzik-soleni-yasanacak-1536x864.jpg 1536w, https:\/\/www.tgrthaber.com\/mavikadin\/wp-content\/uploads\/Gonul-Dagi-dizisinin-164.-Bolumunde-muzik-soleni-yasanacak.jpg 1920w\" sizes=\"(max-width: 1208px) 100vw, 1208px\" \/><\/p>\n<hr \/>\n<h3>\u201cNE\u015eET ERTA\u015e, G\u00d6N\u00dcL DA\u011eI\u2019NIN OLMAZSA OLMAZIDIR\u2026\u201d<\/h3>\n<p>G\u00f6n\u00fcl Da\u011f\u0131 dizisinin bozk\u0131r topraklar\u0131nda anlat\u0131lan hik\u00e2yeyle Ne\u015fet Erta\u015f\u2019\u0131n \u015fark\u0131lar\u0131 tam bir b\u00fct\u00fcnl\u00fck yakal\u0131yor. G\u00f6n\u00fcl Da\u011f\u0131 dizisinde ya\u015fan\u0131lan her duygu durumuna uyan Ne\u015fet Erta\u015f \u015fark\u0131lar\u0131, 5. Sezondur yap\u0131m\u0131n vazge\u00e7ilmezi haline geldi. Engin Arslan, \u201cOrta Anadolu m\u00fczik k\u00fclt\u00fcr\u00fcn\u00fcn \u00e7\u0131nar\u0131 Ne\u015fet Erta\u015f, G\u00f6n\u00fcl Da\u011f\u0131\u2019n\u0131n olmazsa olmaz\u0131d\u0131r.\u201d s\u00f6zleriyle merhum Ne\u015fet Erta\u015f\u2019\u0131n eserlerini sevenleriyle bulu\u015fturarak \u00f6zlem giderildi\u011fini a\u00e7\u0131klad\u0131.<\/p>\n","protected":false},"excerpt":{"rendered":"<p>Her Cumartesi ak\u015fam\u0131 saat 20:00\u2019da ekrana gelen G\u00f6n\u00fcl Da\u011f\u0131 dizisinin 164.b\u00f6l\u00fcm\u00fcnde Ne\u015fet Erta\u015f \u015fark\u0131lar\u0131 s\u00f6ylenecek. Ba\u011flamada Engin Arslan, Klarnette Semih Ert\u00fcrk e\u015fli\u011finde Z\u00fcmre Me\u011freli\u2019den m\u00fczik ziyafeti ekranlara gelecek!<\/p>\n","protected":false},"author":10,"featured_media":128289,"comment_status":"closed","ping_status":"closed","sticky":false,"template":"","format":"standard","meta":{"rank_math_lock_modified_date":false,"footnotes":""},"categories":[602],"tags":[],"class_list":["post-128288","post","type-post","status-publish","format-standard","has-post-thumbnail","hentry","category-diziler"],"_links":{"self":[{"href":"https:\/\/www.tgrthaber.com\/mavikadin\/wp-json\/wp\/v2\/posts\/128288"}],"collection":[{"href":"https:\/\/www.tgrthaber.com\/mavikadin\/wp-json\/wp\/v2\/posts"}],"about":[{"href":"https:\/\/www.tgrthaber.com\/mavikadin\/wp-json\/wp\/v2\/types\/post"}],"author":[{"embeddable":true,"href":"https:\/\/www.tgrthaber.com\/mavikadin\/wp-json\/wp\/v2\/users\/10"}],"replies":[{"embeddable":true,"href":"https:\/\/www.tgrthaber.com\/mavikadin\/wp-json\/wp\/v2\/comments?post=128288"}],"version-history":[{"count":2,"href":"https:\/\/www.tgrthaber.com\/mavikadin\/wp-json\/wp\/v2\/posts\/128288\/revisions"}],"predecessor-version":[{"id":128292,"href":"https:\/\/www.tgrthaber.com\/mavikadin\/wp-json\/wp\/v2\/posts\/128288\/revisions\/128292"}],"wp:featuredmedia":[{"embeddable":true,"href":"https:\/\/www.tgrthaber.com\/mavikadin\/wp-json\/wp\/v2\/media\/128289"}],"wp:attachment":[{"href":"https:\/\/www.tgrthaber.com\/mavikadin\/wp-json\/wp\/v2\/media?parent=128288"}],"wp:term":[{"taxonomy":"category","embeddable":true,"href":"https:\/\/www.tgrthaber.com\/mavikadin\/wp-json\/wp\/v2\/categories?post=128288"},{"taxonomy":"post_tag","embeddable":true,"href":"https:\/\/www.tgrthaber.com\/mavikadin\/wp-json\/wp\/v2\/tags?post=128288"}],"curies":[{"name":"wp","href":"https:\/\/api.w.org\/{rel}","templated":true}]}}