{"id":128390,"date":"2025-02-02T13:23:49","date_gmt":"2025-02-02T10:23:49","guid":{"rendered":"https:\/\/www.tgrthaber.com\/mavikadin\/?p=128390"},"modified":"2025-02-02T13:23:49","modified_gmt":"2025-02-02T10:23:49","slug":"survivor-2025te-yetenek-yarismasi-ruzgari-esti-rekabet-bu-kez-sahneye-tasindi","status":"publish","type":"post","link":"https:\/\/www.tgrthaber.com\/mavikadin\/survivor-2025te-yetenek-yarismasi-ruzgari-esti-rekabet-bu-kez-sahneye-tasindi\/","title":{"rendered":"Survivor 2025\u2019te yetenek yar\u0131\u015fmas\u0131 r\u00fczgar\u0131 esti! Rekabet bu kez sahneye ta\u015f\u0131nd\u0131!"},"content":{"rendered":"<p class=\"p1\">Survivor 2025\u2019te bu kez rekabet parkurdan sahneye ta\u015f\u0131nd\u0131! Yar\u0131\u015fmac\u0131lar, d\u00fczenlenen yetenek yar\u0131\u015fmas\u0131nda birbirinden farkl\u0131 performanslar sergileyerek izleyicilere e\u011flenceli anlar ya\u015fatt\u0131. M\u00fczikten dansa, taklitlerden akrobatik g\u00f6sterilere kadar geni\u015f bir yelpazede yeteneklerini sergileyen yar\u0131\u015fmac\u0131lar, adeta adada unutulmaz bir gece ya\u015fatt\u0131.<\/p>\n<h3>SURV\u0130VOR 2025&#8217;TE YETENEK YARI\u015eMASI R\u00dcZGARI EST\u0130<\/h3>\n<p class=\"p1\">Survivor 2025\u2019te bu kez yar\u0131\u015fmac\u0131lar parkurda de\u011fil, sahnede h\u00fcnerlerini sergiledi. D\u00fczenlenen yetenek yar\u0131\u015fmas\u0131, ada hayat\u0131na e\u011flenceli bir soluk getirirken, yar\u0131\u015fmac\u0131lar da kendilerini farkl\u0131 y\u00f6nleriyle g\u00f6sterme f\u0131rsat\u0131 buldu. \u015eark\u0131 s\u00f6yleyenler, dans edenler, taklit yapanlar ve hatta akrobatik hareketler sergileyenler geceyi unutulmaz k\u0131ld\u0131.<\/p>\n<div style=\"width: 640px;\" class=\"wp-video\"><!--[if lt IE 9]><script>document.createElement('video');<\/script><![endif]-->\n<video class=\"wp-video-shortcode\" id=\"video-128390-1\" width=\"640\" height=\"360\" preload=\"metadata\" controls=\"controls\"><source type=\"video\/mp4\" src=\"https:\/\/www.tgrthaber.com\/mavikadin\/wp-content\/uploads\/yetenek.mp4?_=1\" \/><a href=\"https:\/\/www.tgrthaber.com\/mavikadin\/wp-content\/uploads\/yetenek.mp4\">https:\/\/www.tgrthaber.com\/mavikadin\/wp-content\/uploads\/yetenek.mp4<\/a><\/video><\/div>\n<p class=\"p1\">Ancak gecenin en \u00e7ok konu\u015fulan performans\u0131 Sema\u2019dan geldi. Bir s\u00fcre \u00f6nce omuzundan sakatlanan yar\u0131\u015fmac\u0131, sahneye \u00e7\u0131karak Roman dans\u0131 yapt\u0131 ve izleyicileri kendine hayran b\u0131rakt\u0131. Enerjik hareketleri ve performans\u0131yla b\u00fcy\u00fck alk\u0131\u015f alan Sema, sosyal medyada en \u00e7ok konu\u015fulan isimlerden biri oldu. \u201cArt\u0131k tamamen iyile\u015fmi\u015ftir\u201d yorumlar\u0131, izleyiciler aras\u0131nda h\u0131zla yay\u0131ld\u0131.<\/p>\n<p class=\"p1\">Yar\u0131\u015fma, ada i\u00e7indeki rekabeti farkl\u0131 bir boyuta ta\u015f\u0131rken, yar\u0131\u015fmac\u0131lar hem e\u011flendi hem de yeteneklerini sergileyerek izleyicileri \u015fa\u015f\u0131rtt\u0131. Survivor\u2019\u0131n bu \u00f6zel b\u00f6l\u00fcm\u00fc, izleyiciler taraf\u0131ndan b\u00fcy\u00fck ilgi g\u00f6rd\u00fc ve sosyal medyada geni\u015f yank\u0131 uyand\u0131rd\u0131. Peki, yetenek yar\u0131\u015fmas\u0131n\u0131n kazanan\u0131 kim oldu? Survivor\u2019\u0131n yeni b\u00f6l\u00fcmlerinde neler ya\u015fanacak? Merakla bekleniyor!<\/p>\n<p><img loading=\"lazy\" decoding=\"async\" class=\"alignnone wp-image-128392 size-full\" src=\"https:\/\/www.tgrthaber.com\/mavikadin\/wp-content\/uploads\/Ekran-Resmi-2025-02-02-13.17.00.png\" alt=\"\" width=\"982\" height=\"552\" title=\"\" srcset=\"https:\/\/www.tgrthaber.com\/mavikadin\/wp-content\/uploads\/Ekran-Resmi-2025-02-02-13.17.00.png 982w, https:\/\/www.tgrthaber.com\/mavikadin\/wp-content\/uploads\/Ekran-Resmi-2025-02-02-13.17.00-300x169.png 300w, https:\/\/www.tgrthaber.com\/mavikadin\/wp-content\/uploads\/Ekran-Resmi-2025-02-02-13.17.00-768x432.png 768w\" sizes=\"(max-width: 982px) 100vw, 982px\" \/><\/p>\n<hr \/>\n<h3>SURV\u0130VOR ALL STAR TAKIMINDA K\u0130MLER VAR?<\/h3>\n<p>Adem K\u0131l\u0131\u00e7c\u0131<\/p>\n<p>Sema Aydemir<\/p>\n<p>\u0130smail Balaban<\/p>\n<p>Efecan Diezenza<\/p>\n<p>Serenay Akta\u015f<\/p>\n<p>Zeynep Alkan<\/p>\n<p>Meryem Kasap<\/p>\n<p>Batuhan G\u00f6kg\u00f6z<\/p>\n<p><img loading=\"lazy\" decoding=\"async\" class=\"alignnone wp-image-128393 size-full\" src=\"https:\/\/www.tgrthaber.com\/mavikadin\/wp-content\/uploads\/Ekran-Resmi-2025-02-02-13.18.23.png\" alt=\"\" width=\"944\" height=\"640\" title=\"\" srcset=\"https:\/\/www.tgrthaber.com\/mavikadin\/wp-content\/uploads\/Ekran-Resmi-2025-02-02-13.18.23.png 944w, https:\/\/www.tgrthaber.com\/mavikadin\/wp-content\/uploads\/Ekran-Resmi-2025-02-02-13.18.23-300x203.png 300w, https:\/\/www.tgrthaber.com\/mavikadin\/wp-content\/uploads\/Ekran-Resmi-2025-02-02-13.18.23-768x521.png 768w\" sizes=\"(max-width: 944px) 100vw, 944px\" \/><\/p>\n<hr \/>\n<h3 class=\"p1\">SURV\u0130VOR G\u00d6N\u00dcLL\u00dcLER KADROSUNDA K\u0130MLER VAR?<\/h3>\n<p class=\"p1\">Ay\u015fe Y\u00fcksel<\/p>\n<p class=\"p1\">Yusuf Y\u0131ld\u0131z<\/p>\n<p class=\"p1\">Tu\u011fba Yeni<\/p>\n<p class=\"p1\">Senem<\/p>\n<p class=\"p1\">Dil\u015fah Kurt<\/p>\n<p class=\"p1\">Sevgi<\/p>\n<p class=\"p1\">Almeda Baylan<\/p>\n<p class=\"p1\">Volkan<\/p>\n<p class=\"p1\">Batuhan Karacakaya<\/p>\n<h3 class=\"p1\"><b>SURV\u0130VOR DOKUNULMAZLIK OYUNUNU K\u0130M KAZANDI? (1 \u015eubat)<\/b><\/h3>\n<p class=\"p1\">Survivor&#8217;da dokunulmazl\u0131k oyununu All Star tak\u0131m\u0131 kazand\u0131.<\/p>\n<p><img loading=\"lazy\" decoding=\"async\" class=\"alignnone wp-image-128394 size-full\" src=\"https:\/\/www.tgrthaber.com\/mavikadin\/wp-content\/uploads\/Ekran-Resmi-2025-02-02-13.18.23-1.png\" alt=\"\" width=\"944\" height=\"640\" title=\"\" srcset=\"https:\/\/www.tgrthaber.com\/mavikadin\/wp-content\/uploads\/Ekran-Resmi-2025-02-02-13.18.23-1.png 944w, https:\/\/www.tgrthaber.com\/mavikadin\/wp-content\/uploads\/Ekran-Resmi-2025-02-02-13.18.23-1-300x203.png 300w, https:\/\/www.tgrthaber.com\/mavikadin\/wp-content\/uploads\/Ekran-Resmi-2025-02-02-13.18.23-1-768x521.png 768w\" sizes=\"(max-width: 944px) 100vw, 944px\" \/><\/p>\n<hr \/>\n<h3 class=\"p1\"><b>SURV\u0130VOR 3. VE 4. ELEME ADAYI K\u0130M OLDU?<\/b><b><\/b><\/h3>\n<p class=\"p3\">Survivor All Star\u2019da gerilim t\u0131rmanmaya devam ediyor. Dokunulmazl\u0131k oyunlar\u0131n\u0131n ard\u0131ndan eleme potas\u0131na giren yeni isimler belli oldu. Zorlu m\u00fccadeleler sonucunda, haftan\u0131n \u00fc\u00e7\u00fcnc\u00fc eleme aday\u0131 Tu\u011fba olurken, d\u00f6rd\u00fcnc\u00fc eleme aday\u0131 ise Meryem olarak belirlendi. Her iki yar\u0131\u015fmac\u0131 da adada kalmak i\u00e7in sonuna kadar sava\u015faca\u011f\u0131n\u0131 belirtirken, eleme potas\u0131n\u0131n bu hafta olduk\u00e7a \u00e7eki\u015fmeli ge\u00e7ece\u011fi tahmin ediliyor.<\/p>\n<p><img loading=\"lazy\" decoding=\"async\" class=\"alignnone wp-image-128395 size-full\" src=\"https:\/\/www.tgrthaber.com\/mavikadin\/wp-content\/uploads\/Ekran-Resmi-2025-02-02-13.19.54.png\" alt=\"\" width=\"956\" height=\"566\" title=\"\" srcset=\"https:\/\/www.tgrthaber.com\/mavikadin\/wp-content\/uploads\/Ekran-Resmi-2025-02-02-13.19.54.png 956w, https:\/\/www.tgrthaber.com\/mavikadin\/wp-content\/uploads\/Ekran-Resmi-2025-02-02-13.19.54-300x178.png 300w, https:\/\/www.tgrthaber.com\/mavikadin\/wp-content\/uploads\/Ekran-Resmi-2025-02-02-13.19.54-768x455.png 768w\" sizes=\"(max-width: 956px) 100vw, 956px\" \/><\/p>\n<hr \/>\n<h3 class=\"p2\"><b>SURV\u0130VOR ELEME POTASINDA K\u0130MLER VAR?<\/b><\/h3>\n<p class=\"p2\">SERENAY<\/p>\n<p class=\"p2\">ZEYNEP<\/p>\n<p class=\"p2\">TU\u011eBA<\/p>\n<p class=\"p2\">MERYEM<\/p>\n","protected":false},"excerpt":{"rendered":"<p>Survivor 2025\u2019te rekabet bu kez parkur yerine sahnede ya\u015fand\u0131. D\u00fczenlenen yetenek yar\u0131\u015fmas\u0131nda, yar\u0131\u015fmac\u0131lar \u015fark\u0131dan dansa, taklitlerden akrobatik g\u00f6sterilere kadar bir\u00e7ok farkl\u0131 performans sergileyerek izleyicilere unutulmaz anlar ya\u015fatt\u0131. <\/p>\n","protected":false},"author":16,"featured_media":128396,"comment_status":"closed","ping_status":"closed","sticky":false,"template":"","format":"standard","meta":{"rank_math_lock_modified_date":false,"footnotes":""},"categories":[101],"tags":[2728,9668,9669],"class_list":["post-128390","post","type-post","status-publish","format-standard","has-post-thumbnail","hentry","category-kesfet","tag-survivor-2025","tag-survivor-2025-yetenek-yarismasi","tag-survivor-2025-yeteneksizsiniz"],"_links":{"self":[{"href":"https:\/\/www.tgrthaber.com\/mavikadin\/wp-json\/wp\/v2\/posts\/128390"}],"collection":[{"href":"https:\/\/www.tgrthaber.com\/mavikadin\/wp-json\/wp\/v2\/posts"}],"about":[{"href":"https:\/\/www.tgrthaber.com\/mavikadin\/wp-json\/wp\/v2\/types\/post"}],"author":[{"embeddable":true,"href":"https:\/\/www.tgrthaber.com\/mavikadin\/wp-json\/wp\/v2\/users\/16"}],"replies":[{"embeddable":true,"href":"https:\/\/www.tgrthaber.com\/mavikadin\/wp-json\/wp\/v2\/comments?post=128390"}],"version-history":[{"count":2,"href":"https:\/\/www.tgrthaber.com\/mavikadin\/wp-json\/wp\/v2\/posts\/128390\/revisions"}],"predecessor-version":[{"id":128398,"href":"https:\/\/www.tgrthaber.com\/mavikadin\/wp-json\/wp\/v2\/posts\/128390\/revisions\/128398"}],"wp:featuredmedia":[{"embeddable":true,"href":"https:\/\/www.tgrthaber.com\/mavikadin\/wp-json\/wp\/v2\/media\/128396"}],"wp:attachment":[{"href":"https:\/\/www.tgrthaber.com\/mavikadin\/wp-json\/wp\/v2\/media?parent=128390"}],"wp:term":[{"taxonomy":"category","embeddable":true,"href":"https:\/\/www.tgrthaber.com\/mavikadin\/wp-json\/wp\/v2\/categories?post=128390"},{"taxonomy":"post_tag","embeddable":true,"href":"https:\/\/www.tgrthaber.com\/mavikadin\/wp-json\/wp\/v2\/tags?post=128390"}],"curies":[{"name":"wp","href":"https:\/\/api.w.org\/{rel}","templated":true}]}}