{"id":128422,"date":"2025-02-02T18:24:16","date_gmt":"2025-02-02T15:24:16","guid":{"rendered":"https:\/\/www.tgrthaber.com\/mavikadin\/?p=128422"},"modified":"2025-02-02T18:36:56","modified_gmt":"2025-02-02T15:36:56","slug":"sarkici-dostlarindan-tanyeliye-moral-konseri-duzenlenecek-tanyeli-icin-kalplerimiz-1-olsun","status":"publish","type":"post","link":"https:\/\/www.tgrthaber.com\/mavikadin\/sarkici-dostlarindan-tanyeliye-moral-konseri-duzenlenecek-tanyeli-icin-kalplerimiz-1-olsun\/","title":{"rendered":"\u015eark\u0131c\u0131 dostlar\u0131ndan Tanyeli\u2019ye moral konseri! \u201cTanyeli i\u00e7in kalplerimiz 1 olsun!\u201d"},"content":{"rendered":"<p>Tanyeli, hastanede kald\u0131\u011f\u0131 uzun tedavi s\u00fcre\u00e7lerinde arkada\u015flar\u0131 s\u00fcrekli yan\u0131ndayd\u0131, tek bir an bile onu yaln\u0131z b\u0131rakmad\u0131lar. Ge\u00e7ti\u011fimiz g\u00fcnlerde Tanyeli\u2019nin hastanede domuz gribine yakalanmas\u0131n\u0131n ard\u0131ndan arkada\u015flar\u0131na gelmemesini s\u00f6ylemi\u015fti. Tanyeli\u2019nin bu iste\u011fini anlay\u0131\u015fla kar\u015f\u0131layan \u015fark\u0131c\u0131 dostlar\u0131, onun yan\u0131nda olduklar\u0131n\u0131 g\u00f6stermek ad\u0131na konser d\u00fczenlemeye karar verdi.<\/p>\n<h3>\u201cTANYEL\u0130 \u0130\u00c7\u0130N KAPLER 1 OLSUN\u201d KONSER\u0130!<\/h3>\n<p>Tanyeli i\u00e7in 12 \u015eubat 2025 tarihinde Bostanc\u0131 G\u00f6steri Merkezi\u2019nde \u015fark\u0131c\u0131 dostlar\u0131 unutulmaz bir geceye ev sahipli\u011fi yapacak. \u201cTanyeli \u0130\u00e7in Kalplerimiz 1 Olsun!\u201d d\u00fc\u015f\u00fcncesiyle yola \u00e7\u0131kan organizasyon ekibi, Tanyeli\u2019ye \u00f6zel olacak gece i\u00e7in \u00e7al\u0131\u015fmalara ba\u015flad\u0131. Muhte\u015fem gecede bir\u00e7ok sanat\u00e7\u0131 \u015fark\u0131lar seslendirerek, Tanyeli\u2019ye olan desteklerini ve dostlu\u011fun g\u00fczelli\u011fini g\u00f6zler \u00f6n\u00fcne serecekler.<\/p>\n<p><img loading=\"lazy\" decoding=\"async\" class=\"alignnone wp-image-128423\" src=\"https:\/\/www.tgrthaber.com\/mavikadin\/wp-content\/uploads\/tanyeli-icin-moral-konserei-300x169.jpg\" alt=\"tanyeli i\u00e7in moral konseri\" width=\"1208\" height=\"680\" title=\"\" srcset=\"https:\/\/www.tgrthaber.com\/mavikadin\/wp-content\/uploads\/tanyeli-icin-moral-konserei-300x169.jpg 300w, https:\/\/www.tgrthaber.com\/mavikadin\/wp-content\/uploads\/tanyeli-icin-moral-konserei-1024x576.jpg 1024w, https:\/\/www.tgrthaber.com\/mavikadin\/wp-content\/uploads\/tanyeli-icin-moral-konserei-768x432.jpg 768w, https:\/\/www.tgrthaber.com\/mavikadin\/wp-content\/uploads\/tanyeli-icin-moral-konserei-1536x864.jpg 1536w, https:\/\/www.tgrthaber.com\/mavikadin\/wp-content\/uploads\/tanyeli-icin-moral-konserei.jpg 1920w\" sizes=\"(max-width: 1208px) 100vw, 1208px\" \/><\/p>\n<hr \/>\n<h3>YILDIZLAR GE\u00c7\u0130D\u0130 B\u0130R KONSER<\/h3>\n<p>Kazanc\u0131 Holding Aksa Ana sponsorlu\u011fu taraf\u0131ndan ger\u00e7ekle\u015ftirilen organizasyonun sunuculu\u011funu \u00c7a\u011fla \u015eikel ve Saba T\u00fcmer \u00fcstlenecek. Tanyeli\u2019nin sanat\u00e7\u0131 dostlar\u0131n\u0131n yer alaca\u011f\u0131 konserde \u00fcnl\u00fc isimler yer alacak ve gelenlere m\u00fczik ziyafeti ya\u015fatacak. \u201cTanyeli i\u00e7in kalplerimiz 1 olsun!\u201d konserinde Y\u0131ld\u0131z Tilbe, Hakan Altun ve Zara, Behzat Ger\u00e7eker &amp; ENBE Orkestras\u0131 e\u015fli\u011finde \u015fark\u0131lar\u0131n\u0131 s\u00f6yleyecekler.<\/p>\n<p><img loading=\"lazy\" decoding=\"async\" class=\"alignnone wp-image-128424\" src=\"https:\/\/www.tgrthaber.com\/mavikadin\/wp-content\/uploads\/tanyeli-konser-icin-tesekkur-etti-300x169.jpg\" alt=\"tanyeli konser i\u00e7in te\u015fekk\u00fcr etti\" width=\"1208\" height=\"680\" title=\"\" srcset=\"https:\/\/www.tgrthaber.com\/mavikadin\/wp-content\/uploads\/tanyeli-konser-icin-tesekkur-etti-300x169.jpg 300w, https:\/\/www.tgrthaber.com\/mavikadin\/wp-content\/uploads\/tanyeli-konser-icin-tesekkur-etti-1024x576.jpg 1024w, https:\/\/www.tgrthaber.com\/mavikadin\/wp-content\/uploads\/tanyeli-konser-icin-tesekkur-etti-768x432.jpg 768w, https:\/\/www.tgrthaber.com\/mavikadin\/wp-content\/uploads\/tanyeli-konser-icin-tesekkur-etti-1536x864.jpg 1536w, https:\/\/www.tgrthaber.com\/mavikadin\/wp-content\/uploads\/tanyeli-konser-icin-tesekkur-etti.jpg 1920w\" sizes=\"(max-width: 1208px) 100vw, 1208px\" \/><\/p>\n<hr \/>\n<h3>\u201cBEN\u0130 \u00c7OK DUYGULANDIRDI\u201d<\/h3>\n<p>Tanyeli, arkada\u015flar\u0131 taraf\u0131ndan kendi ad\u0131na d\u00fczenlenen moral gecesi i\u00e7in sanat\u00e7\u0131 arkada\u015flar\u0131na sosyal medyadan te\u015fekk\u00fcr mesaj\u0131 yay\u0131nland\u0131. Tanyeli \u201c \u201cTanyeli \u0130\u00e7in Kalplerimiz 1 Olsun!\u201d mesaj\u0131 beni \u00e7ok duyguland\u0131rd\u0131. En b\u00fcy\u00fck yat\u0131r\u0131m\u0131m dostlar\u0131m olmu\u015f. \u0130yi ki vars\u0131n\u0131z!\u201d s\u00f6zleriyle sanat\u00e7\u0131 dostlar\u0131yla duygular\u0131n\u0131 payla\u015ft\u0131.<\/p>\n","protected":false},"excerpt":{"rendered":"<p>Uzun zamand\u0131r hastanede tedavi g\u00f6ren Tanyeli, \u015fark\u0131c\u0131 dostlar\u0131 taraf\u0131ndan hastanede ziyaret ediliyordu. Tanyeli\u2019nin hastanede moralini y\u00fcksek tutmas\u0131 ad\u0131na \u015fark\u0131c\u0131 dostlar\u0131 \u201cTanyeli i\u00e7in kalplerimiz 1 olsun!\u201d adl\u0131 konser d\u00fczenleyecekler.<\/p>\n","protected":false},"author":10,"featured_media":128425,"comment_status":"closed","ping_status":"closed","sticky":false,"template":"","format":"standard","meta":{"rank_math_lock_modified_date":false,"footnotes":""},"categories":[76],"tags":[1645,464,9679],"class_list":["post-128422","post","type-post","status-publish","format-standard","has-post-thumbnail","hentry","category-magazin","tag-konser","tag-tanyeli","tag-tanyeli-icin-kalpler-bir-olsun-konseri"],"_links":{"self":[{"href":"https:\/\/www.tgrthaber.com\/mavikadin\/wp-json\/wp\/v2\/posts\/128422"}],"collection":[{"href":"https:\/\/www.tgrthaber.com\/mavikadin\/wp-json\/wp\/v2\/posts"}],"about":[{"href":"https:\/\/www.tgrthaber.com\/mavikadin\/wp-json\/wp\/v2\/types\/post"}],"author":[{"embeddable":true,"href":"https:\/\/www.tgrthaber.com\/mavikadin\/wp-json\/wp\/v2\/users\/10"}],"replies":[{"embeddable":true,"href":"https:\/\/www.tgrthaber.com\/mavikadin\/wp-json\/wp\/v2\/comments?post=128422"}],"version-history":[{"count":2,"href":"https:\/\/www.tgrthaber.com\/mavikadin\/wp-json\/wp\/v2\/posts\/128422\/revisions"}],"predecessor-version":[{"id":128427,"href":"https:\/\/www.tgrthaber.com\/mavikadin\/wp-json\/wp\/v2\/posts\/128422\/revisions\/128427"}],"wp:featuredmedia":[{"embeddable":true,"href":"https:\/\/www.tgrthaber.com\/mavikadin\/wp-json\/wp\/v2\/media\/128425"}],"wp:attachment":[{"href":"https:\/\/www.tgrthaber.com\/mavikadin\/wp-json\/wp\/v2\/media?parent=128422"}],"wp:term":[{"taxonomy":"category","embeddable":true,"href":"https:\/\/www.tgrthaber.com\/mavikadin\/wp-json\/wp\/v2\/categories?post=128422"},{"taxonomy":"post_tag","embeddable":true,"href":"https:\/\/www.tgrthaber.com\/mavikadin\/wp-json\/wp\/v2\/tags?post=128422"}],"curies":[{"name":"wp","href":"https:\/\/api.w.org\/{rel}","templated":true}]}}