{"id":128455,"date":"2025-02-02T22:53:09","date_gmt":"2025-02-02T19:53:09","guid":{"rendered":"https:\/\/www.tgrthaber.com\/mavikadin\/?p=128455"},"modified":"2025-02-02T22:53:09","modified_gmt":"2025-02-02T19:53:09","slug":"ferdi-tayfurun-yegeni-sirin-gozalici-paylasti-tayfurun-40-gunu-mevlidi-okunacak","status":"publish","type":"post","link":"https:\/\/www.tgrthaber.com\/mavikadin\/ferdi-tayfurun-yegeni-sirin-gozalici-paylasti-tayfurun-40-gunu-mevlidi-okunacak\/","title":{"rendered":"Ferdi Tayfur\u2019un ye\u011feni \u015eirin G\u00f6zal\u0131c\u0131 payla\u015ft\u0131! Tayfur\u2019un 40. G\u00fcn\u00fc mevlidi okunacak!"},"content":{"rendered":"<p>T\u00fcrk m\u00fczi\u011finin usta isimlerinden ve arabeskin kral\u0131 olarak ifade edilen merhum Ferdi Tayfur\u2019un \u00f6l\u00fcm\u00fcn\u00fcn \u00fczerinden 1 ay ge\u00e7ti. Ferdi Tayfur, hem hayranlar\u0131 taraf\u0131ndan hem de sanat camias\u0131nda an\u0131lmaya devam ediyor. Ocak ay\u0131n\u0131n ba\u015flar\u0131nda vefat eden Ferdi Tayfur i\u00e7in mevlit \u015ferif haz\u0131rland\u0131.<\/p>\n<h3>TAYFUR\u2019UN YE\u011eEN\u0130 \u015e\u0130R\u0130N PAYLA\u015eTI<\/h3>\n<p>Ferdi Tayfur\u2019un kaybetmesinin \u00fcz\u00fcnt\u00fcs\u00fcn\u00fc ya\u015famaya devam eden hayranlar\u0131 i\u00e7in ye\u011feni \u015eirin G\u00f6zal\u0131c\u0131, k\u0131rk\u0131 i\u00e7in okunacak mevlit bilgilerini payla\u015ft\u0131. Tayfur\u2019un ye\u011feni \u015eirin G\u00f6zal\u0131c\u0131, sosyal medya hesab\u0131ndan \u015fu s\u00f6zlerle Ferdi Tayfur\u2019un Mevlidi \u015eerif\u2019ini payla\u015ft\u0131.<\/p>\n<p>\u201c2 Ocak 2025 tarihinde kaybetti\u011fimiz ailemizin \u00c7\u0131nar\u0131, Say\u0131n Ferdi Tayfur\u2019un vefat\u0131n\u0131n 40.g\u00fcn\u00fc saat 18:00\u2019de Levent Barbaros Hayrettin Pa\u015fa Camii\u2019nde mevlit okunulacakt\u0131r. T\u00fcm dostlar\u0131m\u0131za ve sevenlerine duyurulur.\u201d<\/p>\n<p><img loading=\"lazy\" decoding=\"async\" class=\"alignnone wp-image-128456\" src=\"https:\/\/www.tgrthaber.com\/mavikadin\/wp-content\/uploads\/ferdi-tayfur-40.-gun-mevlit-serifi-300x169.jpg\" alt=\"ferdi tayfur 40. g\u00fcn mevlit \u015ferifi\" width=\"1208\" height=\"680\" title=\"\" srcset=\"https:\/\/www.tgrthaber.com\/mavikadin\/wp-content\/uploads\/ferdi-tayfur-40.-gun-mevlit-serifi-300x169.jpg 300w, https:\/\/www.tgrthaber.com\/mavikadin\/wp-content\/uploads\/ferdi-tayfur-40.-gun-mevlit-serifi-1024x576.jpg 1024w, https:\/\/www.tgrthaber.com\/mavikadin\/wp-content\/uploads\/ferdi-tayfur-40.-gun-mevlit-serifi-768x432.jpg 768w, https:\/\/www.tgrthaber.com\/mavikadin\/wp-content\/uploads\/ferdi-tayfur-40.-gun-mevlit-serifi-1536x864.jpg 1536w, https:\/\/www.tgrthaber.com\/mavikadin\/wp-content\/uploads\/ferdi-tayfur-40.-gun-mevlit-serifi.jpg 1920w\" sizes=\"(max-width: 1208px) 100vw, 1208px\" \/><\/p>\n<hr \/>\n<h3>FERD\u0130 TAYFUR HAYRANLARI TARAFINDAN UNUTULMADI<\/h3>\n<p>Ferdi Tayfur\u2019un vefat\u0131n\u0131n ard\u0131ndan bir\u00e7ok yerde onun i\u00e7in mevlidi \u015ferifler okunmu\u015ftu. T\u00fcrkiye\u2019nin sevdi\u011fi arabeskin kral\u0131 Ferdi Tayfur i\u00e7in her yerden insanlar onu anmaya devam ediyor. Ferdi Baba ile ilgili ya\u015fad\u0131klar\u0131 olaylar\u0131 ve an\u0131lar\u0131 anlat\u0131yorlar. Hayranlar\u0131n\u0131n yan\u0131 s\u0131ra sanat camias\u0131nda, dizilerde de Ferdi Tayfur\u2019un \u015fark\u0131lar\u0131 ya\u015fat\u0131l\u0131yor. En son \u0130nci Taneleri b\u00f6l\u00fcm\u00fcnde Azem\u2019e(Y\u0131lmaz Erdo\u011fan) do\u011fum g\u00fcn\u00fc hediyesi olarak Ferdi Tayfur\u2019un Hat\u0131ram Yeter \u015fark\u0131s\u0131n\u0131n yer ald\u0131\u011f\u0131 alb\u00fcm hediye edilmi\u015fti. Merhum Ferdi Tayfur\u2019a sayg\u0131lar\u0131n\u0131 ve h\u00fcrmetlerini anarak g\u00f6sterdiler.<\/p>\n","protected":false},"excerpt":{"rendered":"<p>Merhum Arabeskin kral\u0131 Ferdi Tayfur\u2019un \u00f6l\u00fcm\u00fcn\u00fcn 40.g\u00fcn\u00fc okunacak mevlidi \u015ferifi i\u00e7in ye\u011feni \u015eirin G\u00f6zal\u0131c\u0131, sosyal medya hesab\u0131ndan duyuru yapt\u0131. 12 \u015eubat \u00c7ar\u015famba g\u00fcn\u00fc saat 18:00\u2019de Levent Barbaros Hayrettin Pa\u015fa Camii\u2019nde mevlit okunacak.<\/p>\n","protected":false},"author":10,"featured_media":128457,"comment_status":"closed","ping_status":"closed","sticky":false,"template":"","format":"standard","meta":{"rank_math_lock_modified_date":false,"footnotes":""},"categories":[76],"tags":[4326,9693,9692],"class_list":["post-128455","post","type-post","status-publish","format-standard","has-post-thumbnail","hentry","category-magazin","tag-ferdi-tayfur","tag-ferdi-tayfur-40-gunu","tag-ferdi-tayfur-mevlit"],"_links":{"self":[{"href":"https:\/\/www.tgrthaber.com\/mavikadin\/wp-json\/wp\/v2\/posts\/128455"}],"collection":[{"href":"https:\/\/www.tgrthaber.com\/mavikadin\/wp-json\/wp\/v2\/posts"}],"about":[{"href":"https:\/\/www.tgrthaber.com\/mavikadin\/wp-json\/wp\/v2\/types\/post"}],"author":[{"embeddable":true,"href":"https:\/\/www.tgrthaber.com\/mavikadin\/wp-json\/wp\/v2\/users\/10"}],"replies":[{"embeddable":true,"href":"https:\/\/www.tgrthaber.com\/mavikadin\/wp-json\/wp\/v2\/comments?post=128455"}],"version-history":[{"count":1,"href":"https:\/\/www.tgrthaber.com\/mavikadin\/wp-json\/wp\/v2\/posts\/128455\/revisions"}],"predecessor-version":[{"id":128458,"href":"https:\/\/www.tgrthaber.com\/mavikadin\/wp-json\/wp\/v2\/posts\/128455\/revisions\/128458"}],"wp:featuredmedia":[{"embeddable":true,"href":"https:\/\/www.tgrthaber.com\/mavikadin\/wp-json\/wp\/v2\/media\/128457"}],"wp:attachment":[{"href":"https:\/\/www.tgrthaber.com\/mavikadin\/wp-json\/wp\/v2\/media?parent=128455"}],"wp:term":[{"taxonomy":"category","embeddable":true,"href":"https:\/\/www.tgrthaber.com\/mavikadin\/wp-json\/wp\/v2\/categories?post=128455"},{"taxonomy":"post_tag","embeddable":true,"href":"https:\/\/www.tgrthaber.com\/mavikadin\/wp-json\/wp\/v2\/tags?post=128455"}],"curies":[{"name":"wp","href":"https:\/\/api.w.org\/{rel}","templated":true}]}}