{"id":128540,"date":"2025-02-03T10:26:30","date_gmt":"2025-02-03T07:26:30","guid":{"rendered":"https:\/\/www.tgrthaber.com\/mavikadin\/?p=128540"},"modified":"2025-02-03T10:26:30","modified_gmt":"2025-02-03T07:26:30","slug":"emily-in-paris-yildizi-lily-collins-anne-oldu-sosyal-medyayi-ikiye-boldu","status":"publish","type":"post","link":"https:\/\/www.tgrthaber.com\/mavikadin\/emily-in-paris-yildizi-lily-collins-anne-oldu-sosyal-medyayi-ikiye-boldu\/","title":{"rendered":"Emily in Paris y\u0131ld\u0131z\u0131 Lily Collins anne oldu! Sosyal medyay\u0131 ikiye b\u00f6ld\u00fc"},"content":{"rendered":"<p>Emily in Paris y\u0131ld\u0131z\u0131 Lily Collins ilk kez anne olman\u0131n mutlulu\u011funu ya\u015f\u0131yor. D\u00fcnyaca \u00fcnl\u00fc isim ta\u015f\u0131y\u0131c\u0131 anne yoluyla bebe\u011fini kuca\u011f\u0131na ald\u0131.<\/p>\n<h3>L\u0130LY COLL\u0130NS BEBEK HABER\u0130YLE SOSYAL MEDYAYI SALLADI<\/h3>\n<p>Sosyal medya hesab\u0131ndan ya\u015fad\u0131\u011f\u0131 sevinci payla\u015fan \u00fcnl\u00fc isim takip\u00e7ilerini ikiye b\u00f6ld\u00fc. Y\u00f6netmen e\u015fi Charlie McDowell ile mutlu bir evlili\u011fi olan 35 ya\u015f\u0131ndaki Lily Collins 2021 y\u0131l\u0131nda d\u00fcnyaevine girmi\u015fti.<\/p>\n<p>\u0130lk bebeklerine kavu\u015fan \u00fcnl\u00fc ikiliyi hayranlar\u0131 tebrik ederken baz\u0131 ki\u015filer de bu yolla anne baba olmay\u0131 garip buldu.<\/p>\n<p><img loading=\"lazy\" decoding=\"async\" class=\"alignnone wp-image-128544\" src=\"https:\/\/www.tgrthaber.com\/mavikadin\/wp-content\/uploads\/Emily-in-Paris.jpg\" alt=\"\" width=\"1208\" height=\"680\" title=\"\" srcset=\"https:\/\/www.tgrthaber.com\/mavikadin\/wp-content\/uploads\/Emily-in-Paris.jpg 1920w, https:\/\/www.tgrthaber.com\/mavikadin\/wp-content\/uploads\/Emily-in-Paris-300x169.jpg 300w, https:\/\/www.tgrthaber.com\/mavikadin\/wp-content\/uploads\/Emily-in-Paris-1024x576.jpg 1024w, https:\/\/www.tgrthaber.com\/mavikadin\/wp-content\/uploads\/Emily-in-Paris-768x432.jpg 768w, https:\/\/www.tgrthaber.com\/mavikadin\/wp-content\/uploads\/Emily-in-Paris-1536x864.jpg 1536w\" sizes=\"(max-width: 1208px) 100vw, 1208px\" \/><\/p>\n<hr \/>\n<h3>TOVE JANE \u0130SM\u0130N\u0130 VERD\u0130LER<\/h3>\n<p>Emily in Paris\u2019teki renkli karakteriyle dikkat \u00e7eken Lily Collins ve e\u015fi Charlie McDowell ortak payla\u015f\u0131mlar\u0131nda bebeklerine Tove Jane ad\u0131n\u0131 verdiklerini duyurdu.<\/p>\n<p><img loading=\"lazy\" decoding=\"async\" class=\"alignnone wp-image-128545\" src=\"https:\/\/www.tgrthaber.com\/mavikadin\/wp-content\/uploads\/Lily-Collins-2.jpg\" alt=\"\" width=\"1208\" height=\"680\" title=\"\" srcset=\"https:\/\/www.tgrthaber.com\/mavikadin\/wp-content\/uploads\/Lily-Collins-2.jpg 1920w, https:\/\/www.tgrthaber.com\/mavikadin\/wp-content\/uploads\/Lily-Collins-2-300x169.jpg 300w, https:\/\/www.tgrthaber.com\/mavikadin\/wp-content\/uploads\/Lily-Collins-2-1024x576.jpg 1024w, https:\/\/www.tgrthaber.com\/mavikadin\/wp-content\/uploads\/Lily-Collins-2-768x432.jpg 768w, https:\/\/www.tgrthaber.com\/mavikadin\/wp-content\/uploads\/Lily-Collins-2-1536x864.jpg 1536w\" sizes=\"(max-width: 1208px) 100vw, 1208px\" \/><\/p>\n<hr \/>\n<h3>\u201cSEN\u0130 D\u00dcNYALAR KADAR SEV\u0130YORUZ\u201d<\/h3>\n<p>Collins ve McDowell, minik k\u0131zlar\u0131na duyduklar\u0131 sevgiyi, &#8220;Muhte\u015fem ta\u015f\u0131y\u0131c\u0131 annemize ve bu yolda bize destek olan herkese olan \u015f\u00fckran duygumuzu anlatmaya kelimeler asla yetmez. Seni d\u00fcnyalar kadar seviyoruz&#8221; \u015feklinde ifade etti.<\/p>\n","protected":false},"excerpt":{"rendered":"<p>Emily in Paris y\u0131ld\u0131z\u0131 Lily Collins anne oldu. Ya\u015fad\u0131\u011f\u0131 sevinci sosyal medya hesab\u0131ndan payla\u015fan \u00fcnl\u00fc isim takip\u00e7ilerini ikiye b\u00f6ld\u00fc.<\/p>\n","protected":false},"author":5,"featured_media":128542,"comment_status":"closed","ping_status":"closed","sticky":false,"template":"","format":"standard","meta":{"rank_math_lock_modified_date":false,"footnotes":""},"categories":[76],"tags":[9720,9721],"class_list":["post-128540","post","type-post","status-publish","format-standard","has-post-thumbnail","hentry","category-magazin","tag-emily-in-paris","tag-lily-collins"],"_links":{"self":[{"href":"https:\/\/www.tgrthaber.com\/mavikadin\/wp-json\/wp\/v2\/posts\/128540"}],"collection":[{"href":"https:\/\/www.tgrthaber.com\/mavikadin\/wp-json\/wp\/v2\/posts"}],"about":[{"href":"https:\/\/www.tgrthaber.com\/mavikadin\/wp-json\/wp\/v2\/types\/post"}],"author":[{"embeddable":true,"href":"https:\/\/www.tgrthaber.com\/mavikadin\/wp-json\/wp\/v2\/users\/5"}],"replies":[{"embeddable":true,"href":"https:\/\/www.tgrthaber.com\/mavikadin\/wp-json\/wp\/v2\/comments?post=128540"}],"version-history":[{"count":3,"href":"https:\/\/www.tgrthaber.com\/mavikadin\/wp-json\/wp\/v2\/posts\/128540\/revisions"}],"predecessor-version":[{"id":128548,"href":"https:\/\/www.tgrthaber.com\/mavikadin\/wp-json\/wp\/v2\/posts\/128540\/revisions\/128548"}],"wp:featuredmedia":[{"embeddable":true,"href":"https:\/\/www.tgrthaber.com\/mavikadin\/wp-json\/wp\/v2\/media\/128542"}],"wp:attachment":[{"href":"https:\/\/www.tgrthaber.com\/mavikadin\/wp-json\/wp\/v2\/media?parent=128540"}],"wp:term":[{"taxonomy":"category","embeddable":true,"href":"https:\/\/www.tgrthaber.com\/mavikadin\/wp-json\/wp\/v2\/categories?post=128540"},{"taxonomy":"post_tag","embeddable":true,"href":"https:\/\/www.tgrthaber.com\/mavikadin\/wp-json\/wp\/v2\/tags?post=128540"}],"curies":[{"name":"wp","href":"https:\/\/api.w.org\/{rel}","templated":true}]}}