{"id":128541,"date":"2025-02-03T10:36:30","date_gmt":"2025-02-03T07:36:30","guid":{"rendered":"https:\/\/www.tgrthaber.com\/mavikadin\/?p=128541"},"modified":"2025-02-03T10:39:24","modified_gmt":"2025-02-03T07:39:24","slug":"sakir-pasa-ailesi-dizisinin-cocuk-oyuncusu-zeynep-ebrar-karaca-adeta-oyunculuk-dersi-verdi","status":"publish","type":"post","link":"https:\/\/www.tgrthaber.com\/mavikadin\/sakir-pasa-ailesi-dizisinin-cocuk-oyuncusu-zeynep-ebrar-karaca-adeta-oyunculuk-dersi-verdi\/","title":{"rendered":"\u015eakir Pa\u015fa Ailesi dizisinin \u00e7ocuk oyuncusu Zeynep Ebrar Karaca adeta oyunculuk dersi verdi!"},"content":{"rendered":"<p>NOW TV ekranlar\u0131nda izleyicisi kar\u015f\u0131s\u0131na ge\u00e7en \u015eakir Pa\u015fa Ailesi: Mucizeler ve Skandallar dizisi yeni b\u00f6l\u00fcmleriyle seyirciye heyecan dolu anlar ya\u015fatmaya devam ediyor. Ge\u00e7ti\u011fimiz ak\u015fam yeni b\u00f6l\u00fcm\u00fc yay\u0131nlanan diziye, Fahr\u00fcnnisa Zeyd\u2019in \u00e7ocuklu\u011funu oynayan Zeynep Ebrar Karaca damga vurdu. Ba\u015far\u0131l\u0131 \u00e7ocuk oyuncu adeta oyunculuk dersi verdi.<\/p>\n<h3>ZEYNEP EBRAR KARACA ADETA OYUNCULUK DERS\u0130 VERD\u0130!<\/h3>\n<p>NOW TV ekranlar\u0131nda izleyici kar\u015f\u0131s\u0131na \u00e7\u0131kan \u015eakir Pa\u015fa Ailesi: Mucizeler ve Skandallar dizisi yay\u0131nland\u0131\u011f\u0131 g\u00fcnden bu yana b\u00fcy\u00fck bir ilgiyle takip ediliyor. Hem konusu hem de g\u00fc\u00e7l\u00fc oyuncu kadrosuyla dikkatleri \u00fczerine \u00e7eken dizi, \u00e7ocuk oyuncular\u0131yla da b\u00fcy\u00fck bir be\u011feni topluyor. Birbirinden iyi yeteneklerin yer ald\u0131\u011f\u0131 diziye \u00e7ocuk oyuncular\u0131n performanslar\u0131 damga vuruyor.<\/p>\n<p><img loading=\"lazy\" decoding=\"async\" class=\"alignnone wp-image-128557\" src=\"https:\/\/www.tgrthaber.com\/mavikadin\/wp-content\/uploads\/Zeynep-Ebrar-Karaca-3-1024x576.jpg\" alt=\"\u015eakir Pa\u015fa Ailesi dizisinin \u00e7ocuk oyuncusu Zeynep Ebrar Karaca adeta oyunculuk dersi verdi! \" width=\"1208\" height=\"680\" title=\"\" srcset=\"https:\/\/www.tgrthaber.com\/mavikadin\/wp-content\/uploads\/Zeynep-Ebrar-Karaca-3-1024x576.jpg 1024w, https:\/\/www.tgrthaber.com\/mavikadin\/wp-content\/uploads\/Zeynep-Ebrar-Karaca-3-300x169.jpg 300w, https:\/\/www.tgrthaber.com\/mavikadin\/wp-content\/uploads\/Zeynep-Ebrar-Karaca-3-768x432.jpg 768w, https:\/\/www.tgrthaber.com\/mavikadin\/wp-content\/uploads\/Zeynep-Ebrar-Karaca-3-1536x864.jpg 1536w, https:\/\/www.tgrthaber.com\/mavikadin\/wp-content\/uploads\/Zeynep-Ebrar-Karaca-3.jpg 1600w\" sizes=\"(max-width: 1208px) 100vw, 1208px\" \/><\/p>\n<hr \/>\n<p>Yay\u0131nland\u0131\u011f\u0131 ilk b\u00f6l\u00fcmlerinde talihsiz bir kaza ge\u00e7iren \u015eakir Pa\u015fa Ailesi: Mucizeler ve Skandallar dizisi, ge\u00e7ti\u011fimiz haftalarda ekran maceras\u0131na geri d\u00f6nm\u00fc\u015f ve seyircinin b\u00fcy\u00fck ilgisiyle kar\u015f\u0131 kar\u015f\u0131ya kalm\u0131\u015ft\u0131. Dizide d\u00fcnyaca \u00fcnl\u00fc ressam Far\u00fcnnisa Zeyd\u2019in \u00e7ocuklu\u011funu oynayan 12 ya\u015f\u0131ndaki Zeynep Ebrar Karaca, d\u00fcn ak\u015fam yay\u0131nlanan yeni b\u00f6l\u00fcmde adeta oyunculuk dersi verdi. Bir\u00e7ok yeti\u015fkin oyuncuya ta\u015f \u00e7\u0131karan Karaca, izleyicilerden tam puan ald\u0131. Hem izleyicilerin hem de sosyal medya kullan\u0131c\u0131lar\u0131n\u0131n b\u00fcy\u00fck bir ilgisini \u00e7eken Karaca, performans\u0131yla dikkatleri \u00fczerine \u00e7ekti.<\/p>\n<div style=\"width: 640px;\" class=\"wp-video\"><!--[if lt IE 9]><script>document.createElement('video');<\/script><![endif]-->\n<video class=\"wp-video-shortcode\" id=\"video-128541-1\" width=\"640\" height=\"360\" preload=\"metadata\" controls=\"controls\"><source type=\"video\/mp4\" src=\"https:\/\/www.tgrthaber.com\/mavikadin\/wp-content\/uploads\/Zeynep-Ebrar-Karaca-1.mp4?_=1\" \/><a href=\"https:\/\/www.tgrthaber.com\/mavikadin\/wp-content\/uploads\/Zeynep-Ebrar-Karaca-1.mp4\">https:\/\/www.tgrthaber.com\/mavikadin\/wp-content\/uploads\/Zeynep-Ebrar-Karaca-1.mp4<\/a><\/video><\/div>\n<hr \/>\n<h3><strong>K\u00dc\u00c7\u00dcK FAHR\u00dcNN\u0130SA ZEYD, ZEYNEP EBRAR KARACA OYUNCULU\u011eUYLA BE\u011eEN\u0130 TOPLUYOR!<\/strong><\/h3>\n<p>\u015eimdilerde 12 ya\u015f\u0131nda olan ba\u015far\u0131l\u0131 \u00e7ocuk oyuncu Zeynep Ebrar Karaca, \u015eakir Pa\u015fa Ailesi\u2019nin bir di\u011fer k\u0131z\u0131 olan Fahr\u00fcnnisa Zeyd karakterini oynuyor. \u015eakir Pa\u015fa Ailesindeki en zeki ve en ak\u0131ll\u0131 karakterlerden biri olarak kar\u015f\u0131m\u0131za \u00e7\u0131kan Fahr\u00fcnnisa, gelecekte Cumhuriyet tarihinin g\u00fc\u00e7l\u00fc kad\u0131n fig\u00fcrlerinden biri olacak.<\/p>\n<p><img loading=\"lazy\" decoding=\"async\" class=\"alignnone wp-image-128560\" src=\"https:\/\/www.tgrthaber.com\/mavikadin\/wp-content\/uploads\/Zeynep-Ebrar-Karaca-1-1024x576.jpg\" alt=\"\u00e7ocuk oyuncusu Zeynep Ebrar Karaca adeta oyunculuk dersi verdi! \" width=\"1208\" height=\"680\" title=\"\" srcset=\"https:\/\/www.tgrthaber.com\/mavikadin\/wp-content\/uploads\/Zeynep-Ebrar-Karaca-1-1024x576.jpg 1024w, https:\/\/www.tgrthaber.com\/mavikadin\/wp-content\/uploads\/Zeynep-Ebrar-Karaca-1-300x169.jpg 300w, https:\/\/www.tgrthaber.com\/mavikadin\/wp-content\/uploads\/Zeynep-Ebrar-Karaca-1-768x432.jpg 768w, https:\/\/www.tgrthaber.com\/mavikadin\/wp-content\/uploads\/Zeynep-Ebrar-Karaca-1-1536x864.jpg 1536w, https:\/\/www.tgrthaber.com\/mavikadin\/wp-content\/uploads\/Zeynep-Ebrar-Karaca-1.jpg 1600w\" sizes=\"(max-width: 1208px) 100vw, 1208px\" \/><\/p>\n<hr \/>\n<p>Fahr\u00fcnnisa Zeyd\u2019in \u00e7ocuklu\u011funu oynayan Zeynep Ebrar Karaca, ba\u015far\u0131l\u0131 oyunculuk performans\u0131yla dikkatleri \u00fczerine \u00e7ekiyor. \u0130leride y\u0131ld\u0131z\u0131 parlayan g\u00fc\u00e7l\u00fc oyuncular aras\u0131nda yer alacak olan Karaca, Fahr\u00fcnnisa karakteriyle g\u00f6z kama\u015ft\u0131r\u0131yor. \u0130lerleyen zamanlarda d\u00fcnyaca \u00fcnl\u00fc ressam olarak kar\u015f\u0131m\u0131za \u00e7\u0131kacak olan Fahr\u00fcnnisa karakteri, Irak b\u00fcy\u00fckel\u00e7isi Emir Zeyd ile evlenecek ve Zeyd soyad\u0131n\u0131 alacakt\u0131r. Fahr\u00fcnnisa karakterinin yeti\u015fkin halini ise Eda Ece\u2019nin oynayaca\u011f\u0131 konu\u015fulanlar aras\u0131nda yer al\u0131yor.<\/p>\n<h3><strong>ZEYNEP EBRAR KARACA K\u0130MD\u0130R?<\/strong><\/h3>\n<p>Zeynep Ebrar Karaca, 2013 y\u0131l\u0131nda d\u00fcnyaya geldi. E\u011fitim hayat\u0131na devam eden \u00e7ocuk oyuncu Karaca, e\u011fitimini aksatmadan oyunculuk kariyerini ilerletiyor. Orta okul \u00f6\u011frencisi olan Karaca, oyunculu\u011fa ilk ad\u0131m\u0131n\u0131 yer ald\u0131\u011f\u0131 reklam filmleriyle ger\u00e7ekle\u015ftirdi. Reklam filmleriyle oyunculuk sekt\u00f6r\u00fcne erken ya\u015flarda at\u0131lan Zeynep Ebrar Karaca, bir\u00e7ok \u00fcnl\u00fc markan\u0131n reklam y\u00fcz\u00fc olmu\u015ftur.<\/p>\n<p><img loading=\"lazy\" decoding=\"async\" class=\"alignnone wp-image-128556\" src=\"https:\/\/www.tgrthaber.com\/mavikadin\/wp-content\/uploads\/Zeynep-Ebrar-Karaca-2-1024x576.jpg\" alt=\"\u015eakir Pa\u015fa Ailesi dizisinin \u00e7ocuk oyuncusu Zeynep Ebrar Karaca adeta oyunculuk dersi verdi! \" width=\"1208\" height=\"680\" title=\"\" srcset=\"https:\/\/www.tgrthaber.com\/mavikadin\/wp-content\/uploads\/Zeynep-Ebrar-Karaca-2-1024x576.jpg 1024w, https:\/\/www.tgrthaber.com\/mavikadin\/wp-content\/uploads\/Zeynep-Ebrar-Karaca-2-300x169.jpg 300w, https:\/\/www.tgrthaber.com\/mavikadin\/wp-content\/uploads\/Zeynep-Ebrar-Karaca-2-768x432.jpg 768w, https:\/\/www.tgrthaber.com\/mavikadin\/wp-content\/uploads\/Zeynep-Ebrar-Karaca-2-1536x864.jpg 1536w, https:\/\/www.tgrthaber.com\/mavikadin\/wp-content\/uploads\/Zeynep-Ebrar-Karaca-2.jpg 1600w\" sizes=\"(max-width: 1208px) 100vw, 1208px\" \/><\/p>\n<hr \/>\n<p>Oyunculuk kariyerinde daha yeni yeni kendini geli\u015ftirmeye ba\u015flayan Karaca, \u00e7ok fazla projede yer almam\u0131\u015ft\u0131r. Karaca, \u00e7ok fazla projede yer almamas\u0131na ra\u011fmen ba\u015far\u0131l\u0131 performans\u0131yla dikkatleri \u00fczerine \u00e7ekiyor. Zeynep Ebrar Karaca, reklam filmlerinin ard\u0131ndan ilk oyunculuk deneyimini ATV ekranlar\u0131nda yay\u0131nlanan \u201cAte\u015f Ku\u015flar\u0131\u201d dizisiyle ger\u00e7ekle\u015ftirmi\u015ftir.<\/p>\n","protected":false},"excerpt":{"rendered":"<p>NOW TV ekranlar\u0131n\u0131n sevilen dizisi \u015eakir Pa\u015fa Ailesi: Mucizeler ve Skandallar\u2019\u0131n yeni b\u00f6l\u00fcm\u00fcne \u00e7ocuk oyuncu Zeynep Ebrar Karaca damga vurdu. \u0130\u015fte detaylar\u2026 <\/p>\n","protected":false},"author":26,"featured_media":128559,"comment_status":"closed","ping_status":"closed","sticky":false,"template":"","format":"standard","meta":{"rank_math_lock_modified_date":false,"footnotes":""},"categories":[76],"tags":[2324,5363,2963,4154],"class_list":["post-128541","post","type-post","status-publish","format-standard","has-post-thumbnail","hentry","category-magazin","tag-sakir-pasa-ailesi","tag-sakir-pasa-ailesi-cocuk-oyunculari","tag-sakir-pasa-ailesi-mucizeler-ve-skandallar","tag-zeynep-ebrar-karaca"],"_links":{"self":[{"href":"https:\/\/www.tgrthaber.com\/mavikadin\/wp-json\/wp\/v2\/posts\/128541"}],"collection":[{"href":"https:\/\/www.tgrthaber.com\/mavikadin\/wp-json\/wp\/v2\/posts"}],"about":[{"href":"https:\/\/www.tgrthaber.com\/mavikadin\/wp-json\/wp\/v2\/types\/post"}],"author":[{"embeddable":true,"href":"https:\/\/www.tgrthaber.com\/mavikadin\/wp-json\/wp\/v2\/users\/26"}],"replies":[{"embeddable":true,"href":"https:\/\/www.tgrthaber.com\/mavikadin\/wp-json\/wp\/v2\/comments?post=128541"}],"version-history":[{"count":3,"href":"https:\/\/www.tgrthaber.com\/mavikadin\/wp-json\/wp\/v2\/posts\/128541\/revisions"}],"predecessor-version":[{"id":128563,"href":"https:\/\/www.tgrthaber.com\/mavikadin\/wp-json\/wp\/v2\/posts\/128541\/revisions\/128563"}],"wp:featuredmedia":[{"embeddable":true,"href":"https:\/\/www.tgrthaber.com\/mavikadin\/wp-json\/wp\/v2\/media\/128559"}],"wp:attachment":[{"href":"https:\/\/www.tgrthaber.com\/mavikadin\/wp-json\/wp\/v2\/media?parent=128541"}],"wp:term":[{"taxonomy":"category","embeddable":true,"href":"https:\/\/www.tgrthaber.com\/mavikadin\/wp-json\/wp\/v2\/categories?post=128541"},{"taxonomy":"post_tag","embeddable":true,"href":"https:\/\/www.tgrthaber.com\/mavikadin\/wp-json\/wp\/v2\/tags?post=128541"}],"curies":[{"name":"wp","href":"https:\/\/api.w.org\/{rel}","templated":true}]}}