{"id":128586,"date":"2025-02-03T11:39:22","date_gmt":"2025-02-03T08:39:22","guid":{"rendered":"https:\/\/www.tgrthaber.com\/mavikadin\/?p=128586"},"modified":"2025-02-03T11:39:22","modified_gmt":"2025-02-03T08:39:22","slug":"survivor-2025-yetenek-sizsiniz-gecesine-sema-ve-pinar-damga-vurdu-semanin-dilber-dansi-ve-pinarin-coraplari-gundem-oldu","status":"publish","type":"post","link":"https:\/\/www.tgrthaber.com\/mavikadin\/survivor-2025-yetenek-sizsiniz-gecesine-sema-ve-pinar-damga-vurdu-semanin-dilber-dansi-ve-pinarin-coraplari-gundem-oldu\/","title":{"rendered":"Survivor 2025 \u2018Yetenek Sizsiniz\u2019 gecesine Sema ve P\u0131nar damga vurdu! Sema\u2019n\u0131n Dilber dans\u0131 ve P\u0131nar\u2019\u0131n \u00e7oraplar\u0131 g\u00fcndem oldu"},"content":{"rendered":"<p>TV8 ekranlar\u0131n\u0131n b\u00fcy\u00fck bir ilgiyle takip edilen yar\u0131\u015fmas\u0131 Survivor 2025 h\u0131z kesmeden devam ediyor. Yar\u0131\u015fmac\u0131lar bu kez parkurdaki performanslar\u0131n\u0131 de\u011fil, sahnedeki yeteneklerini konu\u015fturdu. Ge\u00e7ti\u011fimiz ak\u015fam Survivor 2025 yar\u0131\u015fmas\u0131na \u2018Yetenek Sizsiniz Survivor\u2019 gecesi damga vurdu. All Star ve G\u00f6n\u00fcll\u00fcler tak\u0131m\u0131ndaki yar\u0131\u015fmac\u0131lar\u0131n yeteneklerini sergiledi\u011fi gecede Sema ve P\u0131nar g\u00fcndem oldu. Sema Dilber dans\u0131yla dikkatleri \u00fczerine \u00e7ekerken, P\u0131nar \u00e7oraplar\u0131yla geceye damga vurdu.<\/p>\n<hr \/>\n<h3>SURV\u0130VOR 2025\u2019E \u2018YETENEK S\u0130ZS\u0130N\u0130Z\u2019 GECES\u0130 DAMGA VURDU!<\/h3>\n<p>Seyircinin b\u00fcy\u00fck bir ilgiyle takip etti\u011fi Survivor 2025 yar\u0131\u015fmas\u0131n\u0131n 2 \u015eubat Pazar ak\u015fam\u0131 yay\u0131nlanan yeni b\u00f6l\u00fcm\u00fc farkl\u0131 bir konseptle izleyici kar\u015f\u0131s\u0131na \u00e7\u0131kt\u0131. \u2018Yetenek Sizsiniz Survivor\u2019 konseptiyle ekranlara gelen gecede All Star ve G\u00f6n\u00fcll\u00fcler tak\u0131m\u0131 yeteneklerini sergiledi.<\/p>\n<p><img loading=\"lazy\" decoding=\"async\" class=\"alignnone wp-image-128592\" src=\"https:\/\/www.tgrthaber.com\/mavikadin\/wp-content\/uploads\/Survivor-2025-1-1024x576.jpg\" alt=\"Survivor 2025 \u2018Yetenek Sizsiniz\u2019 gecesine Sema ve P\u0131nar damga vurdu! \" width=\"1208\" height=\"680\" title=\"\" srcset=\"https:\/\/www.tgrthaber.com\/mavikadin\/wp-content\/uploads\/Survivor-2025-1-1024x576.jpg 1024w, https:\/\/www.tgrthaber.com\/mavikadin\/wp-content\/uploads\/Survivor-2025-1-300x169.jpg 300w, https:\/\/www.tgrthaber.com\/mavikadin\/wp-content\/uploads\/Survivor-2025-1-768x432.jpg 768w, https:\/\/www.tgrthaber.com\/mavikadin\/wp-content\/uploads\/Survivor-2025-1-1536x864.jpg 1536w, https:\/\/www.tgrthaber.com\/mavikadin\/wp-content\/uploads\/Survivor-2025-1.jpg 1600w\" sizes=\"(max-width: 1208px) 100vw, 1208px\" \/><\/p>\n<hr \/>\n<p>Seyirciye e\u011flenceli anlar ya\u015fatan Survivor 2025 yar\u0131\u015fmas\u0131nda yar\u0131\u015fmac\u0131lar birbirinden farkl\u0131 performanslar\u0131yla yeteneklerini sergiledi. Unutulmaz bir gecenin ya\u015fand\u0131\u011f\u0131 b\u00f6l\u00fcmde performanslar\u0131 Acun Il\u0131cal\u0131 ve Hadise de\u011ferlendirdi.<\/p>\n<h3>SEMA\u2019NIN D\u0130LBER DANSI VE PINAR\u2019IN \u00c7ORAPLARI G\u00dcNDEM OLDU!<\/h3>\n<p>Survivor 2025 yar\u0131\u015fmas\u0131nda yar\u0131\u015fmac\u0131lar bu kez parkurdaki performanslar\u0131n\u0131 de\u011fil, sahnedeki yeteneklerini konu\u015fturdu. Hem seyircilere hem de ada hayat\u0131na e\u011flenceli bir soluk getiren \u2018Yetenek Sizsiniz Survivor\u2019 gecesine Sema ve P\u0131nar damga vurdu. Yar\u0131\u015fmac\u0131lar\u0131n farkl\u0131 yeteneklerle izleyici kar\u015f\u0131s\u0131na \u00e7\u0131kt\u0131\u011f\u0131 gecede birbirinden ba\u015far\u0131l\u0131 performanslar sergilendi.<\/p>\n<p><img loading=\"lazy\" decoding=\"async\" class=\"alignnone wp-image-128594\" src=\"https:\/\/www.tgrthaber.com\/mavikadin\/wp-content\/uploads\/Survivor-2025-3-1024x576.jpg\" alt=\"Survivor 2025 \u2018Yetenek Sizsiniz\u2019 gecesine Sema ve P\u0131nar damga vurdu! \" width=\"1208\" height=\"680\" title=\"\" srcset=\"https:\/\/www.tgrthaber.com\/mavikadin\/wp-content\/uploads\/Survivor-2025-3-1024x576.jpg 1024w, https:\/\/www.tgrthaber.com\/mavikadin\/wp-content\/uploads\/Survivor-2025-3-300x169.jpg 300w, https:\/\/www.tgrthaber.com\/mavikadin\/wp-content\/uploads\/Survivor-2025-3-768x432.jpg 768w, https:\/\/www.tgrthaber.com\/mavikadin\/wp-content\/uploads\/Survivor-2025-3-1536x864.jpg 1536w, https:\/\/www.tgrthaber.com\/mavikadin\/wp-content\/uploads\/Survivor-2025-3.jpg 1600w\" sizes=\"(max-width: 1208px) 100vw, 1208px\" \/><\/p>\n<hr \/>\n<p>J\u00fcri \u00fcyelerinden Hadise, online olarak ba\u011fland\u0131\u011f\u0131 gecede Sema\u2019dan Dilber dans\u0131 yapmas\u0131n\u0131 istedi. Sema\u2019n\u0131n Dilber dans\u0131 ise geceye damga vurdu. Di\u011fer yandan P\u0131nar\u2019\u0131n Dilber \u00e7oraplar\u0131 da dikkatlerden ka\u00e7mad\u0131. Ge\u00e7ti\u011fimiz y\u0131l P\u0131nar ve Sema aras\u0131nda ya\u015fanan gerilimin ard\u0131ndan Sema yar\u0131\u015fmadan diskalifiye olmu\u015ftu. Yar\u0131\u015fma sonras\u0131nda ise Sema\u2019n\u0131n sosyal medya hesab\u0131ndan payla\u015ft\u0131\u011f\u0131 Dilber dans\u0131 videosuyla P\u0131nar dalga ge\u00e7mi\u015fti.<\/p>\n<p><img loading=\"lazy\" decoding=\"async\" class=\"alignnone wp-image-128595\" src=\"https:\/\/www.tgrthaber.com\/mavikadin\/wp-content\/uploads\/Survivor-2025-6-1024x576.jpg\" alt=\"Survivor 2025 \u2018Yetenek Sizsiniz\u2019 gecesine Sema ve P\u0131nar damga vurdu! \" width=\"1208\" height=\"680\" title=\"\" srcset=\"https:\/\/www.tgrthaber.com\/mavikadin\/wp-content\/uploads\/Survivor-2025-6-1024x576.jpg 1024w, https:\/\/www.tgrthaber.com\/mavikadin\/wp-content\/uploads\/Survivor-2025-6-300x169.jpg 300w, https:\/\/www.tgrthaber.com\/mavikadin\/wp-content\/uploads\/Survivor-2025-6-768x432.jpg 768w, https:\/\/www.tgrthaber.com\/mavikadin\/wp-content\/uploads\/Survivor-2025-6-1536x864.jpg 1536w, https:\/\/www.tgrthaber.com\/mavikadin\/wp-content\/uploads\/Survivor-2025-6.jpg 1600w\" sizes=\"(max-width: 1208px) 100vw, 1208px\" \/><\/p>\n<hr \/>\n<h3>YETENEKS\u0130Z S\u0130ZS\u0130N\u0130Z SURV\u0130VOR YARI\u015eMASININ \u00d6D\u00dcL\u00dc NE OLDU?<\/h3>\n<p>Seyircilerin b\u00fcy\u00fck bir heyecanla bekledi\u011fi ve e\u011flenceli anlar\u0131n ya\u015fand\u0131\u011f\u0131 gecede \u00f6d\u00fcl oyunun ne oldu\u011fu da merak konusu oldu. Acun Il\u0131cal\u0131, b\u00fcy\u00fck \u00f6d\u00fcl\u00fc kazanan tak\u0131m\u0131n 5 g\u00fcn boyunca villada konaklayaca\u011f\u0131n\u0131 a\u00e7\u0131klad\u0131.<\/p>\n<p><img loading=\"lazy\" decoding=\"async\" class=\"alignnone wp-image-128596\" src=\"https:\/\/www.tgrthaber.com\/mavikadin\/wp-content\/uploads\/Survivor-2025-5-1024x576.jpg\" alt=\"Survivor 2025 \u2018Yetenek Sizsiniz\u2019 gecesine Sema ve P\u0131nar damga vurdu! \" width=\"1208\" height=\"680\" title=\"\" srcset=\"https:\/\/www.tgrthaber.com\/mavikadin\/wp-content\/uploads\/Survivor-2025-5-1024x576.jpg 1024w, https:\/\/www.tgrthaber.com\/mavikadin\/wp-content\/uploads\/Survivor-2025-5-300x169.jpg 300w, https:\/\/www.tgrthaber.com\/mavikadin\/wp-content\/uploads\/Survivor-2025-5-768x432.jpg 768w, https:\/\/www.tgrthaber.com\/mavikadin\/wp-content\/uploads\/Survivor-2025-5-1536x864.jpg 1536w, https:\/\/www.tgrthaber.com\/mavikadin\/wp-content\/uploads\/Survivor-2025-5.jpg 1600w\" sizes=\"(max-width: 1208px) 100vw, 1208px\" \/><\/p>\n<hr \/>\n<p>Villa \u00f6d\u00fcl\u00fcn\u00fc kazanan tak\u0131m\u0131n, 5 g\u00fcn boyunca sabah kahvalt\u0131s\u0131 ve ak\u015fam yemekleri yeme haklar\u0131n\u0131n da oldu\u011fu \u00f6\u011frenildi. B\u00fcy\u00fck \u00f6d\u00fcl\u00fc \u00f6\u011frenen yar\u0131\u015fmac\u0131lar ise \u00f6d\u00fcl\u00fc kazanmak i\u00e7in t\u00fcm yeteneklerini ortaya koydu.<\/p>\n<h3>YETENEKS\u0130Z S\u0130ZS\u0130N\u0130Z SURV\u0130VOR YARI\u015eMASINI K\u0130M KAZANDI?<\/h3>\n<p>All Star ve G\u00f6n\u00fcll\u00fcler tak\u0131m\u0131ndaki yar\u0131\u015fmac\u0131lar\u0131n birbirinden g\u00fczel yetenekleri geceye damga vurdu. Yar\u0131\u015fman\u0131n kazanan\u0131 ise seyirciler taraf\u0131ndan merak edildi. Survivor 2025 yetenek yar\u0131\u015fmas\u0131n\u0131n kazanan\u0131 hen\u00fcz a\u00e7\u0131klanmad\u0131.<\/p>\n<p><img loading=\"lazy\" decoding=\"async\" class=\"alignnone wp-image-128597\" src=\"https:\/\/www.tgrthaber.com\/mavikadin\/wp-content\/uploads\/Survivor-2025-4-1024x576.jpg\" alt=\"Survivor 2025 \u2018Yetenek Sizsiniz\u2019 gecesine Sema ve P\u0131nar damga vurdu! \" width=\"1208\" height=\"680\" title=\"\" srcset=\"https:\/\/www.tgrthaber.com\/mavikadin\/wp-content\/uploads\/Survivor-2025-4-1024x576.jpg 1024w, https:\/\/www.tgrthaber.com\/mavikadin\/wp-content\/uploads\/Survivor-2025-4-300x169.jpg 300w, https:\/\/www.tgrthaber.com\/mavikadin\/wp-content\/uploads\/Survivor-2025-4-768x432.jpg 768w, https:\/\/www.tgrthaber.com\/mavikadin\/wp-content\/uploads\/Survivor-2025-4-1536x864.jpg 1536w, https:\/\/www.tgrthaber.com\/mavikadin\/wp-content\/uploads\/Survivor-2025-4.jpg 1600w\" sizes=\"(max-width: 1208px) 100vw, 1208px\" \/><\/p>\n<hr \/>\n<p>Yar\u0131\u015fman\u0131n kazanan\u0131 seyirci de\u011ferlendirmesinin ortalamas\u0131 al\u0131nd\u0131ktan sonra belli olacak. Yetenek Sizsiniz Survivor yar\u0131\u015fmas\u0131n\u0131n b\u00fcy\u00fck \u00f6d\u00fcl\u00fcnde ise kazanan tak\u0131m 5 g\u00fcn boyunca villada konaklayacak.<\/p>\n","protected":false},"excerpt":{"rendered":"<p>Ge\u00e7ti\u011fimiz ak\u015fam Survivor 2025 yar\u0131\u015fmas\u0131nda e\u011flenceli anlar ya\u015fand\u0131. \u2018Yetenek Sizsiniz Survivor\u2019 gecesine Sema ve P\u0131nar damga vurdu. \u0130\u015fte detaylar\u2026 <\/p>\n","protected":false},"author":26,"featured_media":128589,"comment_status":"closed","ping_status":"closed","sticky":false,"template":"","format":"standard","meta":{"rank_math_lock_modified_date":false,"footnotes":""},"categories":[76],"tags":[3444,6901,9727,2728,6744,9726],"class_list":["post-128586","post","type-post","status-publish","format-standard","has-post-thumbnail","hentry","category-magazin","tag-pinar-saka","tag-pinar-saka-sema-aydemir","tag-sema-aydemir","tag-survivor-2025","tag-survivor-pinar-saka","tag-survivor-sema"],"_links":{"self":[{"href":"https:\/\/www.tgrthaber.com\/mavikadin\/wp-json\/wp\/v2\/posts\/128586"}],"collection":[{"href":"https:\/\/www.tgrthaber.com\/mavikadin\/wp-json\/wp\/v2\/posts"}],"about":[{"href":"https:\/\/www.tgrthaber.com\/mavikadin\/wp-json\/wp\/v2\/types\/post"}],"author":[{"embeddable":true,"href":"https:\/\/www.tgrthaber.com\/mavikadin\/wp-json\/wp\/v2\/users\/26"}],"replies":[{"embeddable":true,"href":"https:\/\/www.tgrthaber.com\/mavikadin\/wp-json\/wp\/v2\/comments?post=128586"}],"version-history":[{"count":1,"href":"https:\/\/www.tgrthaber.com\/mavikadin\/wp-json\/wp\/v2\/posts\/128586\/revisions"}],"predecessor-version":[{"id":128598,"href":"https:\/\/www.tgrthaber.com\/mavikadin\/wp-json\/wp\/v2\/posts\/128586\/revisions\/128598"}],"wp:featuredmedia":[{"embeddable":true,"href":"https:\/\/www.tgrthaber.com\/mavikadin\/wp-json\/wp\/v2\/media\/128589"}],"wp:attachment":[{"href":"https:\/\/www.tgrthaber.com\/mavikadin\/wp-json\/wp\/v2\/media?parent=128586"}],"wp:term":[{"taxonomy":"category","embeddable":true,"href":"https:\/\/www.tgrthaber.com\/mavikadin\/wp-json\/wp\/v2\/categories?post=128586"},{"taxonomy":"post_tag","embeddable":true,"href":"https:\/\/www.tgrthaber.com\/mavikadin\/wp-json\/wp\/v2\/tags?post=128586"}],"curies":[{"name":"wp","href":"https:\/\/api.w.org\/{rel}","templated":true}]}}