{"id":128642,"date":"2025-02-03T13:12:10","date_gmt":"2025-02-03T10:12:10","guid":{"rendered":"https:\/\/www.tgrthaber.com\/mavikadin\/?p=128642"},"modified":"2025-02-03T14:11:26","modified_gmt":"2025-02-03T11:11:26","slug":"b12-eksikligi-nedir-neden-olur-b12-eksikliginin-belirtileri-ve-tedavisi","status":"publish","type":"post","link":"https:\/\/www.tgrthaber.com\/mavikadin\/b12-eksikligi-nedir-neden-olur-b12-eksikliginin-belirtileri-ve-tedavisi\/","title":{"rendered":"B12 eksikli\u011fi nedir, neden olur? B12 eksikli\u011finin belirtileri ve tedavisi"},"content":{"rendered":"<p>Pek \u00e7ok ki\u015fi, B12 eksikli\u011fiyle ili\u015fkili semptomlar\u0131 basit bir yorgunluk veya stres belirtisi olarak yorumlayabilir. Oysa ki devam eden halsizlik, ba\u015f a\u011fr\u0131s\u0131, sinir sistemi problemleri ve bili\u015fsel gerileme, yetersiz B12 d\u00fczeylerinin habercisi olabilir. \u201cB12 eksikli\u011fi i\u00e7in ne yemeli?\u201d sorusu da bu s\u00fcre\u00e7te en \u00e7ok merak edilenler aras\u0131nda yer al\u0131r. \u00c7\u00fcnk\u00fc beslenme al\u0131\u015fkanl\u0131klar\u0131m\u0131z\u0131 d\u00fczenleyerek, takviye ya da ila\u00e7 kullan\u0131m\u0131na ihtiya\u00e7 kalmadan da B12 seviyelerimizi dengeleyebilmemiz m\u00fcmk\u00fcn. Yine de a\u011f\u0131r eksiklik durumlar\u0131nda hekim tavsiyesine ba\u015fvurmak gerekir.<\/p>\n<h3>B12 EKS\u0130KL\u0130\u011e\u0130 NED\u0130R VE NEDEN OLUR?<\/h3>\n<p><img loading=\"lazy\" decoding=\"async\" class=\"alignnone wp-image-128654\" src=\"https:\/\/www.tgrthaber.com\/mavikadin\/wp-content\/uploads\/2222-5.png\" alt=\"\" width=\"1208\" height=\"680\" title=\"\" srcset=\"https:\/\/www.tgrthaber.com\/mavikadin\/wp-content\/uploads\/2222-5.png 1280w, https:\/\/www.tgrthaber.com\/mavikadin\/wp-content\/uploads\/2222-5-300x169.png 300w, https:\/\/www.tgrthaber.com\/mavikadin\/wp-content\/uploads\/2222-5-1024x576.png 1024w, https:\/\/www.tgrthaber.com\/mavikadin\/wp-content\/uploads\/2222-5-768x432.png 768w\" sizes=\"(max-width: 1208px) 100vw, 1208px\" \/><\/p>\n<hr \/>\n<p>B12 eksikli\u011fi, v\u00fccutta yeterince B12 vitamini bulunmamas\u0131 h\u00e2lini ifade eder. Bu durum, \u00e7e\u015fitli fakt\u00f6rlerden kaynaklanabilir. \u00d6zellikle hayvansal \u00fcr\u00fcn t\u00fcketiminin az oldu\u011fu vegan veya vejetaryen beslenme modelinde B12 eksikli\u011fi daha s\u0131k g\u00f6r\u00fclebilir. Baz\u0131 ki\u015filerin ince ba\u011f\u0131rsak veya mide sorunlar\u0131 nedeniyle B12 emilimi bozulur ve bu da eksikli\u011fe zemin haz\u0131rlar. Ayr\u0131ca pernisi\u00f6z anemi ad\u0131 verilen otoimm\u00fcn rahats\u0131zl\u0131kta, v\u00fccudun B12 emilimi yapan h\u00fccreleri hasar g\u00f6r\u00fcr. \u0130lerlemi\u015f ya\u015f, kronik alkol t\u00fcketimi ve baz\u0131 ila\u00e7 kullan\u0131mlar\u0131 da B12 eksikli\u011finin di\u011fer nedenleri aras\u0131nda yer al\u0131r. Temelinde ise, besinsel yetersizlik ve emilim bozukluklar\u0131n\u0131n bir arada g\u00f6r\u00fclmesi bulunur.<\/p>\n<p><img loading=\"lazy\" decoding=\"async\" class=\"alignnone wp-image-128653\" src=\"https:\/\/www.tgrthaber.com\/mavikadin\/wp-content\/uploads\/333-5.png\" alt=\"\" width=\"1208\" height=\"680\" title=\"\" srcset=\"https:\/\/www.tgrthaber.com\/mavikadin\/wp-content\/uploads\/333-5.png 1280w, https:\/\/www.tgrthaber.com\/mavikadin\/wp-content\/uploads\/333-5-300x169.png 300w, https:\/\/www.tgrthaber.com\/mavikadin\/wp-content\/uploads\/333-5-1024x576.png 1024w, https:\/\/www.tgrthaber.com\/mavikadin\/wp-content\/uploads\/333-5-768x432.png 768w\" sizes=\"(max-width: 1208px) 100vw, 1208px\" \/><\/p>\n<hr \/>\n<h3>B12 EKS\u0130KL\u0130\u011e\u0130 BEL\u0130RT\u0130LER\u0130<\/h3>\n<p>Bu eksiklik, hem fiziksel hem de psikolojik etkilerle kendini g\u00f6sterebilir. A\u015fa\u011f\u0131da yer alan semptomlar, B12 eksikli\u011finde s\u0131k\u00e7a rapor edilir. Bu maddelere ek olarak, belirtilerin \u015fiddeti ki\u015finin ya\u015fam tarz\u0131na ve b\u00fcnyesine g\u00f6re de\u011fi\u015fiklik g\u00f6sterebilir:<\/p>\n<p><strong>\u2022 Kronik Yorgunluk ve Halsizlik:<\/strong> V\u00fccut enerjisinin d\u00fc\u015fmesi sonucu g\u00fcnl\u00fck aktivitelerde \u00e7abuk yorulma.<\/p>\n<p><strong>\u2022 Ba\u015f A\u011fr\u0131s\u0131 ve Denge Sorunlar\u0131:<\/strong> Yetersiz oksijen ta\u015f\u0131ma kapasitesi nedeniyle beyin fonksiyonlar\u0131n\u0131n etkilenmesi.<\/p>\n<p><strong>\u2022 Haf\u0131za ve Konsantrasyon Zay\u0131fl\u0131\u011f\u0131:<\/strong> \u00d6zellikle uzun s\u00fcren eksiklik durumlar\u0131nda bili\u015fsel i\u015flevlerde gerileme.<br \/>\nT\u00fcm bu belirtiler, ba\u015fka rahats\u0131zl\u0131klar\u0131n da i\u015fareti olabilir. Dolay\u0131s\u0131yla \u015f\u00fcphe h\u00e2linde kan testi yapt\u0131rarak ger\u00e7ek sebebin B12 eksikli\u011fi olup olmad\u0131\u011f\u0131n\u0131 netle\u015ftirmek gerekir.<\/p>\n<p><img loading=\"lazy\" decoding=\"async\" class=\"alignnone wp-image-128657\" src=\"https:\/\/www.tgrthaber.com\/mavikadin\/wp-content\/uploads\/55555-1.png\" alt=\"\" width=\"1208\" height=\"680\" title=\"\" srcset=\"https:\/\/www.tgrthaber.com\/mavikadin\/wp-content\/uploads\/55555-1.png 1280w, https:\/\/www.tgrthaber.com\/mavikadin\/wp-content\/uploads\/55555-1-300x169.png 300w, https:\/\/www.tgrthaber.com\/mavikadin\/wp-content\/uploads\/55555-1-1024x576.png 1024w, https:\/\/www.tgrthaber.com\/mavikadin\/wp-content\/uploads\/55555-1-768x432.png 768w\" sizes=\"(max-width: 1208px) 100vw, 1208px\" \/><\/p>\n<hr \/>\n<h3>B12 EKS\u0130KL\u0130\u011e\u0130 TEDAV\u0130S\u0130 VE NE YEMEL\u0130?<\/h3>\n<p>B12 eksikli\u011fi tedavisi, eksikli\u011fin d\u00fczeyine ve altta yatan nedene g\u00f6re de\u011fi\u015fir. Hafif eksikliklerde beslenme d\u00fczenini de\u011fi\u015ftirmek bile olumlu sonu\u00e7lar verebilir. A\u015fa\u011f\u0131da, tedavi s\u00fcrecine destek olabilecek baz\u0131 noktalar yer al\u0131yor. Ancak her durumda hekim \u00f6nerisine uymak \u00f6nemlidir.<\/p>\n<p><img loading=\"lazy\" decoding=\"async\" class=\"alignnone wp-image-128658\" src=\"https:\/\/www.tgrthaber.com\/mavikadin\/wp-content\/uploads\/66666-1.png\" alt=\"\" width=\"1208\" height=\"680\" title=\"\" srcset=\"https:\/\/www.tgrthaber.com\/mavikadin\/wp-content\/uploads\/66666-1.png 1280w, https:\/\/www.tgrthaber.com\/mavikadin\/wp-content\/uploads\/66666-1-300x169.png 300w, https:\/\/www.tgrthaber.com\/mavikadin\/wp-content\/uploads\/66666-1-1024x576.png 1024w, https:\/\/www.tgrthaber.com\/mavikadin\/wp-content\/uploads\/66666-1-768x432.png 768w\" sizes=\"(max-width: 1208px) 100vw, 1208px\" \/><\/p>\n<hr \/>\n<p><strong>\u2022 Beslenme D\u00fczenlemesi:<\/strong> K\u0131rm\u0131z\u0131 et, bal\u0131k, yumurta, s\u00fct \u00fcr\u00fcnleri gibi hayvansal g\u0131dalar B12 bak\u0131m\u0131ndan zengindir. \u00d6zellikle vejetaryen veya vegan iseniz, B12 ile zenginle\u015ftirilmi\u015f \u00fcr\u00fcnleri tercih etmelisiniz.<\/p>\n<p><strong>\u2022 Vitamin Takviyeleri:<\/strong> Eksikli\u011fin \u015fiddetine g\u00f6re doktorunuz, g\u00fcnl\u00fck veya haftal\u0131k B12 tabletleri ya da enjeksiyonlar\u0131 \u00f6nerebilir.<\/p>\n<p>Bu takviyelerle de\u011ferleri k\u0131sa s\u00fcrede normal seviyeye \u00e7\u0131karmak m\u00fcmk\u00fcnd\u00fcr. Tedavinin ba\u015far\u0131l\u0131 olabilmesi i\u00e7in, B12 d\u00fc\u015f\u00fckl\u00fc\u011f\u00fcne neden olan as\u0131l problem (emilim bozuklu\u011fu veya kronik hastal\u0131klar gibi) g\u00f6z \u00f6n\u00fcnde bulundurulmal\u0131d\u0131r. D\u00fczenli kan tahlilleriyle takip etmek, seviyelerin korunmas\u0131na yard\u0131mc\u0131 olur.<\/p>\n<p><img loading=\"lazy\" decoding=\"async\" class=\"alignnone wp-image-128659\" src=\"https:\/\/www.tgrthaber.com\/mavikadin\/wp-content\/uploads\/Purple-Aesthetic-Watercolor-Zoom-Virtual-Background-143.png\" alt=\"\" width=\"1208\" height=\"680\" title=\"\" srcset=\"https:\/\/www.tgrthaber.com\/mavikadin\/wp-content\/uploads\/Purple-Aesthetic-Watercolor-Zoom-Virtual-Background-143.png 1280w, https:\/\/www.tgrthaber.com\/mavikadin\/wp-content\/uploads\/Purple-Aesthetic-Watercolor-Zoom-Virtual-Background-143-300x169.png 300w, https:\/\/www.tgrthaber.com\/mavikadin\/wp-content\/uploads\/Purple-Aesthetic-Watercolor-Zoom-Virtual-Background-143-1024x576.png 1024w, https:\/\/www.tgrthaber.com\/mavikadin\/wp-content\/uploads\/Purple-Aesthetic-Watercolor-Zoom-Virtual-Background-143-768x432.png 768w\" sizes=\"(max-width: 1208px) 100vw, 1208px\" \/><\/p>\n<hr \/>\n<h3>SIK\u00c7A SORULAN SORULAR<\/h3>\n<p><strong>B12 eksikli\u011fi v\u00fccutta ne gibi belirtiler yapar?<\/strong><\/p>\n<p>Yorgunluk, sinir sistemi bozukluklar\u0131, haf\u0131za ve konsantrasyon problemleri, hatta depresyona e\u011filim gibi hem fiziksel hem de psikolojik etkiler yaratabilir.<\/p>\n<p><strong>B12 eksikli\u011fi en h\u0131zl\u0131 nas\u0131l giderilir?<\/strong><\/p>\n<p>Dengeli beslenme, \u00f6zellikle hayvansal kaynakl\u0131 g\u0131dalar\u0131n t\u00fcketilmesi ve doktor \u00f6nerisiyle al\u0131nan takviyeler sayesinde de\u011ferleri h\u0131zla normale \u00e7ekmek m\u00fcmk\u00fcn.<\/p>\n<p><img loading=\"lazy\" decoding=\"async\" class=\"alignnone wp-image-128656\" src=\"https:\/\/www.tgrthaber.com\/mavikadin\/wp-content\/uploads\/6666.png\" alt=\"\" width=\"1208\" height=\"680\" title=\"\" srcset=\"https:\/\/www.tgrthaber.com\/mavikadin\/wp-content\/uploads\/6666.png 1280w, https:\/\/www.tgrthaber.com\/mavikadin\/wp-content\/uploads\/6666-300x169.png 300w, https:\/\/www.tgrthaber.com\/mavikadin\/wp-content\/uploads\/6666-1024x576.png 1024w, https:\/\/www.tgrthaber.com\/mavikadin\/wp-content\/uploads\/6666-768x432.png 768w\" sizes=\"(max-width: 1208px) 100vw, 1208px\" \/><\/p>\n<hr \/>\n<p><strong>B12 eksikli\u011fi \u00e7ok d\u00fc\u015ferse ne olur?<\/strong><\/p>\n<p>\u0130leri d\u00fczeydeki eksiklikte n\u00f6rolojik hasar riski artar; denge sorunlar\u0131, ellerde-ayaklarda uyu\u015fma ve geri d\u00f6nmesi zor rahats\u0131zl\u0131klar g\u00f6r\u00fclebilir.<\/p>\n<p><strong>B12 eksikli\u011fi cinselli\u011fi etkiler mi?<\/strong><\/p>\n<p>Uzun s\u00fcren yorgunluk ve psikolojik belirtiler, libido d\u00fc\u015f\u00fckl\u00fc\u011f\u00fc veya cinsel isteksizlik gibi sorunlara yol a\u00e7abilir. Dolay\u0131s\u0131yla dolayl\u0131 olarak cinsellik \u00fczerinde de etkisi olabilir.<\/p>\n","protected":false},"excerpt":{"rendered":"<p>B12 vitamini, v\u00fccudun metabolik fonksiyonlar\u0131n\u0131n sa\u011fl\u0131kl\u0131 bir \u015fekilde i\u015flemesi i\u00e7in gerekli temel besin \u00f6\u011felerinden biridir. Sinir sistemi, kan h\u00fccrelerinin \u00fcretimi ve beyin fonksiyonlar\u0131n\u0131n d\u00fczenlenmesinde rol oynayan bu vitaminin eksikli\u011fi, ya\u015fam kalitesini \u00f6nemli \u00f6l\u00e7\u00fcde d\u00fc\u015f\u00fcr\u00fcr. \u201cB12 eksikli\u011fi nedir\u201d sorusuna yan\u0131t arayanlar, genellikle yorgunluk, konsantrasyon bozuklu\u011fu veya unutkanl\u0131k gibi belirtilerle kar\u015f\u0131la\u015f\u0131r.<\/p>\n","protected":false},"author":28,"featured_media":128652,"comment_status":"closed","ping_status":"closed","sticky":false,"template":"","format":"standard","meta":{"rank_math_lock_modified_date":false,"footnotes":""},"categories":[1991],"tags":[9743,9741,9740,9742],"class_list":["post-128642","post","type-post","status-publish","format-standard","has-post-thumbnail","hentry","category-saglik","tag-b12-eksikligi","tag-b12-eksikligi-belirtileri","tag-b12-eksikligi-nedir","tag-b12-eksikligi-tedavisi"],"_links":{"self":[{"href":"https:\/\/www.tgrthaber.com\/mavikadin\/wp-json\/wp\/v2\/posts\/128642"}],"collection":[{"href":"https:\/\/www.tgrthaber.com\/mavikadin\/wp-json\/wp\/v2\/posts"}],"about":[{"href":"https:\/\/www.tgrthaber.com\/mavikadin\/wp-json\/wp\/v2\/types\/post"}],"author":[{"embeddable":true,"href":"https:\/\/www.tgrthaber.com\/mavikadin\/wp-json\/wp\/v2\/users\/28"}],"replies":[{"embeddable":true,"href":"https:\/\/www.tgrthaber.com\/mavikadin\/wp-json\/wp\/v2\/comments?post=128642"}],"version-history":[{"count":2,"href":"https:\/\/www.tgrthaber.com\/mavikadin\/wp-json\/wp\/v2\/posts\/128642\/revisions"}],"predecessor-version":[{"id":128661,"href":"https:\/\/www.tgrthaber.com\/mavikadin\/wp-json\/wp\/v2\/posts\/128642\/revisions\/128661"}],"wp:featuredmedia":[{"embeddable":true,"href":"https:\/\/www.tgrthaber.com\/mavikadin\/wp-json\/wp\/v2\/media\/128652"}],"wp:attachment":[{"href":"https:\/\/www.tgrthaber.com\/mavikadin\/wp-json\/wp\/v2\/media?parent=128642"}],"wp:term":[{"taxonomy":"category","embeddable":true,"href":"https:\/\/www.tgrthaber.com\/mavikadin\/wp-json\/wp\/v2\/categories?post=128642"},{"taxonomy":"post_tag","embeddable":true,"href":"https:\/\/www.tgrthaber.com\/mavikadin\/wp-json\/wp\/v2\/tags?post=128642"}],"curies":[{"name":"wp","href":"https:\/\/api.w.org\/{rel}","templated":true}]}}