{"id":128643,"date":"2025-02-03T13:06:21","date_gmt":"2025-02-03T10:06:21","guid":{"rendered":"https:\/\/www.tgrthaber.com\/mavikadin\/?p=128643"},"modified":"2025-02-05T16:16:07","modified_gmt":"2025-02-05T13:16:07","slug":"kardelenler-dizisi-hangi-kanalda-hangi-gun-yayinlaniyor","status":"publish","type":"post","link":"https:\/\/www.tgrthaber.com\/mavikadin\/kardelenler-dizisi-hangi-kanalda-hangi-gun-yayinlaniyor\/","title":{"rendered":"Kardelenler dizisi hangi kanalda, hangi g\u00fcn yay\u0131nlan\u0131yor?"},"content":{"rendered":"<p>Ge\u00e7ti\u011fimiz g\u00fcnlerde yay\u0131n hayat\u0131na ba\u015flayan Kardelenler dizisi izleyiciler taraf\u0131ndan b\u00fcy\u00fck bir ilgiyle kar\u015f\u0131land\u0131. Hem konusu hem de g\u00fc\u00e7l\u00fc oyuncu kadrosuyla dikkatleri \u00fczerine \u00e7eken dizinin hangi kanalda yay\u0131nland\u0131\u011f\u0131 da izleyiciler taraf\u0131ndan merak edildi. Peki, Kardelenler dizisi hangi kanalda yay\u0131nlan\u0131yor? Kardelenler dizisi ger\u00e7ek hik\u00e2ye mi? Kardelenler dizisi konu nedir? Kardelenler dizisinin oyuncular\u0131 kimlerdir? Kardelenler dizisiyle alakal\u0131 merak edilenleri sizin i\u00e7in ara\u015ft\u0131rd\u0131k. \u0130\u015fte Kardelenler dizisi hakk\u0131nda merak edilenler\u2026<\/p>\n<hr \/>\n<h3>KARDELENLER D\u0130Z\u0130S\u0130 HANG\u0130 KANALDA YAYINLANIYOR?<\/h3>\n<p>Yay\u0131n hayat\u0131na 2 \u015eubat Pazar g\u00fcn\u00fc ba\u015flayan Kardelenler dizisi ATV ekranlar\u0131nda izleyici ile bulu\u015fuyor. Hem konusu hem de g\u00fc\u00e7l\u00fc oyuncu kadrosuyla dikkatleri \u00fczerine \u00e7eken Kardelenler dizisi yay\u0131nland\u0131\u011f\u0131 ilk b\u00f6l\u00fcm\u00fcyle seyirciden tam not ald\u0131. ATV ekranlar\u0131n\u0131n iddial\u0131 dizileri aras\u0131nda yer alan Kardelenler dizisi, gen\u00e7 oyuncular\u0131yla da dikkat \u00e7ekiyor. Yeni y\u00fczler ve gen\u00e7 oyuncular katk\u0131lar\u0131yla hik\u00e2yeyi renklendiriyor.<\/p>\n<p><img loading=\"lazy\" decoding=\"async\" class=\"alignnone wp-image-128645\" src=\"https:\/\/www.tgrthaber.com\/mavikadin\/wp-content\/uploads\/Kardelenler-5-1024x576.jpg\" alt=\"Kardelenler dizisi hangi kanalda\" width=\"1208\" height=\"680\" title=\"\" srcset=\"https:\/\/www.tgrthaber.com\/mavikadin\/wp-content\/uploads\/Kardelenler-5-1024x576.jpg 1024w, https:\/\/www.tgrthaber.com\/mavikadin\/wp-content\/uploads\/Kardelenler-5-300x169.jpg 300w, https:\/\/www.tgrthaber.com\/mavikadin\/wp-content\/uploads\/Kardelenler-5-768x432.jpg 768w, https:\/\/www.tgrthaber.com\/mavikadin\/wp-content\/uploads\/Kardelenler-5-1536x864.jpg 1536w, https:\/\/www.tgrthaber.com\/mavikadin\/wp-content\/uploads\/Kardelenler-5.jpg 1600w\" sizes=\"(max-width: 1208px) 100vw, 1208px\" \/><\/p>\n<hr \/>\n<p>Y\u00f6netmenli\u011fini Serkan Birinci\u2019nin \u00fcstlendi\u011fi, senaryosunu ise G\u00fcl Abus Semerci\u2019nin kaleme ald\u0131\u011f\u0131 Kardelenler dizisi, ge\u00e7ti\u011fimiz g\u00fcnlerde yay\u0131nlanan ilk b\u00f6l\u00fcm\u00fcyle dikkatleri \u00fczerine toplamay\u0131 ba\u015fard\u0131. Tan\u0131t\u0131m\u0131yla da b\u00fcy\u00fck ses getiren dizi bir kaza sonucunda hayatlar\u0131 tamamen de\u011fi\u015fen bir ailenin yeniden bir araya gelme ve yaralar\u0131n\u0131 sarma m\u00fccadelesini konu al\u0131yor.<\/p>\n<h3>KARDELENLER D\u0130Z\u0130S\u0130 HANG\u0130 G\u00dcN YAYINLANIYOR?<\/h3>\n<p>ATV ekranlar\u0131nda ekran maceras\u0131na ba\u015flayan Kardelenler dizisi, her Pazar seyirci ile bulu\u015fuyor. \u0130lk b\u00f6l\u00fcm\u00fc ge\u00e7ti\u011fimiz g\u00fcnlerde, 2 \u015eubat Pazar g\u00fcn\u00fc ekrana gelen dizinin hangi g\u00fcn yay\u0131nlanaca\u011f\u0131 da merakla bekleniyordu. Kardelenler dizisi pazar ak\u015famlar\u0131 seyirci ile bulu\u015fmaya devam ediyor.<\/p>\n<p><img loading=\"lazy\" decoding=\"async\" class=\"alignnone wp-image-128646\" src=\"https:\/\/www.tgrthaber.com\/mavikadin\/wp-content\/uploads\/Kardelenler-6-1024x576.jpg\" alt=\"Kardelenler dizisi hangi kanalda\" width=\"1208\" height=\"680\" title=\"\" srcset=\"https:\/\/www.tgrthaber.com\/mavikadin\/wp-content\/uploads\/Kardelenler-6-1024x576.jpg 1024w, https:\/\/www.tgrthaber.com\/mavikadin\/wp-content\/uploads\/Kardelenler-6-300x169.jpg 300w, https:\/\/www.tgrthaber.com\/mavikadin\/wp-content\/uploads\/Kardelenler-6-768x432.jpg 768w, https:\/\/www.tgrthaber.com\/mavikadin\/wp-content\/uploads\/Kardelenler-6-1536x864.jpg 1536w, https:\/\/www.tgrthaber.com\/mavikadin\/wp-content\/uploads\/Kardelenler-6.jpg 1600w\" sizes=\"(max-width: 1208px) 100vw, 1208px\" \/><\/p>\n<hr \/>\n<p>Kardelenler dizisi pazar ak\u015famlar\u0131 izleyici ile bulu\u015fan Te\u015fkilat, Deha ve \u015eakir Pa\u015fa Ailesi\u2019ne rakip olarak geldi. \u0130lk b\u00f6l\u00fcm\u00fcyle ilgiyi \u00fczerine \u00e7eken dizinin ilerleyen b\u00f6l\u00fcmlerde nas\u0131l ilerleyece\u011fi ve hik\u00e2yenin nas\u0131l i\u015fleyece\u011fi merak ediliyor. Ayn\u0131 zamanda \u00e7ok g\u00fc\u00e7l\u00fc dizilerle birlikte ayn\u0131 kulvarda yar\u0131\u015fan Kardelenler dizisinin reytinglerde nas\u0131l bir ba\u015far\u0131 elde edece\u011fi de merak edilenler aras\u0131nda.<\/p>\n<p><img loading=\"lazy\" decoding=\"async\" class=\"alignnone wp-image-128647\" src=\"https:\/\/www.tgrthaber.com\/mavikadin\/wp-content\/uploads\/Kardelenler-7-1024x576.jpg\" alt=\"Kardelenler dizisi hangi kanalda\" width=\"1208\" height=\"680\" title=\"\" srcset=\"https:\/\/www.tgrthaber.com\/mavikadin\/wp-content\/uploads\/Kardelenler-7-1024x576.jpg 1024w, https:\/\/www.tgrthaber.com\/mavikadin\/wp-content\/uploads\/Kardelenler-7-300x169.jpg 300w, https:\/\/www.tgrthaber.com\/mavikadin\/wp-content\/uploads\/Kardelenler-7-768x432.jpg 768w, https:\/\/www.tgrthaber.com\/mavikadin\/wp-content\/uploads\/Kardelenler-7-1536x864.jpg 1536w, https:\/\/www.tgrthaber.com\/mavikadin\/wp-content\/uploads\/Kardelenler-7.jpg 1600w\" sizes=\"(max-width: 1208px) 100vw, 1208px\" \/><\/p>\n<hr \/>\n<h3>KARDELENLER D\u0130Z\u0130S\u0130N\u0130N KONUSU NE?<\/h3>\n<p>NGM Yap\u0131m imzas\u0131yla izleyici kar\u015f\u0131s\u0131na \u00e7\u0131kan Kardelenler dizisi, par\u00e7alanan bir ailenin yeniden bir araya geli\u015finin sars\u0131c\u0131 \u00f6yk\u00fcs\u00fcn\u00fc konu al\u0131yor. Talihsiz bir olay sonras\u0131nda yetimhaneye verilen karde\u015fler y\u0131llar sonra aile yeme\u011finde ger\u00e7ekle\u015fen y\u00fczle\u015fme sonras\u0131 kendilerini hi\u00e7 al\u0131\u015f\u0131k olmad\u0131klar\u0131 zengin ve ihti\u015faml\u0131 bir ya\u015fam\u0131n ve hayat\u0131n i\u00e7erisinde bulurlar. Fakat bu yeni ortama al\u0131\u015fmak, k\u0131r\u0131lan par\u00e7alar\u0131 toplamak ve yeniden aile olmay\u0131 denemek hi\u00e7 de kolay olmayacakt\u0131r.<\/p>\n<p><img loading=\"lazy\" decoding=\"async\" class=\"alignnone wp-image-128648\" src=\"https:\/\/www.tgrthaber.com\/mavikadin\/wp-content\/uploads\/Kardelenler-4-1024x576.jpg\" alt=\"Kardelenler dizisi hangi kanalda\" width=\"1208\" height=\"680\" title=\"\" srcset=\"https:\/\/www.tgrthaber.com\/mavikadin\/wp-content\/uploads\/Kardelenler-4-1024x576.jpg 1024w, https:\/\/www.tgrthaber.com\/mavikadin\/wp-content\/uploads\/Kardelenler-4-300x169.jpg 300w, https:\/\/www.tgrthaber.com\/mavikadin\/wp-content\/uploads\/Kardelenler-4-768x432.jpg 768w, https:\/\/www.tgrthaber.com\/mavikadin\/wp-content\/uploads\/Kardelenler-4-1536x864.jpg 1536w, https:\/\/www.tgrthaber.com\/mavikadin\/wp-content\/uploads\/Kardelenler-4.jpg 1600w\" sizes=\"(max-width: 1208px) 100vw, 1208px\" \/><\/p>\n<hr \/>\n<h3>KARDELENLER D\u0130Z\u0130S\u0130 NEREDE \u00c7EK\u0130L\u0130YOR?<\/h3>\n<p>ATV ekranlar\u0131n\u0131n iddial\u0131 dizileri aras\u0131nda yer alan Kardelenler dizisinin nerede \u00e7ekildi\u011fi de seyirci taraf\u0131ndan merak ediliyor. \u0130stanbul\u2019da \u00e7ekilen Kardelenler dizisi, hikayesi, g\u00fc\u00e7l\u00fc \u00e7at\u0131\u015fmalar\u0131 ve etkileyici diliyle izleyicileri ekran ba\u015f\u0131na kilitliyor.<\/p>\n<p><img loading=\"lazy\" decoding=\"async\" class=\"alignnone wp-image-128649\" src=\"https:\/\/www.tgrthaber.com\/mavikadin\/wp-content\/uploads\/Kardelenler-1-1-1024x576.jpg\" alt=\"Kardelenler dizisi hangi kanalda\" width=\"1208\" height=\"680\" title=\"\" srcset=\"https:\/\/www.tgrthaber.com\/mavikadin\/wp-content\/uploads\/Kardelenler-1-1-1024x576.jpg 1024w, https:\/\/www.tgrthaber.com\/mavikadin\/wp-content\/uploads\/Kardelenler-1-1-300x169.jpg 300w, https:\/\/www.tgrthaber.com\/mavikadin\/wp-content\/uploads\/Kardelenler-1-1-768x432.jpg 768w, https:\/\/www.tgrthaber.com\/mavikadin\/wp-content\/uploads\/Kardelenler-1-1-1536x864.jpg 1536w, https:\/\/www.tgrthaber.com\/mavikadin\/wp-content\/uploads\/Kardelenler-1-1.jpg 1600w\" sizes=\"(max-width: 1208px) 100vw, 1208px\" \/><\/p>\n<hr \/>\n<p>Seyircinin merakla bekledi\u011fi Kardelenler dizisi, heyecanl\u0131, aksiyon dolu ve duygusal sahneleriyle seyircilere unutulmaz anlar ya\u015fatacak. Genellikle \u0130stanbul ve \u00e7evresinde \u00e7ekimleri yap\u0131lan dizide, mek\u00e2n olarak ana ak\u0131\u015fa uygun k\u0131rsal kesimler tercih ediliyor.<\/p>\n<h3>KARDELENLER D\u0130Z\u0130S\u0130 OYUNCULARI K\u0130MLER?<\/h3>\n<ul>\n<li>Bar\u0131\u015f Falay<\/li>\n<li>Ayda Aksel<\/li>\n<li>Serhat K\u0131l\u0131\u00e7<\/li>\n<li>Ahu Ya\u011ftu<\/li>\n<li>Edip Tepeli<\/li>\n<li>Hakan Sal\u0131nm\u0131\u015f<\/li>\n<li>U\u011fur Uzunel<\/li>\n<li>Nur Yazar<\/li>\n<li>Ece Ya\u015far<\/li>\n<li>Hakan Zavlak<\/li>\n<li>Zeynep At\u0131lgan<\/li>\n<li>Mehmet Fatih Obuz<\/li>\n<\/ul>\n","protected":false},"excerpt":{"rendered":"<p>Ekran maceras\u0131na yeni ba\u015flayan Kardelenler dizisinin hangi kanalda yay\u0131nland\u0131\u011f\u0131 merak ediliyor. Peki, Kardelenler dizisi hangi kanalda yay\u0131nlan\u0131yor? \u0130\u015fte detaylar\u2026 <\/p>\n","protected":false},"author":26,"featured_media":128644,"comment_status":"closed","ping_status":"closed","sticky":false,"template":"","format":"standard","meta":{"rank_math_lock_modified_date":false,"footnotes":""},"categories":[602],"tags":[3274,9738,8801,9739],"class_list":["post-128643","post","type-post","status-publish","format-standard","has-post-thumbnail","hentry","category-diziler","tag-kardelenler","tag-kardelenler-dizi","tag-kardelenler-dizisi","tag-kardelenler-hangi-kanalda-yayinlaniyor"],"_links":{"self":[{"href":"https:\/\/www.tgrthaber.com\/mavikadin\/wp-json\/wp\/v2\/posts\/128643"}],"collection":[{"href":"https:\/\/www.tgrthaber.com\/mavikadin\/wp-json\/wp\/v2\/posts"}],"about":[{"href":"https:\/\/www.tgrthaber.com\/mavikadin\/wp-json\/wp\/v2\/types\/post"}],"author":[{"embeddable":true,"href":"https:\/\/www.tgrthaber.com\/mavikadin\/wp-json\/wp\/v2\/users\/26"}],"replies":[{"embeddable":true,"href":"https:\/\/www.tgrthaber.com\/mavikadin\/wp-json\/wp\/v2\/comments?post=128643"}],"version-history":[{"count":5,"href":"https:\/\/www.tgrthaber.com\/mavikadin\/wp-json\/wp\/v2\/posts\/128643\/revisions"}],"predecessor-version":[{"id":129700,"href":"https:\/\/www.tgrthaber.com\/mavikadin\/wp-json\/wp\/v2\/posts\/128643\/revisions\/129700"}],"wp:featuredmedia":[{"embeddable":true,"href":"https:\/\/www.tgrthaber.com\/mavikadin\/wp-json\/wp\/v2\/media\/128644"}],"wp:attachment":[{"href":"https:\/\/www.tgrthaber.com\/mavikadin\/wp-json\/wp\/v2\/media?parent=128643"}],"wp:term":[{"taxonomy":"category","embeddable":true,"href":"https:\/\/www.tgrthaber.com\/mavikadin\/wp-json\/wp\/v2\/categories?post=128643"},{"taxonomy":"post_tag","embeddable":true,"href":"https:\/\/www.tgrthaber.com\/mavikadin\/wp-json\/wp\/v2\/tags?post=128643"}],"curies":[{"name":"wp","href":"https:\/\/api.w.org\/{rel}","templated":true}]}}