{"id":128662,"date":"2025-02-03T15:48:18","date_gmt":"2025-02-03T12:48:18","guid":{"rendered":"https:\/\/www.tgrthaber.com\/mavikadin\/?p=128662"},"modified":"2025-02-03T15:48:18","modified_gmt":"2025-02-03T12:48:18","slug":"b12-fazlaligi-nedir-neden-olur-b12-fazlaligi-belirtileri-ve-tedavisi","status":"publish","type":"post","link":"https:\/\/www.tgrthaber.com\/mavikadin\/b12-fazlaligi-nedir-neden-olur-b12-fazlaligi-belirtileri-ve-tedavisi\/","title":{"rendered":"B12 fazlal\u0131\u011f\u0131 nedir, neden olur? B12 fazlal\u0131\u011f\u0131 belirtileri ve tedavisi"},"content":{"rendered":"<p>Pek \u00e7ok ki\u015fi, B12 vitamininin yaln\u0131zca eksikli\u011fiyle ilgili sorunlar ya\u015fanabilece\u011fini d\u00fc\u015f\u00fcn\u00fcr. Oysa ki y\u00fcksek d\u00fczeylerde seyreden B12 seviyesi de kimi zaman bedende \u00e7e\u015fitli problemlere neden olabilir. A\u015f\u0131r\u0131 vitamin al\u0131m\u0131, \u00f6zellikle geli\u015fig\u00fczel takviye kullan\u0131m\u0131 veya e\u015flik eden baz\u0131 hastal\u0131klar sebebiyle ortaya \u00e7\u0131kabilir. \u201cB12 fazlal\u0131\u011f\u0131 uykusuzluk yapar m\u0131\u201d ya da \u201cbu durumda neler hissederim?\u201d gibi konular da do\u011fal olarak merak uyand\u0131r\u0131r. \u0130\u015fte bu a\u015famada, en do\u011fru yakla\u015f\u0131m uzman g\u00f6r\u00fc\u015f\u00fc almak, gerekli kan tahlilleriyle B12 d\u00fczeyini \u00f6l\u00e7t\u00fcrmek ve gerekiyorsa g\u00fcnl\u00fck al\u0131\u015fkanl\u0131klar\u0131 yeniden d\u00fczenlemektir.<\/p>\n<h3>B12 FAZLALI\u011eI NED\u0130R?<\/h3>\n<p><img loading=\"lazy\" decoding=\"async\" class=\"alignnone wp-image-128738\" src=\"https:\/\/www.tgrthaber.com\/mavikadin\/wp-content\/uploads\/7-9.png\" alt=\"\" width=\"1208\" height=\"680\" title=\"\" srcset=\"https:\/\/www.tgrthaber.com\/mavikadin\/wp-content\/uploads\/7-9.png 1280w, https:\/\/www.tgrthaber.com\/mavikadin\/wp-content\/uploads\/7-9-300x169.png 300w, https:\/\/www.tgrthaber.com\/mavikadin\/wp-content\/uploads\/7-9-1024x576.png 1024w, https:\/\/www.tgrthaber.com\/mavikadin\/wp-content\/uploads\/7-9-768x432.png 768w\" sizes=\"(max-width: 1208px) 100vw, 1208px\" \/><\/p>\n<hr \/>\n<p>B12 fazlal\u0131\u011f\u0131, kandaki B12 vitamini seviyesinin referans aral\u0131\u011f\u0131n \u00fczerinde olmas\u0131 olarak tan\u0131mlan\u0131r. Sa\u011fl\u0131kl\u0131 bir B12 seviyesi laboratuvar \u00f6l\u00e7\u00fcmlerine g\u00f6re de\u011fi\u015febilse de genellikle 200-900 pg\/mL aral\u0131\u011f\u0131 normal kabul edilir. Bu rakamlar\u0131n \u00e7ok \u00fcst\u00fcndeki de\u011ferler, bazen \u201cidiyopatik\u201d (sebebi bilinmeyen) olabilirken \u00e7o\u011fu zaman a\u015f\u0131r\u0131 takviye kullan\u0131m\u0131 veya karaci\u011fer, b\u00f6brek gibi organlar\u0131n fonksiyon bozukluklar\u0131yla ili\u015fkilendirilir. Baz\u0131 hastal\u0131klarda, v\u00fccut B12\u2019yi etkin bi\u00e7imde kullanamad\u0131\u011f\u0131 i\u00e7in kanda birikme g\u00f6r\u00fclebilir. Fazlal\u0131k durumu her zaman belirgin semptomlara yol a\u00e7mayabilir; ancak yak\u0131ndan takip edilmesi gereken bir i\u015farettir.<\/p>\n<p><img loading=\"lazy\" decoding=\"async\" class=\"alignnone wp-image-128737\" src=\"https:\/\/www.tgrthaber.com\/mavikadin\/wp-content\/uploads\/6-17.png\" alt=\"\" width=\"1208\" height=\"680\" title=\"\" srcset=\"https:\/\/www.tgrthaber.com\/mavikadin\/wp-content\/uploads\/6-17.png 1280w, https:\/\/www.tgrthaber.com\/mavikadin\/wp-content\/uploads\/6-17-300x169.png 300w, https:\/\/www.tgrthaber.com\/mavikadin\/wp-content\/uploads\/6-17-1024x576.png 1024w, https:\/\/www.tgrthaber.com\/mavikadin\/wp-content\/uploads\/6-17-768x432.png 768w\" sizes=\"(max-width: 1208px) 100vw, 1208px\" \/><\/p>\n<hr \/>\n<h3>B12 FAZLALI\u011eI BEL\u0130RT\u0130LER\u0130<\/h3>\n<p>A\u015f\u0131r\u0131 B12 vitamini al\u0131m\u0131 sonras\u0131nda herkes ayn\u0131 belirtileri ya\u015famasa da, kimi insanlarda a\u015fa\u011f\u0131daki semptomlar ortaya \u00e7\u0131kabilir:<\/p>\n<p>\u2022<strong> Ba\u015f D\u00f6nmesi ve Hafif Sersemlik:<\/strong> Kan de\u011ferlerindeki dalgalanmalarla birlikte g\u00f6zlenebilir.<\/p>\n<p>\u2022 <strong>Cilt Problemleri:<\/strong> Baz\u0131 ki\u015filerde akne veya ciltte k\u0131zar\u0131kl\u0131k gibi reaksiyonlara neden olabilir.<\/p>\n<p>\u2022 <strong>Sinirlilik ve Stres:<\/strong> Hormonal denge \u00fczerinde etkili olabilen B12 fazlal\u0131\u011f\u0131, mental s\u00fcre\u00e7lerde gerginlik yaratabilir.<br \/>\nBu belirtiler, her zaman B12 fazlal\u0131\u011f\u0131yla do\u011frudan ba\u011flant\u0131l\u0131 olmayabilir. Kesin te\u015fhis i\u00e7in doktor kontrol\u00fc ve kan testleri elzemdir.<\/p>\n<h3><img loading=\"lazy\" decoding=\"async\" class=\"alignnone wp-image-128734\" src=\"https:\/\/www.tgrthaber.com\/mavikadin\/wp-content\/uploads\/3-37.png\" alt=\"\" width=\"1208\" height=\"680\" title=\"\" srcset=\"https:\/\/www.tgrthaber.com\/mavikadin\/wp-content\/uploads\/3-37.png 1280w, https:\/\/www.tgrthaber.com\/mavikadin\/wp-content\/uploads\/3-37-300x169.png 300w, https:\/\/www.tgrthaber.com\/mavikadin\/wp-content\/uploads\/3-37-1024x576.png 1024w, https:\/\/www.tgrthaber.com\/mavikadin\/wp-content\/uploads\/3-37-768x432.png 768w\" sizes=\"(max-width: 1208px) 100vw, 1208px\" \/><\/h3>\n<hr \/>\n<h3>B12 FAZLALI\u011eI NEDEN OLUR?<\/h3>\n<p>B12 fazlal\u0131\u011f\u0131, genellikle plans\u0131z vitamin takviyeleri veya enjeksiyonlar\u0131n\u0131n uzun s\u00fcre y\u00fcksek dozda kullan\u0131lmas\u0131 sonucu ortaya \u00e7\u0131kar. Ayr\u0131ca baz\u0131 sa\u011fl\u0131k sorunlar\u0131 da B12 birikimine neden olabilir. \u00d6rne\u011fin karaci\u011fer ve b\u00f6brek fonksiyon bozukluklar\u0131, v\u00fccuttaki detoks mekanizmalar\u0131n\u0131 zay\u0131flatarak fazla vitaminin at\u0131lmas\u0131n\u0131 engeller. Baz\u0131 otoimm\u00fcn veya onkolojik rahats\u0131zl\u0131klar da kandaki B12 seviyesini beklenmedik \u015fekilde y\u00fckseltebilir. Dolay\u0131s\u0131yla bir ki\u015fide B12 y\u00fcksekli\u011fi saptand\u0131\u011f\u0131nda, nedenin a\u00e7\u0131\u011fa \u00e7\u0131kar\u0131lmas\u0131 i\u00e7in doktor taraf\u0131ndan ek tetkikler istenebilir.<\/p>\n<p><img loading=\"lazy\" decoding=\"async\" class=\"alignnone wp-image-128736\" src=\"https:\/\/www.tgrthaber.com\/mavikadin\/wp-content\/uploads\/5-13.png\" alt=\"\" width=\"1208\" height=\"680\" title=\"\" srcset=\"https:\/\/www.tgrthaber.com\/mavikadin\/wp-content\/uploads\/5-13.png 1280w, https:\/\/www.tgrthaber.com\/mavikadin\/wp-content\/uploads\/5-13-300x169.png 300w, https:\/\/www.tgrthaber.com\/mavikadin\/wp-content\/uploads\/5-13-1024x576.png 1024w, https:\/\/www.tgrthaber.com\/mavikadin\/wp-content\/uploads\/5-13-768x432.png 768w\" sizes=\"(max-width: 1208px) 100vw, 1208px\" \/><\/p>\n<hr \/>\n<h3>B12 FAZLALI\u011eI NASIL ATILIR?<\/h3>\n<p>B12 y\u00fcksekli\u011fi saptand\u0131\u011f\u0131nda, \u00f6ncelikle altta yatan sebep tespit edilmeli ve gerekiyorsa tedavi plan\u0131 d\u00fczenlenmelidir. A\u015fa\u011f\u0131daki ad\u0131mlar, bu s\u00fcre\u00e7te yard\u0131mc\u0131 olabilir:<\/p>\n<p>\u2022 <strong>Takviye Kullan\u0131m\u0131n\u0131 G\u00f6zden Ge\u00e7irme:<\/strong> Gereksiz ya da y\u00fcksek doz vitamin takviyelerine ara vermek veya doktor \u00f6nerisine g\u00f6re doz ayarlamas\u0131 yapmak \u00f6nemlidir.<\/p>\n<p>\u2022 <strong>D\u00fczenli Egzersiz ve Bol Su T\u00fcketimi:<\/strong> Ter ve idrar yoluyla v\u00fccuttaki fazla maddelerin at\u0131lmas\u0131 kolayla\u015fabilir.<\/p>\n<p>\u2022<strong> B12 Seviyesini D\u00fczenli Takip Etme:<\/strong> Kan tahlilleriyle B12 d\u00fczeyi izlenmeli ve gerekiyorsa tedavi s\u00fcreci yeniden planlanmal\u0131d\u0131r.<\/p>\n<p>Baz\u0131 vakalarda, t\u0131bbi m\u00fcdahale gereksinimi olmadan yaln\u0131zca ya\u015fam tarz\u0131 d\u00fczenlemeleriyle B12 seviyesi normale d\u00f6nebilir.<\/p>\n<p><img loading=\"lazy\" decoding=\"async\" class=\"alignnone wp-image-128735\" src=\"https:\/\/www.tgrthaber.com\/mavikadin\/wp-content\/uploads\/4-22.png\" alt=\"\" width=\"1208\" height=\"680\" title=\"\" srcset=\"https:\/\/www.tgrthaber.com\/mavikadin\/wp-content\/uploads\/4-22.png 1280w, https:\/\/www.tgrthaber.com\/mavikadin\/wp-content\/uploads\/4-22-300x169.png 300w, https:\/\/www.tgrthaber.com\/mavikadin\/wp-content\/uploads\/4-22-1024x576.png 1024w, https:\/\/www.tgrthaber.com\/mavikadin\/wp-content\/uploads\/4-22-768x432.png 768w\" sizes=\"(max-width: 1208px) 100vw, 1208px\" \/><\/p>\n<hr \/>\n<h3>B12 FAZLALI\u011eI UYKUSUZLUK YAPAR MI?<\/h3>\n<p>Fazla B12 al\u0131m\u0131n\u0131n direkt olarak uykusuzlu\u011fa yol a\u00e7t\u0131\u011f\u0131na dair bilimsel kan\u0131tlar s\u0131n\u0131rl\u0131d\u0131r. Ancak kimi bireylerde, sinir sisteminin a\u015f\u0131r\u0131 uyar\u0131lmas\u0131 veya hormonal dengedeki de\u011fi\u015fimler dolayl\u0131 etkiler yaratarak uyku d\u00fczenini bozabilir. V\u00fccudun biyolojik saatini y\u00f6netmede \u00e7e\u015fitli hormonlar rol oynar ve bunlar\u0131n aras\u0131nda B12 vitamini de bir dereceye kadar etkili olabilir. Dolay\u0131s\u0131yla, y\u00fcksek doz B12 takviyesiyle beraber uyku sorunlar\u0131 ya\u015f\u0131yorsan\u0131z, mutlaka hekiminize dan\u0131\u015farak doz ayarlamas\u0131 veya alternatif \u00e7\u00f6z\u00fcmler hakk\u0131nda bilgi almal\u0131s\u0131n\u0131z.<\/p>\n<p><img loading=\"lazy\" decoding=\"async\" class=\"alignnone wp-image-128732\" src=\"https:\/\/www.tgrthaber.com\/mavikadin\/wp-content\/uploads\/1-31.png\" alt=\"\" width=\"1209\" height=\"680\" title=\"\" srcset=\"https:\/\/www.tgrthaber.com\/mavikadin\/wp-content\/uploads\/1-31.png 1280w, https:\/\/www.tgrthaber.com\/mavikadin\/wp-content\/uploads\/1-31-300x169.png 300w, https:\/\/www.tgrthaber.com\/mavikadin\/wp-content\/uploads\/1-31-1024x576.png 1024w, https:\/\/www.tgrthaber.com\/mavikadin\/wp-content\/uploads\/1-31-768x432.png 768w\" sizes=\"(max-width: 1209px) 100vw, 1209px\" \/><\/p>\n<hr \/>\n<h3>SIK\u00c7A SORULAN SORULAR<\/h3>\n<p><strong>B12 vitamini y\u00fcksek olursa ne olur?<\/strong><\/p>\n<p>A\u015f\u0131r\u0131 B12, genelde net belirtiler vermese de baz\u0131 ki\u015filerde ba\u015f d\u00f6nmesi, cilt problemleri ve sinirlilik gibi semptomlara yol a\u00e7abilir. Fazlal\u0131\u011f\u0131n nedeni mutlaka ara\u015ft\u0131r\u0131lmal\u0131.<\/p>\n<p><strong>B12 vitamini d\u00fc\u015f\u00fcrmek i\u00e7in ne yapmal\u0131?<\/strong><\/p>\n<p>\u00d6ncelikle y\u00fcksek doz takviyeleri b\u0131rakmak veya azaltmak gerekir. Bol su i\u00e7mek, d\u00fczenli egzersiz yapmak ve doktor kontrol\u00fcnde kan de\u011ferlerini takip etmek \u00f6nemlidir.<\/p>\n<p><strong>Canan Karatay&#8217;a g\u00f6re B12 ka\u00e7 olmal\u0131?<\/strong><\/p>\n<p>Canan Karatay gibi uzmanlar\u0131n \u00f6nerileri ki\u015fiden ki\u015fiye de\u011fi\u015febilir, ancak genellikle 500-900 pg\/mL aras\u0131n\u0131 ideal g\u00f6r\u00fcrler. Her durumda en do\u011fru de\u011ferlendirmeyi doktorunuzla yapman\u0131z \u00f6nerilir.<\/p>\n<p><strong>B12 yan etkileri nelerdir?<\/strong><\/p>\n<p>A\u015f\u0131r\u0131 doz al\u0131m\u0131nda ba\u015f a\u011fr\u0131s\u0131, cilt sorunlar\u0131, mide rahats\u0131zl\u0131klar\u0131 ve sinirlilik gibi yan etkiler g\u00f6r\u00fclebilir. Uzun vadeli y\u00fcksek doz al\u0131m\u0131 altta yatan farkl\u0131 sa\u011fl\u0131k sorunlar\u0131n\u0131 da tetikleyebilir.<\/p>\n","protected":false},"excerpt":{"rendered":"<p>B12 vitamini, h\u00fccre yenilenmesinden sinir sistemine kadar v\u00fccudun pek \u00e7ok i\u015flevinde rol oynayan \u00f6nemli bir besin \u00f6\u011fesi. Ancak bu vitaminin normalin \u00fczerinde seyretmesi, \u201cB12 fazlal\u0131\u011f\u0131\u201d olarak adland\u0131r\u0131lan bir tabloya yol a\u00e7abilir. Genellikle besin veya takviye kaynakl\u0131 a\u015f\u0131r\u0131 al\u0131m sonucunda g\u00f6r\u00fclen bu durum, beklenmeyen yan etkilere zemin haz\u0131rlayabilir.<\/p>\n","protected":false},"author":28,"featured_media":128733,"comment_status":"closed","ping_status":"closed","sticky":false,"template":"","format":"standard","meta":{"rank_math_lock_modified_date":false,"footnotes":""},"categories":[1991],"tags":[9758,9761,9759],"class_list":["post-128662","post","type-post","status-publish","format-standard","has-post-thumbnail","hentry","category-saglik","tag-b12-fazlaligi","tag-b12-fazlaligi-belirtileri","tag-b12-fazlaligi-nedir"],"_links":{"self":[{"href":"https:\/\/www.tgrthaber.com\/mavikadin\/wp-json\/wp\/v2\/posts\/128662"}],"collection":[{"href":"https:\/\/www.tgrthaber.com\/mavikadin\/wp-json\/wp\/v2\/posts"}],"about":[{"href":"https:\/\/www.tgrthaber.com\/mavikadin\/wp-json\/wp\/v2\/types\/post"}],"author":[{"embeddable":true,"href":"https:\/\/www.tgrthaber.com\/mavikadin\/wp-json\/wp\/v2\/users\/28"}],"replies":[{"embeddable":true,"href":"https:\/\/www.tgrthaber.com\/mavikadin\/wp-json\/wp\/v2\/comments?post=128662"}],"version-history":[{"count":2,"href":"https:\/\/www.tgrthaber.com\/mavikadin\/wp-json\/wp\/v2\/posts\/128662\/revisions"}],"predecessor-version":[{"id":128740,"href":"https:\/\/www.tgrthaber.com\/mavikadin\/wp-json\/wp\/v2\/posts\/128662\/revisions\/128740"}],"wp:featuredmedia":[{"embeddable":true,"href":"https:\/\/www.tgrthaber.com\/mavikadin\/wp-json\/wp\/v2\/media\/128733"}],"wp:attachment":[{"href":"https:\/\/www.tgrthaber.com\/mavikadin\/wp-json\/wp\/v2\/media?parent=128662"}],"wp:term":[{"taxonomy":"category","embeddable":true,"href":"https:\/\/www.tgrthaber.com\/mavikadin\/wp-json\/wp\/v2\/categories?post=128662"},{"taxonomy":"post_tag","embeddable":true,"href":"https:\/\/www.tgrthaber.com\/mavikadin\/wp-json\/wp\/v2\/tags?post=128662"}],"curies":[{"name":"wp","href":"https:\/\/api.w.org\/{rel}","templated":true}]}}