{"id":128676,"date":"2025-02-03T14:22:55","date_gmt":"2025-02-03T11:22:55","guid":{"rendered":"https:\/\/www.tgrthaber.com\/mavikadin\/?p=128676"},"modified":"2025-02-03T14:39:31","modified_gmt":"2025-02-03T11:39:31","slug":"kizil-goncalar-final-mi-yapacak-kizil-goncalar-final-tarihi-aciklandi-mi","status":"publish","type":"post","link":"https:\/\/www.tgrthaber.com\/mavikadin\/kizil-goncalar-final-mi-yapacak-kizil-goncalar-final-tarihi-aciklandi-mi\/","title":{"rendered":"K\u0131z\u0131l Goncalar final mi yapacak? K\u0131z\u0131l Goncalar final tarihi a\u00e7\u0131kland\u0131 m\u0131?"},"content":{"rendered":"<p>Yay\u0131nlanmaya ba\u015flad\u0131\u011f\u0131 g\u00fcnden bu yana b\u00fcy\u00fck ses getiren dizi K\u0131z\u0131l Goncalar, pazartesi ak\u015famlar\u0131n\u0131n g\u00f6zde yap\u0131mlar\u0131 aras\u0131nda yer al\u0131yor. Gerek oyuncu kadrosu gerek konusu ile dizi her haftaya damga vuruyor. \u00d6te yandan dizinin yap\u0131mc\u0131s\u0131 Faruk Turgut, final tarihi hakk\u0131nda yeni bir bilgi payla\u015ft\u0131. Bunun \u00fczerine K\u0131z\u0131l Goncalar final mi yapacak? K\u0131z\u0131l Goncalar final tarihi a\u00e7\u0131kland\u0131 m\u0131? sorular\u0131 g\u00fcndeme geldi.<\/p>\n<h3><strong>KIZIL GONCALAR F\u0130NAL M\u0130 YAPACAK?<\/strong><\/h3>\n<p>\u00d6zg\u00fc Namal, \u00d6zcan Deniz, Mert Yaz\u0131c\u0131o\u011flu ve Mina Demirta\u015f gibi isimlerin yer ald\u0131\u011f\u0131 K\u0131z\u0131l Goncalar dizisi pazartesi geceleri ekrana geliyor. Fenomen dizi yay\u0131nlanmaya ba\u015flad\u0131\u011f\u0131n g\u00fcnden bu yana her b\u00f6l\u00fcm\u00fc ile g\u00fcndem olmay\u0131 ba\u015far\u0131yor. Farkl\u0131 hayatlar\u0131 konu alan dizi NOW TV&#8217;de sevenlerinin kar\u015f\u0131s\u0131na \u00e7\u0131kmaya devam ediyor.<\/p>\n<p>K\u0131z\u0131l Goncalar final mi yapacak? sorusu son d\u00f6nemin en \u00e7ok aranan ba\u015fl\u0131klar\u0131 aras\u0131nda yerini ald\u0131. Dizinin yap\u0131mc\u0131s\u0131 Faruk Turgut, kat\u0131ld\u0131\u011f\u0131 bir programda final karar\u0131 hakk\u0131nda a\u00e7\u0131klamalarda bulundu.<\/p>\n<p><img loading=\"lazy\" decoding=\"async\" class=\"alignnone wp-image-128687\" src=\"https:\/\/www.tgrthaber.com\/mavikadin\/wp-content\/uploads\/kizil-goncalar-final-tarihi-300x169.webp\" alt=\"\" width=\"1280\" height=\"720\" title=\"\" srcset=\"https:\/\/www.tgrthaber.com\/mavikadin\/wp-content\/uploads\/kizil-goncalar-final-tarihi-300x169.webp 300w, https:\/\/www.tgrthaber.com\/mavikadin\/wp-content\/uploads\/kizil-goncalar-final-tarihi.webp 740w\" sizes=\"(max-width: 1280px) 100vw, 1280px\" \/><\/p>\n<hr \/>\n<p>Oda Tv&#8217;den Ay\u015fe Baykal&#8217;\u0131n sorular\u0131na yan\u0131t veren isim &#8220;Diziler \u00f6n\u00fcm\u00fczdeki sezon devam edecek mi?&#8221; sorusuna, &#8220;K\u0131z\u0131l Goncalar zor bir i\u015f. 12 g\u00fcnde bir b\u00f6l\u00fcm zar zor \u00e7\u0131k\u0131yor. \u00d6zellikle C\u00fcneyd ve Levent karakterlerinin sohbetleri, tart\u0131\u015fmalar\u0131. Dini terminolojinin bu kadar \u00f6nde oldu\u011fu noktalarda \u00e7ok ciddi ara\u015ft\u0131rmalarla yaz\u0131l\u0131yor b\u00f6l\u00fcmler. Biz \u00f6zellikle yola \u00e7\u0131karken \u00e7ok uzun \u00f6m\u00fcrl\u00fc olmamas\u0131 gerekti\u011fini d\u00fc\u015f\u00fcnerek hareket ettik. K\u0131z\u0131l Goncalar, Haziran\u2019da 50 b\u00f6l\u00fcm oluyor. Bu formatta bir dizi i\u00e7in yeterli asl\u0131nda\u2026 Yani b\u00fcy\u00fck bir olas\u0131l\u0131kla bu sezonun sonunda biter diye tahmin ediyorum.&#8221; dedi.<\/p>\n<p><img loading=\"lazy\" decoding=\"async\" class=\"alignnone wp-image-128679\" src=\"https:\/\/www.tgrthaber.com\/mavikadin\/wp-content\/uploads\/Kizil-goncalar-10-300x169.jpg\" alt=\"\" width=\"1280\" height=\"720\" title=\"\" srcset=\"https:\/\/www.tgrthaber.com\/mavikadin\/wp-content\/uploads\/Kizil-goncalar-10-300x169.jpg 300w, https:\/\/www.tgrthaber.com\/mavikadin\/wp-content\/uploads\/Kizil-goncalar-10-1024x576.jpg 1024w, https:\/\/www.tgrthaber.com\/mavikadin\/wp-content\/uploads\/Kizil-goncalar-10-768x432.jpg 768w, https:\/\/www.tgrthaber.com\/mavikadin\/wp-content\/uploads\/Kizil-goncalar-10.jpg 1280w\" sizes=\"(max-width: 1280px) 100vw, 1280px\" \/><\/p>\n<hr \/>\n<h3>KIZIL GONCALAR F\u0130NAL TAR\u0130H\u0130 A\u00c7IKLANDI MI?<\/h3>\n<p>Usta isimlerin yer ald\u0131\u011f\u0131 K\u0131z\u0131l Goncalar dizisinin kesin olarak final yapaca\u011f\u0131 bir tarih hen\u00fcz verilmedi. Fakat K\u0131z\u0131l Goncalar hakk\u0131nda yeni bir geli\u015fme ya\u015fand\u0131\u011f\u0131 zaman haberimizde yer alacakt\u0131r.<\/p>\n","protected":false},"excerpt":{"rendered":"<p>NOW TV&#8217;nin fenomen dizisine dair geli\u015fmeler yak\u0131ndan takip ediliyor. Sosyal medyada K\u0131z\u0131l Goncalar dizisinin final tarihi ile ilgili bilgiler yer ald\u0131. Dizinin hayranlar\u0131 K\u0131z\u0131l Goncalar final mi yapacak? K\u0131z\u0131l Goncalar final tarihi a\u00e7\u0131kland\u0131 m\u0131? sorular\u0131na cevap aramaya ba\u015flad\u0131.<\/p>\n","protected":false},"author":33,"featured_media":128678,"comment_status":"closed","ping_status":"closed","sticky":false,"template":"","format":"standard","meta":{"rank_math_lock_modified_date":false,"footnotes":""},"categories":[602],"tags":[9747,9745,9746],"class_list":["post-128676","post","type-post","status-publish","format-standard","has-post-thumbnail","hentry","category-diziler","tag-faruk-turgut-kizil-goncalar","tag-kizil-goncalar-final-tarihi","tag-kizil-goncalar-ne-zaman-final"],"_links":{"self":[{"href":"https:\/\/www.tgrthaber.com\/mavikadin\/wp-json\/wp\/v2\/posts\/128676"}],"collection":[{"href":"https:\/\/www.tgrthaber.com\/mavikadin\/wp-json\/wp\/v2\/posts"}],"about":[{"href":"https:\/\/www.tgrthaber.com\/mavikadin\/wp-json\/wp\/v2\/types\/post"}],"author":[{"embeddable":true,"href":"https:\/\/www.tgrthaber.com\/mavikadin\/wp-json\/wp\/v2\/users\/33"}],"replies":[{"embeddable":true,"href":"https:\/\/www.tgrthaber.com\/mavikadin\/wp-json\/wp\/v2\/comments?post=128676"}],"version-history":[{"count":3,"href":"https:\/\/www.tgrthaber.com\/mavikadin\/wp-json\/wp\/v2\/posts\/128676\/revisions"}],"predecessor-version":[{"id":128688,"href":"https:\/\/www.tgrthaber.com\/mavikadin\/wp-json\/wp\/v2\/posts\/128676\/revisions\/128688"}],"wp:featuredmedia":[{"embeddable":true,"href":"https:\/\/www.tgrthaber.com\/mavikadin\/wp-json\/wp\/v2\/media\/128678"}],"wp:attachment":[{"href":"https:\/\/www.tgrthaber.com\/mavikadin\/wp-json\/wp\/v2\/media?parent=128676"}],"wp:term":[{"taxonomy":"category","embeddable":true,"href":"https:\/\/www.tgrthaber.com\/mavikadin\/wp-json\/wp\/v2\/categories?post=128676"},{"taxonomy":"post_tag","embeddable":true,"href":"https:\/\/www.tgrthaber.com\/mavikadin\/wp-json\/wp\/v2\/tags?post=128676"}],"curies":[{"name":"wp","href":"https:\/\/api.w.org\/{rel}","templated":true}]}}