{"id":128825,"date":"2025-02-03T18:05:43","date_gmt":"2025-02-03T15:05:43","guid":{"rendered":"https:\/\/www.tgrthaber.com\/mavikadin\/?p=128825"},"modified":"2025-02-04T10:38:35","modified_gmt":"2025-02-04T07:38:35","slug":"cemre-baysel-ve-cem-adrian-leyla-dizisinin-setinde-bulustu-geldi-benimki","status":"publish","type":"post","link":"https:\/\/www.tgrthaber.com\/mavikadin\/cemre-baysel-ve-cem-adrian-leyla-dizisinin-setinde-bulustu-geldi-benimki\/","title":{"rendered":"Cemre Baysel ve Cem Adrian Leyla dizisinin setinde bulu\u015ftu! \u201cGeldi benimki\u201d"},"content":{"rendered":"<p>NOW TV ekranlar\u0131nda her hafta izleyiciyle bulu\u015fan Leyla dizisini setini s\u00fcrpriz bir isim ziyaret etti. G\u00fc\u00e7l\u00fc sesiyle b\u00fcy\u00fck bir hayran kitlesine sahip olan Cem Adrian, yak\u0131n arkada\u015f\u0131 Cemre Baysel\u2019i dizi setinde ziyaret etti. \u00dcnl\u00fc ikili setten foto\u011fraflar\u0131n\u0131 sosyal medya hesaplar\u0131ndan payla\u015ft\u0131.<\/p>\n<h3><strong>CEMRE BAYSEL VE CEM ADR\u0130AN LEYLA D\u0130Z\u0130S\u0130 SET\u0130NDE BULU\u015eTU!<\/strong><\/h3>\n<p>NOW TV ekranlar\u0131n\u0131n sevilen dizilerinden olan Leyla: Hayat\u2026 A\u015fk\u2026 Adalet dizisi yay\u0131nland\u0131\u011f\u0131 g\u00fcnden bu yana b\u00fcy\u00fck bir ilgi ile takip ediliyor. Dizinin ana karakterlerinden olan Leyla (Ela) karakterini oynayan Cemre Baysel izleyen herkesin be\u011fenisini topluyor. Baysel\u2019in yak\u0131n arkada\u015flar\u0131ndan olan Cem Adrian \u00fcnl\u00fc oyuncuyu dizi setinde ziyaret etti. \u0130kilinin \u00e7ok yak\u0131n arkada\u015f olmalar\u0131 sevenlerinin de ilgi oda\u011f\u0131nda yer al\u0131yor. Her oynad\u0131\u011f\u0131 diziler de ad\u0131ndan s\u00f6z ettiren Baysel, sosyal medya hesaplar\u0131ndaki aktif payla\u015f\u0131mlar\u0131yla da dikkat \u00e7ekiyor.<\/p>\n<p><img loading=\"lazy\" decoding=\"async\" class=\"alignnone wp-image-128826\" src=\"https:\/\/www.tgrthaber.com\/mavikadin\/wp-content\/uploads\/Cemre-Baysel-1-1-1024x576.jpg\" alt=\"Cemre Baysel ve Cem Adrian Leyla dizisinin setinde bulu\u015ftu! \" width=\"1208\" height=\"680\" title=\"\" srcset=\"https:\/\/www.tgrthaber.com\/mavikadin\/wp-content\/uploads\/Cemre-Baysel-1-1-1024x576.jpg 1024w, https:\/\/www.tgrthaber.com\/mavikadin\/wp-content\/uploads\/Cemre-Baysel-1-1-300x169.jpg 300w, https:\/\/www.tgrthaber.com\/mavikadin\/wp-content\/uploads\/Cemre-Baysel-1-1-768x432.jpg 768w, https:\/\/www.tgrthaber.com\/mavikadin\/wp-content\/uploads\/Cemre-Baysel-1-1-1536x864.jpg 1536w, https:\/\/www.tgrthaber.com\/mavikadin\/wp-content\/uploads\/Cemre-Baysel-1-1.jpg 1600w\" sizes=\"(max-width: 1208px) 100vw, 1208px\" \/><\/p>\n<hr \/>\n<p>Yak\u0131n arkada\u015fl\u0131klar\u0131yla dikkat \u00e7eken Cemre Baysel ve Cem Adrian birlikte yapt\u0131klar\u0131 sosyal medya payla\u015f\u0131mlar\u0131yla magazin d\u00fcnyas\u0131n\u0131n g\u00fcndemine oturuyor. \u0130kili bu sefer Leyla dizisinin setinde yapt\u0131\u011f\u0131 payla\u015f\u0131mla g\u00fcndeme geldi. \u00dcnl\u00fc \u015fark\u0131c\u0131 Cem Adrian yak\u0131n arkada\u015f\u0131 Cemre Baysel\u2019i Leyla dizisinde ziyaret etti. Leyla dizisinin y\u0131ld\u0131z\u0131 Baysel, o anlar\u0131 sosyal medya hesab\u0131ndan payla\u015ft\u0131. Baysel Instagram hesab\u0131ndan yapt\u0131\u011f\u0131 payla\u015f\u0131ma: \u201cGeldi benimki\u201d notunu d\u00fc\u015ft\u00fc.<\/p>\n<p><img loading=\"lazy\" decoding=\"async\" class=\"alignnone wp-image-128827\" src=\"https:\/\/www.tgrthaber.com\/mavikadin\/wp-content\/uploads\/Cemre-Baysel-4-1-1024x576.jpg\" alt=\"Cemre Baysel ve Cem Adrian Leyla dizisinin setinde bulu\u015ftu! \" width=\"1208\" height=\"680\" title=\"\" srcset=\"https:\/\/www.tgrthaber.com\/mavikadin\/wp-content\/uploads\/Cemre-Baysel-4-1-1024x576.jpg 1024w, https:\/\/www.tgrthaber.com\/mavikadin\/wp-content\/uploads\/Cemre-Baysel-4-1-300x169.jpg 300w, https:\/\/www.tgrthaber.com\/mavikadin\/wp-content\/uploads\/Cemre-Baysel-4-1-768x432.jpg 768w, https:\/\/www.tgrthaber.com\/mavikadin\/wp-content\/uploads\/Cemre-Baysel-4-1-1536x864.jpg 1536w, https:\/\/www.tgrthaber.com\/mavikadin\/wp-content\/uploads\/Cemre-Baysel-4-1.jpg 1600w\" sizes=\"(max-width: 1208px) 100vw, 1208px\" \/><\/p>\n<hr \/>\n<h3><strong>CEMRE BAYSEL K\u0130MD\u0130R?\u00a0<\/strong><\/h3>\n<p>Cemre Baysel 5 \u015eubat 1999 tarihinde \u0130zmir de d\u00fcnyaya geldi. Ege \u00dcniversitesi\u2019nde sanat e\u011fitimi ald\u0131. Televizyona ilk \u00e7\u0131k\u0131\u015f\u0131 2014 y\u0131l\u0131nda yay\u0131nlanan \u201cYe\u015fil Deniz\u201d diziyle oldu. Dizide yard\u0131mc\u0131 rol olan Baysel, 2017 y\u0131l\u0131nda isimsizler dizinde bir s\u00fcre yer ald\u0131.<\/p>\n<p>Tarihi drama dizisi olan \u201cPayitaht Abd\u00fclhamid\u201d dizisinde \u201cFiruze\u201d rol\u00fcyle ekranlar da yer almaya devam etti. 2018-2019 y\u0131llar\u0131 aras\u0131nda \u201cElimi B\u0131rakma\u201d dizisindeki yard\u0131mc\u0131 rol\u00fcyle \u00f6n plana \u00e7\u0131kt\u0131. Ramo ve Sol Yan\u0131m dizlerinde de rol alan Baysel, 2021 y\u0131l\u0131nda yay\u0131mlanan romantik komedi t\u00fcr\u00fcndeki \u201cBaht Oyunu\u201d adl\u0131 dizide ba\u015frol oyuncu olarak yer ald\u0131. 47. Alt\u0131n Kelebek \u00d6d\u00fclleri\u2019nde Y\u0131ld\u0131z\u0131 Parlayanlar \u00d6d\u00fcl\u00fc\u2019n\u00fc alm\u0131\u015ft\u0131r.<\/p>\n<p><img loading=\"lazy\" decoding=\"async\" class=\"alignnone wp-image-128828\" src=\"https:\/\/www.tgrthaber.com\/mavikadin\/wp-content\/uploads\/Cemre-Baysel-3-1-1024x576.jpg\" alt=\"Cemre Baysel kimdir?\" width=\"1208\" height=\"680\" title=\"\" srcset=\"https:\/\/www.tgrthaber.com\/mavikadin\/wp-content\/uploads\/Cemre-Baysel-3-1-1024x576.jpg 1024w, https:\/\/www.tgrthaber.com\/mavikadin\/wp-content\/uploads\/Cemre-Baysel-3-1-300x169.jpg 300w, https:\/\/www.tgrthaber.com\/mavikadin\/wp-content\/uploads\/Cemre-Baysel-3-1-768x432.jpg 768w, https:\/\/www.tgrthaber.com\/mavikadin\/wp-content\/uploads\/Cemre-Baysel-3-1-1536x864.jpg 1536w, https:\/\/www.tgrthaber.com\/mavikadin\/wp-content\/uploads\/Cemre-Baysel-3-1.jpg 1600w\" sizes=\"(max-width: 1208px) 100vw, 1208px\" \/><\/p>\n<hr \/>\n<h3><strong>CEMRE BAYSEL D\u0130Z\u0130LER\u0130<\/strong><\/h3>\n<p>2024 \u2013 Leyla: Hayat\u2026A\u015fk\u2026Adalet\u2026<\/p>\n<p>2021 \u2013 Baht Oyunu<\/p>\n<p>2020 \u2013 Sol Yan\u0131m (Biricik)<\/p>\n<p>2018 \u2013 Elimi B\u0131rakma (Melis)<\/p>\n<p>2017 \u2013 Payitaht Abd\u00fclhamit (Firuze)<\/p>\n<p>2017 \u2013 \u0130simsizler (G\u00fclperi)<\/p>\n<p>2014 \u2013 Ye\u015fil Deniz (Gonca)<\/p>\n","protected":false},"excerpt":{"rendered":"<p>\u00dcnl\u00fc \u015fark\u0131c\u0131 Cem Adrian yak\u0131n arkada\u015f\u0131 Cemre Baysel\u2019i Leyla dizisi setinde ziyaret etti. <\/p>\n","protected":false},"author":34,"featured_media":128829,"comment_status":"closed","ping_status":"closed","sticky":false,"template":"","format":"standard","meta":{"rank_math_lock_modified_date":false,"footnotes":""},"categories":[76],"tags":[9782,2520,1055,2983,3033],"class_list":["post-128825","post","type-post","status-publish","format-standard","has-post-thumbnail","hentry","category-magazin","tag-cem-adrian","tag-cemre-baysel","tag-leyla","tag-leyla-dizi","tag-leyla-dizisi"],"_links":{"self":[{"href":"https:\/\/www.tgrthaber.com\/mavikadin\/wp-json\/wp\/v2\/posts\/128825"}],"collection":[{"href":"https:\/\/www.tgrthaber.com\/mavikadin\/wp-json\/wp\/v2\/posts"}],"about":[{"href":"https:\/\/www.tgrthaber.com\/mavikadin\/wp-json\/wp\/v2\/types\/post"}],"author":[{"embeddable":true,"href":"https:\/\/www.tgrthaber.com\/mavikadin\/wp-json\/wp\/v2\/users\/34"}],"replies":[{"embeddable":true,"href":"https:\/\/www.tgrthaber.com\/mavikadin\/wp-json\/wp\/v2\/comments?post=128825"}],"version-history":[{"count":1,"href":"https:\/\/www.tgrthaber.com\/mavikadin\/wp-json\/wp\/v2\/posts\/128825\/revisions"}],"predecessor-version":[{"id":128830,"href":"https:\/\/www.tgrthaber.com\/mavikadin\/wp-json\/wp\/v2\/posts\/128825\/revisions\/128830"}],"wp:featuredmedia":[{"embeddable":true,"href":"https:\/\/www.tgrthaber.com\/mavikadin\/wp-json\/wp\/v2\/media\/128829"}],"wp:attachment":[{"href":"https:\/\/www.tgrthaber.com\/mavikadin\/wp-json\/wp\/v2\/media?parent=128825"}],"wp:term":[{"taxonomy":"category","embeddable":true,"href":"https:\/\/www.tgrthaber.com\/mavikadin\/wp-json\/wp\/v2\/categories?post=128825"},{"taxonomy":"post_tag","embeddable":true,"href":"https:\/\/www.tgrthaber.com\/mavikadin\/wp-json\/wp\/v2\/tags?post=128825"}],"curies":[{"name":"wp","href":"https:\/\/api.w.org\/{rel}","templated":true}]}}