{"id":128831,"date":"2025-02-03T18:12:58","date_gmt":"2025-02-03T15:12:58","guid":{"rendered":"https:\/\/www.tgrthaber.com\/mavikadin\/?p=128831"},"modified":"2025-02-03T18:34:07","modified_gmt":"2025-02-03T15:34:07","slug":"finale-yaklasirken-yali-capkininda-yeni-gelisme-ferit-ve-seyran-takipcilerini-uzdu","status":"publish","type":"post","link":"https:\/\/www.tgrthaber.com\/mavikadin\/finale-yaklasirken-yali-capkininda-yeni-gelisme-ferit-ve-seyran-takipcilerini-uzdu\/","title":{"rendered":"Finale yakla\u015f\u0131rken Yal\u0131 \u00c7apk\u0131n\u0131&#8217;nda yeni geli\u015fme: Ferit ve Seyran takip\u00e7ilerini \u00fczd\u00fc!"},"content":{"rendered":"<p>Yay\u0131mland\u0131\u011f\u0131 andan itibaren bir\u00e7ok ki\u015fi taraf\u0131ndan b\u00fcy\u00fck hayranl\u0131kla takip edilen Star TV\u2019nin reyting rekorlar\u0131 k\u0131ran Yal\u0131 \u00c7apk\u0131n\u0131 dizisi, sahneleriyle ve oyuncular\u0131n\u0131n \u00f6zel hayatlar\u0131yla s\u0131k s\u0131k g\u00fcndeme geliyor.<\/p>\n<p>Ba\u015frollerinde Afra Sara\u00e7o\u011flu ve Mert Ramazan Demir\u2019in yer ald\u0131\u011f\u0131 dizi, Seyran ve Ferit karakterlerinin a\u015fklar\u0131 etraf\u0131nda \u015fekillenen olaylar\u0131 konu al\u0131yor. Dizinin oyuncu kadrosunda, \u00c7etin Tekindor, Emre Altu\u011f, \u015eerif Sezer, Ersin Ar\u0131c\u0131, G\u00fcl\u00e7in \u015eant\u0131rc\u0131o\u011flu, G\u00f6zde Kansu, Beril Pozam, Do\u011fukan Polat, \u0130rem Altu\u011f, \u00d6znur Ser\u00e7eler, H\u00fclya Duyar gibi isimler bulunuyor.<\/p>\n<h3>AFRA VE MERT A\u015eKINDA YA\u015eANANLAR<\/h3>\n<p>Dizinin yay\u0131n hayat\u0131na girmesinin ard\u0131ndan Ferit karakterini oynayan Mert Ramazan Demir ve Seyran karakterini oynayan Afra Sara\u00e7o\u011flu hakk\u0131nda a\u015fk iddialar\u0131 g\u00fcndeme gelmi\u015fti. Bu iddialar\u0131 do\u011frulayan \u00e7ift, ge\u00e7ti\u011fimiz y\u0131l \u0130stanbul Ulus\u2019ta bir eve ta\u015f\u0131nm\u0131\u015flard\u0131.<\/p>\n<p>Ge\u00e7ti\u011fimiz g\u00fcnlerde Mert Ramazan Demir\u2019in Cihangir\u2019deki eski evine bir kad\u0131nla girdi\u011fi g\u00f6r\u00fclm\u00fc\u015ft\u00fc. Bu karelerin ard\u0131ndan Sara\u00e7o\u011flu ve Demir \u00e7ifti aras\u0131nda neler ya\u015fanaca\u011f\u0131 merak konusu olmu\u015ftu.<\/p>\n<p><img loading=\"lazy\" decoding=\"async\" class=\"alignnone wp-image-128836\" src=\"https:\/\/www.tgrthaber.com\/mavikadin\/wp-content\/uploads\/afra-mert-1-300x168.webp\" alt=\"\" width=\"1280\" height=\"719\" title=\"\" srcset=\"https:\/\/www.tgrthaber.com\/mavikadin\/wp-content\/uploads\/afra-mert-1-300x168.webp 300w, https:\/\/www.tgrthaber.com\/mavikadin\/wp-content\/uploads\/afra-mert-1-1024x575.webp 1024w, https:\/\/www.tgrthaber.com\/mavikadin\/wp-content\/uploads\/afra-mert-1-768x431.webp 768w, https:\/\/www.tgrthaber.com\/mavikadin\/wp-content\/uploads\/afra-mert-1.webp 1202w\" sizes=\"(max-width: 1280px) 100vw, 1280px\" \/><\/p>\n<hr \/>\n<p>&nbsp;<\/p>\n<h3>SEYRAN VE FER\u0130T\u2019TEN HAYRANLARINI \u00dcZEN KARAR!<\/h3>\n<p>Magazin g\u00fcndeminin en \u00e7ok konu\u015fulan isimlerden olan Mert Ramazan Demir ve Afra Sara\u00e7o\u011flu hakk\u0131nda \u015foke eden bir iddia ortaya at\u0131ld\u0131. Ramazan Demir\u2019in objektiflere yans\u0131yan g\u00f6r\u00fcnt\u00fcleri sonras\u0131 Afra Sara\u00e7o\u011flu ile sosyal medya hesaplar\u0131 \u00fczerinden takiple\u015fmedikleri g\u00f6r\u00fcld\u00fc.<\/p>\n<p>Daha \u00f6nce haklar\u0131nda ayr\u0131l\u0131k iddialar\u0131 bulunan \u00e7iftin, Instagram hesaplar\u0131 \u00fczerinden birbirlerini takibi b\u0131rakmalar\u0131 bu iddialar\u0131 g\u00fc\u00e7lendirdi. \u00c7ift hen\u00fcz konuya ili\u015fkin bir a\u00e7\u0131klama yapmasa da ayr\u0131l\u0131k haberleri g\u00fcndeme bomba gibi d\u00fc\u015ft\u00fc.<\/p>\n<p><img loading=\"lazy\" decoding=\"async\" class=\"alignnone wp-image-128834\" src=\"https:\/\/www.tgrthaber.com\/mavikadin\/wp-content\/uploads\/afra-saracoglu-mert-ramazan-demir-300x169.webp\" alt=\"\" width=\"1280\" height=\"720\" title=\"\" srcset=\"https:\/\/www.tgrthaber.com\/mavikadin\/wp-content\/uploads\/afra-saracoglu-mert-ramazan-demir-300x169.webp 300w, https:\/\/www.tgrthaber.com\/mavikadin\/wp-content\/uploads\/afra-saracoglu-mert-ramazan-demir-1024x576.webp 1024w, https:\/\/www.tgrthaber.com\/mavikadin\/wp-content\/uploads\/afra-saracoglu-mert-ramazan-demir-768x432.webp 768w, https:\/\/www.tgrthaber.com\/mavikadin\/wp-content\/uploads\/afra-saracoglu-mert-ramazan-demir.webp 1280w\" sizes=\"(max-width: 1280px) 100vw, 1280px\" \/><\/p>\n<hr \/>\n<h3>YALI \u00c7APKINI F\u0130NAL M\u0130 YAPACAK?<\/h3>\n<p>Bir zamanlar reyting listelerinde ilk s\u0131ralarda yer alan Yal\u0131 \u00c7apk\u0131n\u0131\u2019n\u0131n son zamanlarda d\u00fc\u015f\u00fc\u015fte oldu\u011fu biliniyordu. \u0130zleme oranlar\u0131ndaki bu d\u00fc\u015f\u00fc\u015f\u00fcn ard\u0131ndan Yal\u0131 \u00c7apk\u0131n\u0131 ne zaman final yapacak? Yal\u0131 \u00c7apk\u0131n\u0131 final mi yap\u0131yor? sorular\u0131 s\u0131k\u00e7a g\u00fcndeme gelmi\u015fti. Konu hakk\u0131nda net bir a\u00e7\u0131klama olmasa da 100. b\u00f6l\u00fcmde dizinin final yapaca\u011f\u0131 iddia edildi.<\/p>\n","protected":false},"excerpt":{"rendered":"<p>Star TV\u2019nin reyting rekorlar\u0131 k\u0131ran dizisi Yal\u0131 \u00c7apk\u0131n\u0131\u2019nda, ba\u015frol oyuncular\u0131 Afra Sara\u00e7o\u011flu ve Mert Ramazan Demir aras\u0131nda hayranlar\u0131n\u0131 \u00fczecek bir geli\u015fme ya\u015fand\u0131. Bir\u00e7ok izleyici taraf\u0131ndan ilgiyle takip edilen dizi hakk\u0131nda, Afra Sara\u00e7o\u011flu ile Mert Ramazan Demir aras\u0131nda neler oldu? Yal\u0131 \u00c7apk\u0131n\u0131 Seyran ve Ferit ger\u00e7ekte ayr\u0131ld\u0131 m\u0131? Sorular\u0131 merak edilen konular oldu.<\/p>\n","protected":false},"author":33,"featured_media":128832,"comment_status":"closed","ping_status":"closed","sticky":false,"template":"","format":"standard","meta":{"rank_math_lock_modified_date":false,"footnotes":""},"categories":[602,76],"tags":[2778,2779,4322,2638,9783],"class_list":["post-128831","post","type-post","status-publish","format-standard","has-post-thumbnail","hentry","category-diziler","category-magazin","tag-afra-saracoglu","tag-mert-ramazan-demir","tag-yali-capkini-ferit","tag-yali-capkini-final","tag-yali-capkini-seyran"],"_links":{"self":[{"href":"https:\/\/www.tgrthaber.com\/mavikadin\/wp-json\/wp\/v2\/posts\/128831"}],"collection":[{"href":"https:\/\/www.tgrthaber.com\/mavikadin\/wp-json\/wp\/v2\/posts"}],"about":[{"href":"https:\/\/www.tgrthaber.com\/mavikadin\/wp-json\/wp\/v2\/types\/post"}],"author":[{"embeddable":true,"href":"https:\/\/www.tgrthaber.com\/mavikadin\/wp-json\/wp\/v2\/users\/33"}],"replies":[{"embeddable":true,"href":"https:\/\/www.tgrthaber.com\/mavikadin\/wp-json\/wp\/v2\/comments?post=128831"}],"version-history":[{"count":2,"href":"https:\/\/www.tgrthaber.com\/mavikadin\/wp-json\/wp\/v2\/posts\/128831\/revisions"}],"predecessor-version":[{"id":128837,"href":"https:\/\/www.tgrthaber.com\/mavikadin\/wp-json\/wp\/v2\/posts\/128831\/revisions\/128837"}],"wp:featuredmedia":[{"embeddable":true,"href":"https:\/\/www.tgrthaber.com\/mavikadin\/wp-json\/wp\/v2\/media\/128832"}],"wp:attachment":[{"href":"https:\/\/www.tgrthaber.com\/mavikadin\/wp-json\/wp\/v2\/media?parent=128831"}],"wp:term":[{"taxonomy":"category","embeddable":true,"href":"https:\/\/www.tgrthaber.com\/mavikadin\/wp-json\/wp\/v2\/categories?post=128831"},{"taxonomy":"post_tag","embeddable":true,"href":"https:\/\/www.tgrthaber.com\/mavikadin\/wp-json\/wp\/v2\/tags?post=128831"}],"curies":[{"name":"wp","href":"https:\/\/api.w.org\/{rel}","templated":true}]}}