{"id":128868,"date":"2025-02-03T19:29:35","date_gmt":"2025-02-03T16:29:35","guid":{"rendered":"https:\/\/www.tgrthaber.com\/mavikadin\/?p=128868"},"modified":"2025-02-03T19:29:35","modified_gmt":"2025-02-03T16:29:35","slug":"kral-kaybederse-dizisinden-ikinci-fragman-milyonlari-ekrana-kilitleyecek","status":"publish","type":"post","link":"https:\/\/www.tgrthaber.com\/mavikadin\/kral-kaybederse-dizisinden-ikinci-fragman-milyonlari-ekrana-kilitleyecek\/","title":{"rendered":"Kral Kaybederse dizisinden ikinci fragman: Milyonlar\u0131 ekrana kilitleyecek!"},"content":{"rendered":"<p>Ba\u015frollerinde Halit Ergen\u00e7 ve Merve Dizdar ile birlikte bir\u00e7ok \u00fcnl\u00fc ismin yer alaca\u011f\u0131 Kral Kaybederse dizisi Star TV ekranlar\u0131nda yay\u0131mlanacak. G\u00fc\u00e7l\u00fc senaryosu ile ikinci tan\u0131t\u0131m\u0131n\u0131n ard\u0131ndan b\u00fcy\u00fck ilgi g\u00f6ren dizi, duygu dolu atmosferiyle dikkatleri \u00fczerine \u00e7ekti.<\/p>\n<h3>KRAL KAYBEDERSE \u0130\u00c7\u0130N HEYECAN DORUKTA!<\/h3>\n<p>Halit Ergen\u00e7,\u00a0Merve Dizdar,\u00a0Nilperi \u015eahinkaya, Asl\u0131han G\u00fcrb\u00fcz, Cenan \u00c7amyurdu, Murat Garipa\u011fao\u011flu, Nalan Kuru\u00e7im, Fulden S\u00f6\u011f\u00fct Etik, Ezgi Ulusoy, Ferhan G\u00fcl\u015fah Varl\u0131o\u011flu, Cihan Talay, \u0130dil Yener, Ali R\u0131za Kubilay ve Ferhat Y\u0131lmaz gibi \u00fcnl\u00fc isimlerin yer ald\u0131\u011f\u0131 dizi \u015fimdiden b\u00fcy\u00fck merak uyand\u0131rd\u0131.<\/p>\n<p>Senaryosunu, Sedef Bayburtluo\u011flu G\u00fcrerk, Ertan Kurtulan ve Eylem Ak\u0131n\u2019\u0131n kaleme ald\u0131\u011f\u0131 dizide bir avc\u0131n\u0131n nas\u0131l av konumuna geldi\u011finin hikayesi anlat\u0131l\u0131yor. Kral Kaybederse dizisinde kral\u0131n neyi kaybedece\u011finden \u00f6te bir ser\u00fcven ortaya konuyor.<\/p>\n<p><img loading=\"lazy\" decoding=\"async\" class=\"alignnone wp-image-128869\" src=\"https:\/\/www.tgrthaber.com\/mavikadin\/wp-content\/uploads\/halit-ergenc-nilperi-300x166.webp\" alt=\"\" width=\"1280\" height=\"709\" title=\"\" srcset=\"https:\/\/www.tgrthaber.com\/mavikadin\/wp-content\/uploads\/halit-ergenc-nilperi-300x166.webp 300w, https:\/\/www.tgrthaber.com\/mavikadin\/wp-content\/uploads\/halit-ergenc-nilperi-1024x567.webp 1024w, https:\/\/www.tgrthaber.com\/mavikadin\/wp-content\/uploads\/halit-ergenc-nilperi-768x425.webp 768w, https:\/\/www.tgrthaber.com\/mavikadin\/wp-content\/uploads\/halit-ergenc-nilperi-1536x851.webp 1536w, https:\/\/www.tgrthaber.com\/mavikadin\/wp-content\/uploads\/halit-ergenc-nilperi.webp 1805w\" sizes=\"(max-width: 1280px) 100vw, 1280px\" \/><\/p>\n<hr \/>\n<p>Tan\u0131t\u0131m\u0131 yay\u0131nland\u0131\u011f\u0131 g\u00fcnden bu yana \u00e7ok konu\u015fulan Kral Kaybederse dizisi i\u00e7in heyecanl\u0131 bekleyi\u015f devam ediyor. G\u00fclseren Buday\u0131c\u0131o\u011flu\u2019nun Kral Kaybederse adl\u0131 kitab\u0131ndan uyarlanan dizide, Kenan Baran\u2019\u0131 oynayan Halit Ergen\u00e7\u2019in d\u00fc\u015f\u00fc\u015f\u00fc ve Fadi karakterini oynayan Merve Dizdar\u2019\u0131n y\u00fckseli\u015fini izleyece\u011fiz.<\/p>\n<p>Tan\u0131t\u0131m\u0131nda Fadi\u2019yi oynayan Merve Dizdar\u2019\u0131n \u201cKap\u0131dan i\u00e7eri gireni sak\u0131n hafife alma!\u201d S\u00f6zleri b\u00fcy\u00fck yank\u0131 uyand\u0131rd\u0131. Dizi hakk\u0131nda, \u201cKral Kaybederse, milyonlar\u0131 ekranlara kilitleyecek t\u00fcrden bir dizi\u201d yorumlar\u0131 yap\u0131ld\u0131.<\/p>\n<p><img loading=\"lazy\" decoding=\"async\" class=\"alignnone wp-image-128870\" src=\"https:\/\/www.tgrthaber.com\/mavikadin\/wp-content\/uploads\/merve-dizdar-kral-kaybederse-300x161.jpeg\" alt=\"\" width=\"1280\" height=\"687\" title=\"\" srcset=\"https:\/\/www.tgrthaber.com\/mavikadin\/wp-content\/uploads\/merve-dizdar-kral-kaybederse-300x161.jpeg 300w, https:\/\/www.tgrthaber.com\/mavikadin\/wp-content\/uploads\/merve-dizdar-kral-kaybederse.jpeg 600w\" sizes=\"(max-width: 1280px) 100vw, 1280px\" \/><\/p>\n<hr \/>\n<h3><strong>KRAL KAYBEDERSE NE ZAMAN YAYIMLANACAK?<\/strong><\/h3>\n<p>Kral Kaybederse dizisinin ne zaman yay\u0131mlanaca\u011f\u0131na dair yap\u0131m \u015firketinden hen\u00fcz resmi bir a\u00e7\u0131klama gelmedi. Yay\u0131m tarihine ili\u015fkin yap\u0131lan tek a\u00e7\u0131klama \u201c\u00e7ok yak\u0131nda\u201d oldu. Dizinin yay\u0131n tarihi netle\u015fti\u011finde haberimize eklenecektir.<\/p>\n<p><img loading=\"lazy\" decoding=\"async\" class=\"alignnone wp-image-128871\" src=\"https:\/\/www.tgrthaber.com\/mavikadin\/wp-content\/uploads\/merve-dizdar-300x170.jpeg\" alt=\"\" width=\"1280\" height=\"725\" title=\"\" srcset=\"https:\/\/www.tgrthaber.com\/mavikadin\/wp-content\/uploads\/merve-dizdar-300x170.jpeg 300w, https:\/\/www.tgrthaber.com\/mavikadin\/wp-content\/uploads\/merve-dizdar.jpeg 600w\" sizes=\"(max-width: 1280px) 100vw, 1280px\" \/><\/p>\n<hr \/>\n<h3>KRAL KAYBEDERSE D\u0130Z\u0130S\u0130N\u0130N KONUSU NE?<\/h3>\n<p>Kral Kaybederse dizisi, Kenan Baran\u2019\u0131 oynayan Halit Ergen\u00e7\u2019in d\u00fc\u015f\u00fc\u015f\u00fc ve kar\u015f\u0131l\u0131\u011f\u0131nda Fadi\u2019yi oynayan Merve Dizdar\u2019\u0131n y\u00fckseli\u015fini konu al\u0131yor. Dizi, kral\u0131n neler kaybetti\u011finden ziyade kaybetme ser\u00fcveni \u00fczerine odaklan\u0131yor. \u00d6n\u00fcm\u00fczdeki g\u00fcnlerde Kral Kaybederse dizisi hakk\u0131nda daha geni\u015f bilgilerin a\u00e7\u0131klanmas\u0131 bekleniyor.<\/p>\n","protected":false},"excerpt":{"rendered":"<p>Star TV ekranlar\u0131nda yay\u0131na \u00e7\u0131kmaya haz\u0131rlanan, ba\u015frollerinde Halit Ergen\u00e7 ve Merve Dizdar\u2019\u0131n yer alaca\u011f\u0131 Kral Kaybederse dizisi ikinci tan\u0131t\u0131m\u0131yla g\u00fcndeme geldi. Hikayesinin g\u00fcc\u00fc ve birbirinden \u00fcnl\u00fc isimlerin oynayaca\u011f\u0131 dizi, sosyal medyada b\u00fcy\u00fck ilgi g\u00f6rd\u00fc. Kral Kaybederse ne zaman yay\u0131mlanacak? Kral Kaybederse dizisinin konusu ne? <\/p>\n","protected":false},"author":33,"featured_media":128872,"comment_status":"closed","ping_status":"closed","sticky":false,"template":"","format":"standard","meta":{"rank_math_lock_modified_date":false,"footnotes":""},"categories":[602],"tags":[2194,8336,8335],"class_list":["post-128868","post","type-post","status-publish","format-standard","has-post-thumbnail","hentry","category-diziler","tag-halit-ergenc","tag-kral-kaybederse-dizi-oyunculari","tag-kral-kaybederse-dizisi-konusu"],"_links":{"self":[{"href":"https:\/\/www.tgrthaber.com\/mavikadin\/wp-json\/wp\/v2\/posts\/128868"}],"collection":[{"href":"https:\/\/www.tgrthaber.com\/mavikadin\/wp-json\/wp\/v2\/posts"}],"about":[{"href":"https:\/\/www.tgrthaber.com\/mavikadin\/wp-json\/wp\/v2\/types\/post"}],"author":[{"embeddable":true,"href":"https:\/\/www.tgrthaber.com\/mavikadin\/wp-json\/wp\/v2\/users\/33"}],"replies":[{"embeddable":true,"href":"https:\/\/www.tgrthaber.com\/mavikadin\/wp-json\/wp\/v2\/comments?post=128868"}],"version-history":[{"count":2,"href":"https:\/\/www.tgrthaber.com\/mavikadin\/wp-json\/wp\/v2\/posts\/128868\/revisions"}],"predecessor-version":[{"id":128875,"href":"https:\/\/www.tgrthaber.com\/mavikadin\/wp-json\/wp\/v2\/posts\/128868\/revisions\/128875"}],"wp:featuredmedia":[{"embeddable":true,"href":"https:\/\/www.tgrthaber.com\/mavikadin\/wp-json\/wp\/v2\/media\/128872"}],"wp:attachment":[{"href":"https:\/\/www.tgrthaber.com\/mavikadin\/wp-json\/wp\/v2\/media?parent=128868"}],"wp:term":[{"taxonomy":"category","embeddable":true,"href":"https:\/\/www.tgrthaber.com\/mavikadin\/wp-json\/wp\/v2\/categories?post=128868"},{"taxonomy":"post_tag","embeddable":true,"href":"https:\/\/www.tgrthaber.com\/mavikadin\/wp-json\/wp\/v2\/tags?post=128868"}],"curies":[{"name":"wp","href":"https:\/\/api.w.org\/{rel}","templated":true}]}}