{"id":128922,"date":"2025-02-03T22:12:26","date_gmt":"2025-02-03T19:12:26","guid":{"rendered":"https:\/\/www.tgrthaber.com\/mavikadin\/?p=128922"},"modified":"2025-02-03T22:16:20","modified_gmt":"2025-02-03T19:16:20","slug":"kizil-goncalar-otel-faciasini-unutmadi-hassasiyeti-alkis-topladi","status":"publish","type":"post","link":"https:\/\/www.tgrthaber.com\/mavikadin\/kizil-goncalar-otel-faciasini-unutmadi-hassasiyeti-alkis-topladi\/","title":{"rendered":"K\u0131z\u0131l Goncalar otel facias\u0131n\u0131 unutmad\u0131! Hassasiyeti alk\u0131\u015f toplad\u0131!"},"content":{"rendered":"<p>K\u0131z\u0131l Goncalar dizisinin bu ak\u015fam yay\u0131nlanan 36. B\u00f6l\u00fcm\u00fcn\u00fcn a\u00e7\u0131l\u0131\u015f sahnesinde yay\u0131nlanacak olan yang\u0131n sahnesi yap\u0131m ekibi taraf\u0131ndan iptal edildi. Dizi yeni b\u00f6l\u00fcm\u00fcne ba\u015flamadan \u00f6nce sosyal medya hesab\u0131ndan bir bildirim yay\u0131nland\u0131lar. Bolu Kartalkaya\u2019daki Grand Otel yang\u0131n\u0131nda ya\u015fan\u0131lan 78 can kayb\u0131na sayg\u0131 duymak ve toplumsal hassasiyet ad\u0131na ba\u015flang\u0131\u00e7 sahnesi \u00e7\u0131kar\u0131ld\u0131.<\/p>\n<h3>KIZIL GONCALAR\u2019DAN 25 DAK\u0130KALIK SAHNE \u00c7IKARILDI<\/h3>\n<p>K\u0131z\u0131l Goncalar dizisinin 36. B\u00f6l\u00fcm\u00fcnde yer alacak olan yang\u0131n sahnesi yap\u0131m ekibinin karar\u0131 ile \u00e7\u0131kar\u0131ld\u0131. Dizinin ba\u015flang\u0131c\u0131nda yay\u0131nlanacak olan 25 dakikal\u0131k yang\u0131n sahnesi kald\u0131r\u0131ld\u0131. Bolu, Kartalkaya\u2019daki can kayb\u0131nda \u00f6lenlere ve yak\u0131nlar\u0131na sayg\u0131 duymak ad\u0131na yeni b\u00f6l\u00fcmdeki yang\u0131n sahnesini toplumsal hassasiyet ad\u0131na diziden \u00e7\u0131kartt\u0131lar.<\/p>\n<p><img loading=\"lazy\" decoding=\"async\" class=\"alignnone wp-image-128925\" src=\"https:\/\/www.tgrthaber.com\/mavikadin\/wp-content\/uploads\/kizil-goncalar-dizisinden-yangin-sahnesi-icin-bildiri-yayinlandi-300x169.jpg\" alt=\"k\u0131z\u0131l goncalar dizisinden yang\u0131n sahnesi i\u00e7in bildiri yay\u0131nland\u0131\" width=\"1208\" height=\"680\" title=\"\" srcset=\"https:\/\/www.tgrthaber.com\/mavikadin\/wp-content\/uploads\/kizil-goncalar-dizisinden-yangin-sahnesi-icin-bildiri-yayinlandi-300x169.jpg 300w, https:\/\/www.tgrthaber.com\/mavikadin\/wp-content\/uploads\/kizil-goncalar-dizisinden-yangin-sahnesi-icin-bildiri-yayinlandi-1024x576.jpg 1024w, https:\/\/www.tgrthaber.com\/mavikadin\/wp-content\/uploads\/kizil-goncalar-dizisinden-yangin-sahnesi-icin-bildiri-yayinlandi-768x432.jpg 768w, https:\/\/www.tgrthaber.com\/mavikadin\/wp-content\/uploads\/kizil-goncalar-dizisinden-yangin-sahnesi-icin-bildiri-yayinlandi-1536x864.jpg 1536w, https:\/\/www.tgrthaber.com\/mavikadin\/wp-content\/uploads\/kizil-goncalar-dizisinden-yangin-sahnesi-icin-bildiri-yayinlandi.jpg 1920w\" sizes=\"(max-width: 1208px) 100vw, 1208px\" \/><\/p>\n<hr \/>\n<h3>KIZIL GONCALAR EK\u0130B\u0130NDEN A\u00c7IKLAMA<\/h3>\n<p>36.b\u00f6l\u00fcmdeki yang\u0131n sahnesinin neden \u00e7\u0131kar\u0131ld\u0131\u011f\u0131na dair dizinin sosyal medya kanal\u0131ndan bir bildiri yay\u0131nland\u0131. Yay\u0131nlanan a\u00e7\u0131klamada, \u201c Kartalkaya&#8217;da ya\u015fanan elim yang\u0131nda yiten canlar\u0131m\u0131z\u0131n ac\u0131s\u0131n\u0131 derinden hissediyoruz. B\u00f6l\u00fcm hik\u00e2yemiz gere\u011fi facian\u0131n \u00f6ncesinde \u00e7ekti\u011fimiz yang\u0131n sahnelerini, yarataca\u011f\u0131 hassasiyeti g\u00f6z \u00f6n\u00fcnde bulundurarak yay\u0131nlam\u0131yoruz. Yaral\u0131lar\u0131m\u0131za acil \u015fifalar diliyor, kay\u0131plar\u0131m\u0131z\u0131 sayg\u0131yla an\u0131yoruz. T\u00fcm \u00fclkemizin ba\u015f\u0131 sa\u011f olsun.\u201d s\u00f6zlerine yer verdiler.<\/p>\n<p><img loading=\"lazy\" decoding=\"async\" class=\"alignnone wp-image-128931\" src=\"https:\/\/www.tgrthaber.com\/mavikadin\/wp-content\/uploads\/kizil-goncalar-36.-bolum-300x169.jpg\" alt=\"k\u0131z\u0131l goncalar 36. b\u00f6l\u00fcm\" width=\"1208\" height=\"680\" title=\"\" srcset=\"https:\/\/www.tgrthaber.com\/mavikadin\/wp-content\/uploads\/kizil-goncalar-36.-bolum-300x169.jpg 300w, https:\/\/www.tgrthaber.com\/mavikadin\/wp-content\/uploads\/kizil-goncalar-36.-bolum-1024x576.jpg 1024w, https:\/\/www.tgrthaber.com\/mavikadin\/wp-content\/uploads\/kizil-goncalar-36.-bolum-768x432.jpg 768w, https:\/\/www.tgrthaber.com\/mavikadin\/wp-content\/uploads\/kizil-goncalar-36.-bolum-1536x864.jpg 1536w, https:\/\/www.tgrthaber.com\/mavikadin\/wp-content\/uploads\/kizil-goncalar-36.-bolum.jpg 1920w\" sizes=\"(max-width: 1208px) 100vw, 1208px\" \/><\/p>\n<hr \/>\n<h3>KIZIL GONCALAR 36 B\u00d6L\u00dcM\u00dcNDE NELER OLDU?<\/h3>\n<p>\u015eirin\u2019in Zeynep\u2019i hedef al\u0131p sald\u0131rmas\u0131 \u00e7evresindekileri de b\u00fcy\u00fck bir tehlike i\u00e7erisine sokar. Meryem, k\u0131z\u0131 Zeynep\u2019i kurtarma \u00e7abas\u0131 i\u00e7erisindeyken C\u00fcneyd\u2019e harekete ge\u00e7meye ba\u015flar. Olaylar\u0131n beklenmedik \u015fekilde b\u00fcy\u00fcr.<\/p>\n<p>Sadi, e\u015finin y\u00fcz\u00fcn\u00fcn yanmas\u0131 sonucunda ya\u015fad\u0131\u011f\u0131 ac\u0131y\u0131 C\u00fcneyd\u2019e y\u00f6nlendirerek ona kar\u015f\u0131 d\u00fc\u015fmanla\u015fmaya ba\u015flar. \u015eirin, C\u00fcneyd\u2019in as\u0131l su\u00e7lunun kendisi oldu\u011fu d\u00fc\u015f\u00fcnece\u011fi endi\u015fesiyle huzursuzken, Saat\u00e7i Aziz\u2019e kar\u015f\u0131 da su\u00e7luluk duymaya ba\u015flar. Aziz ise, ya\u015fanan ac\u0131dan faydalanarak, Sadi ve C\u00fcneyd\u2019i kar\u015f\u0131 kar\u015f\u0131ya getirir.<\/p>\n<p>Yang\u0131n\u0131 \u00e7\u0131karan ki\u015finin Naim olarak g\u00f6sterilmesi \u00fczerine Levent\u2019in k\u0131z\u0131n\u0131n telefonunda olan g\u00f6r\u00fcnt\u00fclerin ortaya \u00e7\u0131kmas\u0131 sonucunda polise gitmeye karar verir. Naim\u2019in aklanmas\u0131 sonucunda, Sadi ve C\u00fcneyd\u2019i eski d\u00fc\u015fmanlar\u0131ndan \u015f\u00fcphelenerek onlar\u0131 if\u015fa etmeyi d\u00fc\u015f\u00fcn\u00fcr. Aziz, C\u00fcneyd\u2019i etkilemek i\u00e7in telkin seanslar\u0131n\u0131 s\u00fcrd\u00fcr\u00fcr ve Zeynep\u2019i ondan uzak tutmaya \u00e7al\u0131\u015f\u0131r.<\/p>\n","protected":false},"excerpt":{"rendered":"<p>Now Tv\u2019de yay\u0131nlanan K\u0131z\u0131l Goncalar dizisi yeni b\u00f6l\u00fcm\u00fcnden yang\u0131n sahnesini \u00e7\u0131kard\u0131. Bolu, Kartalkaya\u2019da 78 can kayb\u0131n\u0131n ya\u015fand\u0131\u011f\u0131 olay sonucu geride kalanlara olu\u015fturaca\u011f\u0131 olumsuz etkiden \u00f6t\u00fcr\u00fc yay\u0131nlamama karar\u0131 ald\u0131lar. <\/p>\n","protected":false},"author":10,"featured_media":128923,"comment_status":"closed","ping_status":"closed","sticky":false,"template":"","format":"standard","meta":{"rank_math_lock_modified_date":false,"footnotes":""},"categories":[602],"tags":[7090,9813],"class_list":["post-128922","post","type-post","status-publish","format-standard","has-post-thumbnail","hentry","category-diziler","tag-kizil-goncalar-dizisi","tag-kizil-goncalar-yangin-sahnesi"],"_links":{"self":[{"href":"https:\/\/www.tgrthaber.com\/mavikadin\/wp-json\/wp\/v2\/posts\/128922"}],"collection":[{"href":"https:\/\/www.tgrthaber.com\/mavikadin\/wp-json\/wp\/v2\/posts"}],"about":[{"href":"https:\/\/www.tgrthaber.com\/mavikadin\/wp-json\/wp\/v2\/types\/post"}],"author":[{"embeddable":true,"href":"https:\/\/www.tgrthaber.com\/mavikadin\/wp-json\/wp\/v2\/users\/10"}],"replies":[{"embeddable":true,"href":"https:\/\/www.tgrthaber.com\/mavikadin\/wp-json\/wp\/v2\/comments?post=128922"}],"version-history":[{"count":1,"href":"https:\/\/www.tgrthaber.com\/mavikadin\/wp-json\/wp\/v2\/posts\/128922\/revisions"}],"predecessor-version":[{"id":128932,"href":"https:\/\/www.tgrthaber.com\/mavikadin\/wp-json\/wp\/v2\/posts\/128922\/revisions\/128932"}],"wp:featuredmedia":[{"embeddable":true,"href":"https:\/\/www.tgrthaber.com\/mavikadin\/wp-json\/wp\/v2\/media\/128923"}],"wp:attachment":[{"href":"https:\/\/www.tgrthaber.com\/mavikadin\/wp-json\/wp\/v2\/media?parent=128922"}],"wp:term":[{"taxonomy":"category","embeddable":true,"href":"https:\/\/www.tgrthaber.com\/mavikadin\/wp-json\/wp\/v2\/categories?post=128922"},{"taxonomy":"post_tag","embeddable":true,"href":"https:\/\/www.tgrthaber.com\/mavikadin\/wp-json\/wp\/v2\/tags?post=128922"}],"curies":[{"name":"wp","href":"https:\/\/api.w.org\/{rel}","templated":true}]}}