{"id":128933,"date":"2025-02-03T22:50:56","date_gmt":"2025-02-03T19:50:56","guid":{"rendered":"https:\/\/www.tgrthaber.com\/mavikadin\/?p=128933"},"modified":"2025-02-03T22:51:43","modified_gmt":"2025-02-03T19:51:43","slug":"sarkici-merve-ozbeyin-esi-kenan-kocak-tutuklandi","status":"publish","type":"post","link":"https:\/\/www.tgrthaber.com\/mavikadin\/sarkici-merve-ozbeyin-esi-kenan-kocak-tutuklandi\/","title":{"rendered":"\u015eark\u0131c\u0131 Merve \u00d6zbey\u2019in e\u015fi Kenan Ko\u00e7ak tutukland\u0131!"},"content":{"rendered":"<p>Sarallar \u00f6rg\u00fct\u00fcn\u00fcn \u00fcyesi Turan Y\u0131ld\u0131r\u0131m\u2019\u0131n yurt d\u0131\u015f\u0131na ka\u00e7\u0131rma gerek\u00e7esiyle Edirne\u2019de g\u00f6revli 3. S\u0131n\u0131f Emniyet M\u00fcd\u00fcr\u00fc Mehmet Deniz Karadut ile \u015fark\u0131c\u0131 Merve \u00d6zbey\u2019in e\u015fi Kenan Ko\u00e7ak tutukland\u0131. \u00a0Kenan Ko\u00e7ak\u2019la birlikte yurt d\u0131\u015f\u0131na adam ka\u00e7\u0131rma olay\u0131na yard\u0131m eden 7 ki\u015fi tutukland\u0131.<\/p>\n<h3>KO\u00c7AK \u0130FADES\u0130NDE K\u0130\u015e\u0130 TANIMADI\u011eINI \u0130FADE ETT\u0130<\/h3>\n<p>Merve \u00d6zbey e\u015fi Kenan Ko\u00e7ak\u2019\u0131n verdi\u011fi ifade ortaya \u00e7\u0131kt\u0131. Ko\u00e7ak ifadesinde, Turan Y\u0131ld\u0131r\u0131m\u2019\u0131 tan\u0131mad\u0131\u011f\u0131n\u0131, \u00e7ocuk arkada\u015f\u0131 Ener Akta\u015f\u2019\u0131n Yunanistan\u2019a gitmek i\u00e7in davet etti\u011fini s\u00f6yledi. Yunanistan\u2019a giderken emniyet m\u00fcd\u00fcr\u00fc Mehmet Deniz Karadut\u2019un da e\u015flik etti\u011fini ve pasaportlar\u0131n\u0131 g\u00f6sterdiklerinde Turan Y\u0131ld\u0131r\u0131m\u2019\u0131n ge\u00e7emedi\u011fini ifade etmi\u015f. Kenan Ko\u00e7ak verdi\u011fi ifadenin ard\u0131ndan \u0130stanbul Adalet Saray\u0131\u2019na sevk edildi.<\/p>\n<p><img loading=\"lazy\" decoding=\"async\" class=\"alignnone wp-image-128934\" src=\"https:\/\/www.tgrthaber.com\/mavikadin\/wp-content\/uploads\/merve-ozbey-esi-kenan-kocak-ifadesi-300x169.jpg\" alt=\"merve \u00f6zbey e\u015fi kenan ko\u00e7ak ifadesi\" width=\"1208\" height=\"680\" title=\"\" srcset=\"https:\/\/www.tgrthaber.com\/mavikadin\/wp-content\/uploads\/merve-ozbey-esi-kenan-kocak-ifadesi-300x169.jpg 300w, https:\/\/www.tgrthaber.com\/mavikadin\/wp-content\/uploads\/merve-ozbey-esi-kenan-kocak-ifadesi-1024x576.jpg 1024w, https:\/\/www.tgrthaber.com\/mavikadin\/wp-content\/uploads\/merve-ozbey-esi-kenan-kocak-ifadesi-768x432.jpg 768w, https:\/\/www.tgrthaber.com\/mavikadin\/wp-content\/uploads\/merve-ozbey-esi-kenan-kocak-ifadesi-1536x864.jpg 1536w, https:\/\/www.tgrthaber.com\/mavikadin\/wp-content\/uploads\/merve-ozbey-esi-kenan-kocak-ifadesi.jpg 1920w\" sizes=\"(max-width: 1208px) 100vw, 1208px\" \/><\/p>\n<hr \/>\n<p>\u0130\u015fte Kenan Ko\u00e7ak&#8217;\u0131n verdi\u011fi ifade \u015f\u00f6yledir:<\/p>\n<p>&#8220;Olaydan bir g\u00fcn \u00f6nce arkada\u015f\u0131m Ener Akta\u015f beni arad\u0131. &#8216;Seni tatile Yunanistan&#8217;a g\u00f6t\u00fcreyim mi&#8217; dedi. Ben de olabilir dedim. Ertesi sabah Ata\u015fehir&#8217;de Ener&#8217;in evine gittim. Daha sonra a\u015fa\u011f\u0131 indik. Ener ile tan\u0131mad\u0131\u011f\u0131m Turan Y\u0131ld\u0131r\u0131m konu\u015fmaya ba\u015flad\u0131lar. Ard\u0131ndan emniyet m\u00fcd\u00fcr\u00fcn\u00fcn arabas\u0131na bindik. Ben \u00f6ne oturdum. Arkama d\u00f6n\u00fcp tan\u0131mad\u0131\u011f\u0131m Turan Y\u0131ld\u0131r\u0131m&#8217;a sordum; &#8216;sende mi bizimle geliyorsun? Pasaport vize var m\u0131?&#8217; dedim. \u0130ngiliz vizesi g\u00f6sterdi. Ard\u0131ndan \u0130psala&#8217;ya do\u011fru yola \u00e7\u0131kt\u0131k. S\u0131n\u0131ra geldik. G\u00f6revli polise evraklar\u0131m\u0131z\u0131 teslim ettik, ard\u0131ndan Yunan s\u0131n\u0131r\u0131na ge\u00e7i\u015f yapt\u0131k. Orada Yunan polisi belgelerimizi istedi, bir kez daha teslim ettik. Yunan memur benim ve Ener&#8217;in ge\u00e7ebilece\u011fini, ancak Turan Y\u0131ld\u0131r\u0131m&#8217;\u0131n ge\u00e7emeyece\u011fini s\u00f6yledi. \u00c7\u00fcnk\u00fc pasaportu kay\u0131p g\u00f6z\u00fck\u00fcyormu\u015f sistemde. Turan Y\u0131ld\u0131r\u0131m bize \u2018beni free shopa b\u0131rak\u0131n ben ara\u00e7 \u00e7a\u011f\u0131raca\u011f\u0131m&#8217; dedi ve onu oraya b\u0131rakt\u0131k.&#8221;<\/p>\n<p><img loading=\"lazy\" decoding=\"async\" class=\"alignnone wp-image-128935\" src=\"https:\/\/www.tgrthaber.com\/mavikadin\/wp-content\/uploads\/kenan-kocak-tutuklandi-300x169.jpg\" alt=\"kenan ko\u00e7ak tutukland\u0131\" width=\"1208\" height=\"680\" title=\"\" srcset=\"https:\/\/www.tgrthaber.com\/mavikadin\/wp-content\/uploads\/kenan-kocak-tutuklandi-300x169.jpg 300w, https:\/\/www.tgrthaber.com\/mavikadin\/wp-content\/uploads\/kenan-kocak-tutuklandi-1024x576.jpg 1024w, https:\/\/www.tgrthaber.com\/mavikadin\/wp-content\/uploads\/kenan-kocak-tutuklandi-768x432.jpg 768w, https:\/\/www.tgrthaber.com\/mavikadin\/wp-content\/uploads\/kenan-kocak-tutuklandi-1536x864.jpg 1536w, https:\/\/www.tgrthaber.com\/mavikadin\/wp-content\/uploads\/kenan-kocak-tutuklandi.jpg 1920w\" sizes=\"(max-width: 1208px) 100vw, 1208px\" \/><\/p>\n<hr \/>\n<h3>KENAN KO\u00c7AK TUTUKLANDI!<\/h3>\n<p>Merve \u00d6zbey\u2019in e\u015fi Kenan Ko\u00e7ak, ifadesinin ard\u0131ndan \u0130stanbul Adalet Saray\u0131na sevk edildi. stanbul Adalet Saray\u0131\u2019nda yap\u0131lan i\u015flemler sonucunda hakk\u0131nda tutuklama karar\u0131 verildi. Gazeteci Emrullah Erdin\u00e7\u2019in sosyal medyada payla\u015ft\u0131\u011f\u0131 bilgiye g\u00f6re \u0130stanbul&#8217;da &#8220;Sarallar&#8221; adl\u0131 su\u00e7 \u00f6rg\u00fct\u00fc \u00fcyesi Turan Y\u0131ld\u0131r\u0131m&#8217;\u0131n yurt d\u0131\u015f\u0131na ka\u00e7\u0131r\u0131lmas\u0131na yard\u0131m ve yatakl\u0131k etmekten Edirne&#8217;de g\u00f6revli bir 3. s\u0131n\u0131f Emniyet M\u00fcd\u00fcr\u00fc Mehmet Deniz Karakurt ve \u00fcnl\u00fc \u015fark\u0131c\u0131 Merve \u00d6zbey&#8217;in e\u015fi Kenan Ko\u00e7ak&#8217;\u0131n da aralar\u0131nda bulundu\u011fu 7 \u015f\u00fcpheli tutukland\u0131.<\/p>\n","protected":false},"excerpt":{"rendered":"<p>Sarallar su\u00e7 \u00f6rg\u00fct\u00fcne ba\u011fl\u0131 ki\u015finin ka\u00e7mas\u0131na yard\u0131m etti\u011fi gerek\u00e7esiyle 7 ki\u015fi tutukland\u0131. Tutuklananlar\u0131n aras\u0131nda \u00fcnl\u00fc \u015fark\u0131c\u0131 Merve \u00d6zbey\u2019in e\u015fi Kenan Ko\u00e7ak\u2019ta yer al\u0131yor. <\/p>\n","protected":false},"author":10,"featured_media":128936,"comment_status":"closed","ping_status":"closed","sticky":false,"template":"","format":"standard","meta":{"rank_math_lock_modified_date":false,"footnotes":""},"categories":[76],"tags":[9815,9816,9631,9814],"class_list":["post-128933","post","type-post","status-publish","format-standard","has-post-thumbnail","hentry","category-magazin","tag-kenan-kocak","tag-kenan-kocak-tutuklandi","tag-merve-ozbey","tag-merve-ozbey-in-esi-kenan-kocak"],"_links":{"self":[{"href":"https:\/\/www.tgrthaber.com\/mavikadin\/wp-json\/wp\/v2\/posts\/128933"}],"collection":[{"href":"https:\/\/www.tgrthaber.com\/mavikadin\/wp-json\/wp\/v2\/posts"}],"about":[{"href":"https:\/\/www.tgrthaber.com\/mavikadin\/wp-json\/wp\/v2\/types\/post"}],"author":[{"embeddable":true,"href":"https:\/\/www.tgrthaber.com\/mavikadin\/wp-json\/wp\/v2\/users\/10"}],"replies":[{"embeddable":true,"href":"https:\/\/www.tgrthaber.com\/mavikadin\/wp-json\/wp\/v2\/comments?post=128933"}],"version-history":[{"count":2,"href":"https:\/\/www.tgrthaber.com\/mavikadin\/wp-json\/wp\/v2\/posts\/128933\/revisions"}],"predecessor-version":[{"id":128939,"href":"https:\/\/www.tgrthaber.com\/mavikadin\/wp-json\/wp\/v2\/posts\/128933\/revisions\/128939"}],"wp:featuredmedia":[{"embeddable":true,"href":"https:\/\/www.tgrthaber.com\/mavikadin\/wp-json\/wp\/v2\/media\/128936"}],"wp:attachment":[{"href":"https:\/\/www.tgrthaber.com\/mavikadin\/wp-json\/wp\/v2\/media?parent=128933"}],"wp:term":[{"taxonomy":"category","embeddable":true,"href":"https:\/\/www.tgrthaber.com\/mavikadin\/wp-json\/wp\/v2\/categories?post=128933"},{"taxonomy":"post_tag","embeddable":true,"href":"https:\/\/www.tgrthaber.com\/mavikadin\/wp-json\/wp\/v2\/tags?post=128933"}],"curies":[{"name":"wp","href":"https:\/\/api.w.org\/{rel}","templated":true}]}}