{"id":128937,"date":"2025-02-03T23:13:14","date_gmt":"2025-02-03T20:13:14","guid":{"rendered":"https:\/\/www.tgrthaber.com\/mavikadin\/?p=128937"},"modified":"2025-02-04T08:51:45","modified_gmt":"2025-02-04T05:51:45","slug":"david-beckham-ve-oglu-romeo-istanbulu-gezdi-kapali-carsi-ve-besiktas-ziyareti-dikkat-cekti","status":"publish","type":"post","link":"https:\/\/www.tgrthaber.com\/mavikadin\/david-beckham-ve-oglu-romeo-istanbulu-gezdi-kapali-carsi-ve-besiktas-ziyareti-dikkat-cekti\/","title":{"rendered":"David Beckham ve o\u011flu Romeo \u0130stanbul\u2019u gezdi! Kapal\u0131 \u00c7ar\u015f\u0131 ve Be\u015fikta\u015f ziyareti dikkat \u00e7ekti!"},"content":{"rendered":"<p class=\"p1\">D\u00fcnyaca \u00fcnl\u00fc eski futbolcu David Beckham, o\u011flu Romeo Beckham ve Romeo\u2019nun sevgilisi Gray Sorrenti ile birlikte \u0130stanbul\u2019a geldi. Beckham\u2019\u0131n ziyareti b\u00fcy\u00fck ilgi \u00e7ekerken, Be\u015fikta\u015f Kad\u0131n Futbol Tak\u0131m\u0131 oyuncular\u0131yla bir araya gelmesi futbolseverleri heyecanland\u0131rd\u0131.<\/p>\n<h3 class=\"p1\"><b>BE\u015e\u0130KTA\u015e KADIN FUTBOL TAKIMI&#8217;YLA BULU\u015eTU<\/b><\/h3>\n<p class=\"p1\">Habert\u00fcrk\u2019\u00fcn haberine g\u00f6re, David Beckham, \u0130stanbul ziyaretinde Be\u015fikta\u015f Kad\u0131n Futbol Tak\u0131m\u0131 oyuncular\u0131yla bulu\u015ftu. Efsane futbolcu, tak\u0131m oyuncular\u0131yla foto\u011fraf \u00e7ektirip imza da\u011f\u0131tt\u0131. Ziyaret s\u0131ras\u0131nda sporcularla sohbet eden Beckham, futbol hakk\u0131nda g\u00f6r\u00fc\u015flerini payla\u015farak gen\u00e7 yeteneklere ilham verdi.<\/p>\n<p><img loading=\"lazy\" decoding=\"async\" class=\"alignnone wp-image-128941 \" src=\"https:\/\/www.tgrthaber.com\/mavikadin\/wp-content\/uploads\/Ekran-Resmi-2025-02-03-23.07.21.png\" alt=\"\" width=\"940\" height=\"980\" title=\"\" srcset=\"https:\/\/www.tgrthaber.com\/mavikadin\/wp-content\/uploads\/Ekran-Resmi-2025-02-03-23.07.21.png 650w, https:\/\/www.tgrthaber.com\/mavikadin\/wp-content\/uploads\/Ekran-Resmi-2025-02-03-23.07.21-288x300.png 288w\" sizes=\"(max-width: 940px) 100vw, 940px\" \/><\/p>\n<hr \/>\n<h3 class=\"p1\"><b>ROMEO BECKHAM VE SEVG\u0130L\u0130S\u0130&#8217;DE \u0130STANBUL TURU&#8217;NDA<\/b><b><\/b><\/h3>\n<p class=\"p1\">David Beckham\u2019\u0131n o\u011flu Romeo Beckham ve sevgilisi Gray Sorrenti, \u0130stanbul\u2019un tarihi ve turistik yerlerini gezdi. Tarihi Yar\u0131mada\u2019da vakit ge\u00e7iren \u00e7ift, Kapal\u0131 \u00c7ar\u015f\u0131\u2019y\u0131 ziyaret etti. Romeo Beckham, T\u00fcrk bayrakl\u0131 bir payla\u015f\u0131m yaparak \u0130stanbul ziyaretine dair foto\u011fraflar\u0131n\u0131 takip\u00e7ileriyle payla\u015ft\u0131.<\/p>\n<p><img loading=\"lazy\" decoding=\"async\" class=\"alignnone wp-image-128942 \" src=\"https:\/\/www.tgrthaber.com\/mavikadin\/wp-content\/uploads\/Ekran-Resmi-2025-02-03-23.07.27.png\" alt=\"\" width=\"944\" height=\"1216\" title=\"\" srcset=\"https:\/\/www.tgrthaber.com\/mavikadin\/wp-content\/uploads\/Ekran-Resmi-2025-02-03-23.07.27.png 534w, https:\/\/www.tgrthaber.com\/mavikadin\/wp-content\/uploads\/Ekran-Resmi-2025-02-03-23.07.27-233x300.png 233w\" sizes=\"(max-width: 944px) 100vw, 944px\" \/><\/p>\n<hr \/>\n<h3 class=\"p1\"><b>\u0130STANBUL TURU SOSYAL MEDYADA DA \u0130LG\u0130 G\u00d6RD\u00dc<\/b><\/h3>\n<p class=\"p1\">Beckham ailesinin \u0130stanbul turu, sosyal medyada b\u00fcy\u00fck ilgi g\u00f6rd\u00fc. Romeo Beckham\u2019\u0131n Kapal\u0131 \u00c7ar\u015f\u0131\u2019dan yapt\u0131\u011f\u0131 payla\u015f\u0131mlar, takip\u00e7ileri taraf\u0131ndan be\u011feni ya\u011fmuruna tutuldu. David Beckham\u2019\u0131n T\u00fcrkiye ziyareti s\u0131ras\u0131nda ba\u015fka hangi etkinliklere kat\u0131laca\u011f\u0131 ise merak konusu oldu.<\/p>\n<p><img loading=\"lazy\" decoding=\"async\" class=\"alignnone wp-image-128943 \" src=\"https:\/\/www.tgrthaber.com\/mavikadin\/wp-content\/uploads\/Ekran-Resmi-2025-02-03-23.07.33.png\" alt=\"\" width=\"938\" height=\"1195\" title=\"\" srcset=\"https:\/\/www.tgrthaber.com\/mavikadin\/wp-content\/uploads\/Ekran-Resmi-2025-02-03-23.07.33.png 540w, https:\/\/www.tgrthaber.com\/mavikadin\/wp-content\/uploads\/Ekran-Resmi-2025-02-03-23.07.33-235x300.png 235w\" sizes=\"(max-width: 938px) 100vw, 938px\" \/><\/p>\n<hr \/>\n<h3>DAV\u0130D BECKHAM K\u0130MD\u0130R, KA\u00c7 YA\u015eINDA?<\/h3>\n<p class=\"p1\">David Beckham, 2 May\u0131s 1975\u2019te Londra\u2019n\u0131n Leytonstone b\u00f6lgesinde d\u00fcnyaya geldi. K\u00fc\u00e7\u00fck ya\u015flardan itibaren futbola olan tutkusuyla bilinen Beckham, kariyerine Manchester United altyap\u0131s\u0131nda ba\u015flad\u0131 ve k\u0131sa s\u00fcrede b\u00fcy\u00fck bir \u00e7\u0131k\u0131\u015f yakalad\u0131. Babas\u0131 Ted Beckham mutfak tesisat\u00e7\u0131s\u0131, annesi Sandra ise kuaf\u00f6rd\u00fc. \u00c7ocukluk y\u0131llar\u0131nda Ridgeway Park\u2019ta futbol oynayan Beckham, e\u011fitimini Chase Lane \u0130lkokulu ve Chingford Vak\u0131f Okulu\u2019nda tamamlad\u0131.<\/p>\n<p class=\"p1\">Kariyerinde Manchester United, Real Madrid, LA Galaxy, Milan ve Paris Saint-Germain gibi dev kul\u00fcplerde forma giydi. Sahadaki \u00fcst\u00fcn yetenekleri ve karizmatik duru\u015fuyla dikkat \u00e7eken Beckham, \u0130ngiltere Milli Tak\u0131m\u0131\u2019n\u0131n da kaptanl\u0131\u011f\u0131n\u0131 yapt\u0131. \u00d6zellikle frikik vuru\u015flar\u0131 ve oyun zek\u00e2s\u0131yla futbol d\u00fcnyas\u0131nda b\u00fcy\u00fck bir iz b\u0131rakt\u0131.<\/p>\n<p><img loading=\"lazy\" decoding=\"async\" class=\"alignnone wp-image-128944 size-full\" src=\"https:\/\/www.tgrthaber.com\/mavikadin\/wp-content\/uploads\/Ekran-Resmi-2025-02-03-23.09.38.png\" alt=\"\" width=\"962\" height=\"574\" title=\"\" srcset=\"https:\/\/www.tgrthaber.com\/mavikadin\/wp-content\/uploads\/Ekran-Resmi-2025-02-03-23.09.38.png 962w, https:\/\/www.tgrthaber.com\/mavikadin\/wp-content\/uploads\/Ekran-Resmi-2025-02-03-23.09.38-300x179.png 300w, https:\/\/www.tgrthaber.com\/mavikadin\/wp-content\/uploads\/Ekran-Resmi-2025-02-03-23.09.38-768x458.png 768w\" sizes=\"(max-width: 962px) 100vw, 962px\" \/><\/p>\n<hr \/>\n<p class=\"p1\">Futbol kariyerinin ard\u0131ndan i\u015f d\u00fcnyas\u0131na ad\u0131m atan Beckham, moda ve spor sekt\u00f6rlerinde \u00f6nemli projelere imza att\u0131. Aile hayat\u0131nda da s\u0131k\u00e7a g\u00fcndeme gelen Beckham, 1999 y\u0131l\u0131nda \u00fcnl\u00fc \u015fark\u0131c\u0131 Victoria Beckham ile evlendi. \u00c7iftin Brooklyn, Romeo, Cruz ve Harper ad\u0131nda d\u00f6rt \u00e7ocu\u011fu bulunuyor. Futboldan emekli olmas\u0131na ra\u011fmen, Beckham h\u00e2l\u00e2 spor d\u00fcnyas\u0131n\u0131n en \u00e7ok konu\u015fulan isimlerinden biri olmaya devam ediyor.<\/p>\n","protected":false},"excerpt":{"rendered":"<p>D\u00fcnyaca \u00fcnl\u00fc eski futbolcu David Beckham, o\u011flu Romeo Beckham ve Romeo\u2019nun sevgilisi Gray Sorrenti ile birlikte \u0130stanbul\u2019a geldi. \u015eehirde keyifli vakit ge\u00e7iren Beckham, Be\u015fikta\u015f Kad\u0131n Futbol Tak\u0131m\u0131 ile bulu\u015farak futbolseverleri heyecanland\u0131rd\u0131. Romeo Beckham ve sevgilisi ise tarihi yar\u0131maday\u0131 gezdi.<\/p>\n","protected":false},"author":16,"featured_media":128945,"comment_status":"closed","ping_status":"closed","sticky":false,"template":"","format":"standard","meta":{"rank_math_lock_modified_date":false,"footnotes":""},"categories":[76],"tags":[9817,9819,9818],"class_list":["post-128937","post","type-post","status-publish","format-standard","has-post-thumbnail","hentry","category-magazin","tag-david-beckham-istanbul-turu","tag-david-beckham-kimdir","tag-david-beckham-oglu-romeo-istanbul-turu"],"_links":{"self":[{"href":"https:\/\/www.tgrthaber.com\/mavikadin\/wp-json\/wp\/v2\/posts\/128937"}],"collection":[{"href":"https:\/\/www.tgrthaber.com\/mavikadin\/wp-json\/wp\/v2\/posts"}],"about":[{"href":"https:\/\/www.tgrthaber.com\/mavikadin\/wp-json\/wp\/v2\/types\/post"}],"author":[{"embeddable":true,"href":"https:\/\/www.tgrthaber.com\/mavikadin\/wp-json\/wp\/v2\/users\/16"}],"replies":[{"embeddable":true,"href":"https:\/\/www.tgrthaber.com\/mavikadin\/wp-json\/wp\/v2\/comments?post=128937"}],"version-history":[{"count":1,"href":"https:\/\/www.tgrthaber.com\/mavikadin\/wp-json\/wp\/v2\/posts\/128937\/revisions"}],"predecessor-version":[{"id":128946,"href":"https:\/\/www.tgrthaber.com\/mavikadin\/wp-json\/wp\/v2\/posts\/128937\/revisions\/128946"}],"wp:featuredmedia":[{"embeddable":true,"href":"https:\/\/www.tgrthaber.com\/mavikadin\/wp-json\/wp\/v2\/media\/128945"}],"wp:attachment":[{"href":"https:\/\/www.tgrthaber.com\/mavikadin\/wp-json\/wp\/v2\/media?parent=128937"}],"wp:term":[{"taxonomy":"category","embeddable":true,"href":"https:\/\/www.tgrthaber.com\/mavikadin\/wp-json\/wp\/v2\/categories?post=128937"},{"taxonomy":"post_tag","embeddable":true,"href":"https:\/\/www.tgrthaber.com\/mavikadin\/wp-json\/wp\/v2\/tags?post=128937"}],"curies":[{"name":"wp","href":"https:\/\/api.w.org\/{rel}","templated":true}]}}