{"id":128953,"date":"2025-02-03T23:44:24","date_gmt":"2025-02-03T20:44:24","guid":{"rendered":"https:\/\/www.tgrthaber.com\/mavikadin\/?p=128953"},"modified":"2025-02-04T08:51:27","modified_gmt":"2025-02-04T05:51:27","slug":"melisa-sozene-ifade-soku-2015-yapimi-dizideki-rolu-nedeniyle-sorgulandi","status":"publish","type":"post","link":"https:\/\/www.tgrthaber.com\/mavikadin\/melisa-sozene-ifade-soku-2015-yapimi-dizideki-rolu-nedeniyle-sorgulandi\/","title":{"rendered":"Melisa S\u00f6zen\u2019e ifade \u015foku! 2015 yap\u0131m\u0131 dizideki rol\u00fc nedeniyle sorguland\u0131"},"content":{"rendered":"<p class=\"p1\">\u00dcnl\u00fc oyuncu Melisa S\u00f6zen, 2015 y\u0131l\u0131nda rol ald\u0131\u011f\u0131 Frans\u0131z yap\u0131m\u0131 bir dizi nedeniyle ifade verdi. S\u00f6zen, dizide oynad\u0131\u011f\u0131 karakterin ter\u00f6r \u00f6rg\u00fct\u00fcyle ili\u015fkilendirilmesi \u00fczerine emniyete \u00e7a\u011fr\u0131ld\u0131.<b><\/b><\/p>\n<h3 class=\"p1\"><b>FRANSIZ YAPIMI D\u0130Z\u0130DEK\u0130 ROL\u00dc NEDEN\u0130YLE \u0130FADE VERD\u0130\u00a0<\/b><b><\/b><\/h3>\n<p class=\"p1\">Ba\u015far\u0131l\u0131 oyuncu Melisa S\u00f6zen, 2015 y\u0131l\u0131nda Fransa\u2019da \u00e7ekilen <i>Le Bureau des L\u00e9gendes<\/i> dizisinin \u00fc\u00e7\u00fcnc\u00fc sezonunda yer alm\u0131\u015ft\u0131. S\u00f6zen\u2019in oynad\u0131\u011f\u0131 karakterin ter\u00f6r \u00f6rg\u00fct\u00fc YPJ \u00fcyesi oldu\u011fu iddialar\u0131 \u00fczerine yurt d\u0131\u015f\u0131 d\u00f6n\u00fc\u015f\u00fcnde emniyete \u00e7a\u011fr\u0131larak ifadesi al\u0131nd\u0131.<\/p>\n<p><img loading=\"lazy\" decoding=\"async\" class=\"alignnone wp-image-128954 size-large\" src=\"https:\/\/www.tgrthaber.com\/mavikadin\/wp-content\/uploads\/Ekran-Resmi-2025-02-03-23.40.18-1024x598.png\" alt=\"\" width=\"1024\" height=\"598\" title=\"\" srcset=\"https:\/\/www.tgrthaber.com\/mavikadin\/wp-content\/uploads\/Ekran-Resmi-2025-02-03-23.40.18-1024x598.png 1024w, https:\/\/www.tgrthaber.com\/mavikadin\/wp-content\/uploads\/Ekran-Resmi-2025-02-03-23.40.18-300x175.png 300w, https:\/\/www.tgrthaber.com\/mavikadin\/wp-content\/uploads\/Ekran-Resmi-2025-02-03-23.40.18-768x449.png 768w, https:\/\/www.tgrthaber.com\/mavikadin\/wp-content\/uploads\/Ekran-Resmi-2025-02-03-23.40.18.png 1184w\" sizes=\"(max-width: 1024px) 100vw, 1024px\" \/><\/p>\n<hr \/>\n<h3 class=\"p1\"><b>&#8221;TER\u00d6R \u00d6RG\u00dcT\u00dcN\u00dc S\u0130MGELED\u0130\u011e\u0130N\u0130 B\u0130LM\u0130YORDUM&#8221;<\/b><b><\/b><\/h3>\n<p class=\"p1\">\u0130fadesinde, dizide ajan rol\u00fcn\u00fc oynad\u0131\u011f\u0131n\u0131 belirten S\u00f6zen, \u201cGiydi\u011fim k\u0131yafetin herhangi bir \u00f6rg\u00fct\u00fc simgeledi\u011fini bilmiyordum. Dizi T\u00fcrkiye\u2019de yay\u0131nlanmad\u0131. Vatan\u0131n\u0131 seven biriyim, b\u00f6yle bir \u015feyin i\u00e7inde asla yer almazd\u0131m\u201d \u015feklinde konu\u015ftu.<\/p>\n<h3 class=\"p1\"><b>EMN\u0130YETTEN A\u00c7IKLAMA: G\u00d6ZALTI \u0130\u015eLEM\u0130 YOK <\/b><\/h3>\n<p class=\"p1\">Emniyet kaynaklar\u0131, Melisa S\u00f6zen hakk\u0131nda g\u00f6zalt\u0131 i\u015flemi yap\u0131lmad\u0131\u011f\u0131n\u0131 ve yaln\u0131zca ifadesinin al\u0131nd\u0131\u011f\u0131n\u0131 a\u00e7\u0131klad\u0131. S\u00f6zen\u2019in rol ald\u0131\u011f\u0131 sahnelerin incelendi\u011fi ve herhangi bir su\u00e7 unsuru olup olmad\u0131\u011f\u0131n\u0131n de\u011ferlendirildi\u011fi belirtilirken, oyuncunun ifadeye \u00e7a\u011fr\u0131lmas\u0131n\u0131n ard\u0131ndan serbest b\u0131rak\u0131ld\u0131\u011f\u0131 ifade edildi.<\/p>\n<p><img loading=\"lazy\" decoding=\"async\" class=\"alignnone wp-image-128955 size-full\" src=\"https:\/\/www.tgrthaber.com\/mavikadin\/wp-content\/uploads\/Ekran-Resmi-2025-02-03-23.41.39.png\" alt=\"\" width=\"974\" height=\"598\" title=\"\" srcset=\"https:\/\/www.tgrthaber.com\/mavikadin\/wp-content\/uploads\/Ekran-Resmi-2025-02-03-23.41.39.png 974w, https:\/\/www.tgrthaber.com\/mavikadin\/wp-content\/uploads\/Ekran-Resmi-2025-02-03-23.41.39-300x184.png 300w, https:\/\/www.tgrthaber.com\/mavikadin\/wp-content\/uploads\/Ekran-Resmi-2025-02-03-23.41.39-768x472.png 768w\" sizes=\"(max-width: 974px) 100vw, 974px\" \/><\/p>\n<hr \/>\n<h3>MEL\u0130SA S\u00d6ZEN K\u0130MD\u0130R?<\/h3>\n<p class=\"p1\">6 Temmuz 1985\u2019te \u0130stanbul\u2019da do\u011fan Melisa S\u00f6zen, Pera G\u00fczel Sanatlar Lisesi Tiyatro B\u00f6l\u00fcm\u00fc\u2019nden mezun olduktan sonra profesyonel oyunculuk kariyerine ad\u0131m att\u0131. \u00c7e\u015fitli tiyatro oyunlar\u0131, sinema filmleri ve televizyon dizilerinde yer alan S\u00f6zen, k\u0131sa s\u00fcrede dikkatleri \u00fczerine \u00e7ekti. 2004-2005 y\u0131llar\u0131 aras\u0131nda \u00c7a\u011fan Irmak\u2019\u0131n y\u00f6netti\u011fi <i>\u00c7emberimde G\u00fcl Oya<\/i> dizisinde Feriha karakterini oynayarak geni\u015f kitleler taraf\u0131ndan tan\u0131nd\u0131.<\/p>\n<p><img loading=\"lazy\" decoding=\"async\" class=\"alignnone wp-image-128956 size-large\" src=\"https:\/\/www.tgrthaber.com\/mavikadin\/wp-content\/uploads\/Ekran-Resmi-2025-02-03-23.41.47-1024x668.png\" alt=\"\" width=\"1024\" height=\"668\" title=\"\" srcset=\"https:\/\/www.tgrthaber.com\/mavikadin\/wp-content\/uploads\/Ekran-Resmi-2025-02-03-23.41.47-1024x668.png 1024w, https:\/\/www.tgrthaber.com\/mavikadin\/wp-content\/uploads\/Ekran-Resmi-2025-02-03-23.41.47-300x196.png 300w, https:\/\/www.tgrthaber.com\/mavikadin\/wp-content\/uploads\/Ekran-Resmi-2025-02-03-23.41.47-768x501.png 768w, https:\/\/www.tgrthaber.com\/mavikadin\/wp-content\/uploads\/Ekran-Resmi-2025-02-03-23.41.47.png 1060w\" sizes=\"(max-width: 1024px) 100vw, 1024px\" \/><\/p>\n<hr \/>\n<p class=\"p1\">2009 y\u0131l\u0131nda <i>Bir Bulut Olsam<\/i> dizisinde Narin Bulut karakteriyle dikkat \u00e7ekti.<span class=\"Apple-converted-space\">\u00a0 <\/span>2014 y\u0131l\u0131nda ise Nuri Bilge Ceylan\u2019\u0131n Alt\u0131n Palmiye \u00f6d\u00fcll\u00fc filmi <i>K\u0131\u015f Uykusu<\/i>nda Nihal rol\u00fcyle ba\u015far\u0131l\u0131 bir performans sergiledi. 2012-2013 y\u0131llar\u0131nda <i>\u015eubat<\/i> dizisinde Ya\u011fmur ve Sabah karakterlerini oynayan S\u00f6zen, 2015 y\u0131l\u0131nda <i>Be\u015f Karde\u015f<\/i> dizisinde rol ald\u0131. Tiyatro sahnesinde de ad\u0131ndan s\u00f6z ettiren oyuncu, <i>Kalp D\u00fc\u011f\u00fcm\u00fc<\/i> adl\u0131 oyunda performans sergiledi. 2023 y\u0131l\u0131nda Perihan Ma\u011fden\u2019in <i>Biz Kimden Ka\u00e7\u0131yorduk Anne?<\/i> adl\u0131 roman\u0131ndan uyarlanan dizide ba\u015frol oynayan S\u00f6zen, kariyerine ba\u015far\u0131l\u0131 projelerle devam ediyor.<\/p>\n","protected":false},"excerpt":{"rendered":"<p>Ba\u015far\u0131l\u0131 oyuncu Melisa S\u00f6zen, 2015 y\u0131l\u0131nda rol ald\u0131\u011f\u0131 Frans\u0131z yap\u0131m\u0131 bir dizi nedeniyle emniyette ifade verdi. S\u00f6zen\u2019in oynad\u0131\u011f\u0131 karakterin ter\u00f6r \u00f6rg\u00fct\u00fcyle ili\u015fkilendirilmesi \u00fczerine ifadeye \u00e7a\u011fr\u0131ld\u0131\u011f\u0131 \u00f6\u011frenildi.<\/p>\n","protected":false},"author":16,"featured_media":128957,"comment_status":"closed","ping_status":"closed","sticky":false,"template":"","format":"standard","meta":{"rank_math_lock_modified_date":false,"footnotes":""},"categories":[76],"tags":[9821,9822],"class_list":["post-128953","post","type-post","status-publish","format-standard","has-post-thumbnail","hentry","category-magazin","tag-melisa-sozen-ifade","tag-melisa-sozen-kimdir"],"_links":{"self":[{"href":"https:\/\/www.tgrthaber.com\/mavikadin\/wp-json\/wp\/v2\/posts\/128953"}],"collection":[{"href":"https:\/\/www.tgrthaber.com\/mavikadin\/wp-json\/wp\/v2\/posts"}],"about":[{"href":"https:\/\/www.tgrthaber.com\/mavikadin\/wp-json\/wp\/v2\/types\/post"}],"author":[{"embeddable":true,"href":"https:\/\/www.tgrthaber.com\/mavikadin\/wp-json\/wp\/v2\/users\/16"}],"replies":[{"embeddable":true,"href":"https:\/\/www.tgrthaber.com\/mavikadin\/wp-json\/wp\/v2\/comments?post=128953"}],"version-history":[{"count":3,"href":"https:\/\/www.tgrthaber.com\/mavikadin\/wp-json\/wp\/v2\/posts\/128953\/revisions"}],"predecessor-version":[{"id":128960,"href":"https:\/\/www.tgrthaber.com\/mavikadin\/wp-json\/wp\/v2\/posts\/128953\/revisions\/128960"}],"wp:featuredmedia":[{"embeddable":true,"href":"https:\/\/www.tgrthaber.com\/mavikadin\/wp-json\/wp\/v2\/media\/128957"}],"wp:attachment":[{"href":"https:\/\/www.tgrthaber.com\/mavikadin\/wp-json\/wp\/v2\/media?parent=128953"}],"wp:term":[{"taxonomy":"category","embeddable":true,"href":"https:\/\/www.tgrthaber.com\/mavikadin\/wp-json\/wp\/v2\/categories?post=128953"},{"taxonomy":"post_tag","embeddable":true,"href":"https:\/\/www.tgrthaber.com\/mavikadin\/wp-json\/wp\/v2\/tags?post=128953"}],"curies":[{"name":"wp","href":"https:\/\/api.w.org\/{rel}","templated":true}]}}